{"id":51577,"date":"2025-06-24T11:08:15","date_gmt":"2025-06-24T09:08:15","guid":{"rendered":"https:\/\/edublog.educastur.es\/ixuxu\/?p=51577"},"modified":"2025-06-24T11:17:32","modified_gmt":"2025-06-24T09:17:32","slug":"uvieu-ta-de-moda-pa-vivir","status":"publish","type":"post","link":"https:\/\/edublog.educastur.es\/ixuxu\/2025\/06\/uvieu-ta-de-moda-pa-vivir\/","title":{"rendered":"Uvi\u00e9u ta de moda pa vivir"},"content":{"rendered":"<ul>\n<li>Fonte: <a href=\"https:\/\/www.lne.es\/oviedo\/2025\/06\/24\/oviedo-moda-vivir-ano-pasado-118988475.html?utm_content=imagen&amp;utm_medium=social&amp;utm_campaign=echobox&amp;utm_source=Facebook#Echobox=1750750309\">LNE<\/a> \/<\/li>\n<\/ul>\n<p style=\"text-align: center\"><a href=\"https:\/\/estaticos-cdn.prensaiberica.es\/clip\/949e364c-042b-4d65-8cda-9f2759a5a282_16-9-discover-aspect-ratio_default_0.webp\"><img loading=\"lazy\" decoding=\"async\" class=\"aligncenter size-large\" src=\"https:\/\/estaticos-cdn.prensaiberica.es\/clip\/949e364c-042b-4d65-8cda-9f2759a5a282_16-9-discover-aspect-ratio_default_0.webp\" width=\"1200\" height=\"675\" \/><\/a><\/p>\n<p>Uvi\u00e9u ta de moda. Siquier eso canten los n\u00famberos. La memoria del serviciu municipal d&#8217;Estad\u00edstica reflexa que<span style=\"color: #008080\"><strong> l&#8217;a\u00f1u pas\u00e1u camudarense a la capital del Princip\u00e1u m\u00e1s xente que nunca<\/strong><\/span>. El padr\u00f3n rexistr\u00f3 nel \u00faltimu exerciciu completu 14.749 altes, una cifra ensin precedentes que pulveriz\u00f3 l&#8217;anterior techu de la serie hist\u00f3rica, marc\u00e1u en 2007, cuando se contabilizaron 13.332 nuevos vecinos. La capital suma ya 226.773 empadronaos. <a href=\"https:\/\/www.lne.es\/oviedo\/2025\/06\/16\/oviedo-record-record-poblacion-420-118658486.html\"><strong>La Corredoria, el barriu m\u00e1s populosu, con 20.248 habitantes.<\/strong><\/a><\/p>\n<p><!--more--><\/p>\n<p>Descontando les 10.698 baxes contabilizaes por distintos motivos (mudances, fallecimientos&#8230;), la ciud\u00e1 gan\u00f3 en solu dolce meses 4.051 vecinos, lo que supunxo<span style=\"color: #008080\"><strong> la segunda crecedera demogr\u00e1fica m\u00e1s altu de la hestoria<\/strong><\/span>, solo super\u00e1u polos 4.133 habitantes ganaos fai 18 a\u00f1os, xusto primero qu&#8217;esplotara la burbuya inmobiliaria. Esta medr\u00eda dex\u00f3 qu&#8217;Uvi\u00e9u algamara en febreru&#8217;l so r\u00e9cord hist\u00f3ricu de poblaci\u00f3n, 226.147 habitantes.<\/p>\n<p>La imaxe d&#8217;Uvi\u00e9u como \u00abciud\u00e1 de les oportunidaes\u00bb paez dir m\u00e1s all\u00e1 d&#8217;esti lema col que l&#8217;Alcalde, Alfredo Canteli, llantose en Madrid el pas\u00e1u 9 de xunu para estrenar una campa\u00f1a promocional nos autobuses urbanos de la capital del reinu <strong>coles mires d&#8217;atraer turismu, activid\u00e1 ya inversiones.<\/strong><\/p>\n<p>Estad\u00edstica destaca que cada vez son m\u00e1s los madrilanos que deciden camudase a Uvi\u00e9u. En concretu, l&#8217;a\u00f1u pas\u00e1u fueron 845, frente a los 581 carbayones que s&#8217;empadronaron en Madrid, lo que dexa un saldu positivu de 264 nuevos vecinos, bien allo\u00f1\u00e1u de los n\u00famberos de finales de la d\u00e9cada pasada, na que&#8217;l saldu yera favorable para Madrid n&#8217;una media averada de 200 habitantes al a\u00f1u. <strong>L&#8217;aumentu del teletrabayu, el potencial del tir\u00f3n tur\u00edsticu para dar a conocer la calid\u00e1 de vida de la ciud\u00e1 y el bon momentu del merc\u00e1u llaboral son les claves que tar\u00eden detr\u00e1s d&#8217;esti camb\u00e9u d&#8217;encl\u00edn.<\/strong><\/p>\n<p>Uvi\u00e9u ta ganando aceptaci\u00f3n tantu ente los estranxeros como ente la poblaci\u00f3n d&#8217;otres rexones espa\u00f1oles. En total, llegaron al coraz\u00f3n del Princip\u00e1u 4.701 persones d&#8217;otres autonom\u00edes a lo llargo del pas\u00e1u a\u00f1u. El mayor desembarco lleg\u00f3 dende Madrid, con 845 mudances nunca antes algamaes desque&#8217;l serviciu d&#8217;Estad\u00edstica publica memories a\u00f1ales. Sicas\u00ed, l&#8217;encl\u00edn positivu y\u00e1 empez\u00f3 en 2023, cola mudanza de 795 nuevos vecinos dende la capital espa\u00f1ola, frente a los 606 vecinos d&#8217;Uvi\u00e9u que buscaron un futuru meyor en tierres madrilanes.<\/p>\n<p>Sicas\u00ed, la mayor\u00eda d&#8217;eses altes correspondieron a persones llegaes d&#8217;otros pa\u00edses. En total, fueron 5.311 <strong>los nuevos vecinos d&#8217;orixe estranxeru d&#8217;Uvi\u00e9u, de los que m\u00e1s de 906 llegaron dende Colombia, 550 de Venezuela y 384 de Cuba.<\/strong> \u00abLa situaci\u00f3n xeopol\u00edtica d&#8217;esos pa\u00edses ta siendo determinante por que munchos busquen un futuru n&#8217;Espa\u00f1a y Uvi\u00e9u ye xuna bona elecci\u00f3n\u00bb, coinciden dende&#8217;l Conceyu.<\/p>\n<p>A nivel internu d&#8217;Asturies, el pas\u00e1u a\u00f1u llegaron a vivir a Uvi\u00e9u 585 persones qu&#8217;hasta ent\u00f3s taben afincaes en Xix\u00f3n y 492 procedentes de Siero.<\/p>\n<p><em>Uvi\u00e9u, de r\u00e9cord en r\u00e9cord de poblaci\u00f3n: <\/em><em>420 habitantes m\u00e1s dende marzu y <\/em><em>estos tr\u00e9s barrios crecen m\u00e1s que neng\u00fan<\/em><\/p>\n<p>El tir\u00f3n demogr\u00e1ficu d&#8217;Uvi\u00e9u sigue ensin tocar techu. La capital del Princip\u00e1u cerr\u00f3 mayu con 226.773 vecinos, un nuevu r\u00e9cord hist\u00f3ricu, dempu\u00e9s de sumar 420 empadronaos desque&#8217;l pas\u00e1u 31 de marzu estableciera la so \u00faltima plusmarca de tolos tiempos. La mayor parte d&#8217;esti tir\u00f3n poblacional d\u00e9bese a la llegada de nuevos residentes nac\u00edos n&#8217;otros pa\u00edses.<\/p>\n<p>Los datos publicaos el 31 de mayu pol padr\u00f3n municipal evidencien una medr\u00eda desigual nos distintos barrios de la ciud\u00e1. En concretu, reflexen que la \u00e1rea centro-norte lider\u00f3 la llegada de nuevos vecinos, con 86 empadronaos m\u00e1s qu&#8217;en marzu, anque tami\u00e9n destaca la medr\u00eda de Ventanielles, a l&#8217;alza tres les reformes del bulevar de Santullano y el Palaciu de los Deportes, que suma 80 residentes, ente que Pumar\u00edn, Buenavista y La Florida consiguen engordar el so padr\u00f3n en 70, 43 y 33 persones, respectivamente.<\/p>\n<p><a href=\"https:\/\/www.lne.es\/oviedo\/2025\/06\/16\/oviedo-record-record-poblacion-420-118658486.html\"><strong>La Corredoria, el barriu m\u00e1s populosu<\/strong>.<\/a> La Corredoria tami\u00e9n encontia&#8217;l so t\u00edtulu de barriu m\u00e1s populosu d&#8217;Uvi\u00e9u. F\u00edzose con 24 habitantes m\u00e1s, algamando los 20.248 y amenaciando con siguir ganando poblaci\u00f3n.<\/p>\n<p>Nel llau opuestu as\u00edtiase La Tenderina-Fozaneldi, onde se perdieron 37 vecinos en dos meses. Tami\u00e9n vuelve cayer el parque d&#8217;Iviernu, una de les zones m\u00e1s avieyaes del cascu urbanu, onde se perdieron 19 empadronaos. Pando, con nueve persones menos, y Olloniego, La Manxoya y el centru-esti, pierden la llixera cifra de siete habitantes nel mesmu periodu.<\/p>\n<p><strong>Colonia estranxera creciente<\/strong> Lo que nun para de crecer ye la colonia estranxera. Uvi\u00e9u empez\u00f3 xunu con 24.052 vecinos foranos inscritos nel padr\u00f3n, un llist\u00f3n ensin precedentes na ciud\u00e1. Para faese una idea, nel conceyu hai m\u00e1s poblaci\u00f3n d&#8217;orixe estranxeru que tolos vecinos de La Corredoria y l&#8217;Antiguu xuntos.<\/p>\n<p>Esto debe en gran midida a la masiva llegada de suramericanos. La colonia colombiana sigui consolid\u00e1ndose como la m\u00e1s numberosa. Son y\u00e1 3.838 los carbayones nac\u00edos nesi pa\u00eds. Sicas\u00ed, la que m\u00e1s crez ye la venezolana, integrada por 2.406 persones, qu&#8217;acaba de desbancar nel segundu puestu del ranking a la comunid\u00e1 rumana (2.326).<\/p>\n<p>L&#8217;equipu de gobiernu municipal atrib\u00fai esti aumentu de la poblaci\u00f3n a la crecedera econ\u00f3mica de la ciud\u00e1, dan por fechu que se va caltener esti encl\u00edn y af\u00edtense como pr\u00f3ximu oxetivu superar los 230.000 habitantes.<\/p>\n<p>&nbsp;<\/p>\n","protected":false},"excerpt":{"rendered":"<p>Fonte: LNE \/ Uvi\u00e9u ta de moda. Siquier eso canten los n\u00famberos. La memoria del serviciu municipal d&#8217;Estad\u00edstica reflexa que l&#8217;a\u00f1u pas\u00e1u camudarense a la capital del Princip\u00e1u m\u00e1s xente que nunca. El padr\u00f3n rexistr\u00f3 nel \u00faltimu exerciciu completu 14.749 altes, una cifra ensin precedentes que pulveriz\u00f3 l&#8217;anterior techu de la serie hist\u00f3rica, marc\u00e1u en [&hellip;]<\/p>\n","protected":false},"author":117,"featured_media":0,"comment_status":"closed","ping_status":"open","sticky":false,"template":"","format":"standard","meta":{"footnotes":""},"categories":[1],"tags":[],"class_list":["post-51577","post","type-post","status-publish","format-standard","hentry","category-sin-categoria"],"_links":{"self":[{"href":"https:\/\/edublog.educastur.es\/ixuxu\/wp-json\/wp\/v2\/posts\/51577","targetHints":{"allow":["GET"]}}],"collection":[{"href":"https:\/\/edublog.educastur.es\/ixuxu\/wp-json\/wp\/v2\/posts"}],"about":[{"href":"https:\/\/edublog.educastur.es\/ixuxu\/wp-json\/wp\/v2\/types\/post"}],"author":[{"embeddable":true,"href":"https:\/\/edublog.educastur.es\/ixuxu\/wp-json\/wp\/v2\/users\/117"}],"replies":[{"embeddable":true,"href":"https:\/\/edublog.educastur.es\/ixuxu\/wp-json\/wp\/v2\/comments?post=51577"}],"version-history":[{"count":4,"href":"https:\/\/edublog.educastur.es\/ixuxu\/wp-json\/wp\/v2\/posts\/51577\/revisions"}],"predecessor-version":[{"id":51581,"href":"https:\/\/edublog.educastur.es\/ixuxu\/wp-json\/wp\/v2\/posts\/51577\/revisions\/51581"}],"wp:attachment":[{"href":"https:\/\/edublog.educastur.es\/ixuxu\/wp-json\/wp\/v2\/media?parent=51577"}],"wp:term":[{"taxonomy":"category","embeddable":true,"href":"https:\/\/edublog.educastur.es\/ixuxu\/wp-json\/wp\/v2\/categories?post=51577"},{"taxonomy":"post_tag","embeddable":true,"href":"https:\/\/edublog.educastur.es\/ixuxu\/wp-json\/wp\/v2\/tags?post=51577"}],"curies":[{"name":"wp","href":"https:\/\/api.w.org\/{rel}","templated":true}]}}