{"id":51589,"date":"2025-06-24T19:30:24","date_gmt":"2025-06-24T17:30:24","guid":{"rendered":"https:\/\/edublog.educastur.es\/ixuxu\/?p=51589"},"modified":"2025-06-24T20:52:18","modified_gmt":"2025-06-24T18:52:18","slug":"51589","status":"publish","type":"post","link":"https:\/\/edublog.educastur.es\/ixuxu\/2025\/06\/51589\/","title":{"rendered":"Nuevos docentes del IES La Corredoria"},"content":{"rendered":"<p style=\"text-align: center\"><a href=\"https:\/\/estaticos-cdn.prensaiberica.es\/clip\/39367cad-b18f-46fe-98ca-2f33a4c944f9_16-9-aspect-ratio_default_0.webp\"><img loading=\"lazy\" decoding=\"async\" class=\"aligncenter size-large\" src=\"https:\/\/estaticos-cdn.prensaiberica.es\/clip\/39367cad-b18f-46fe-98ca-2f33a4c944f9_16-9-aspect-ratio_default_0.webp\" width=\"880\" height=\"495\" \/><\/a><\/p>\n<p>Ventinueve docentes del IES La Corredoria van ser treslladaos al nuevu centru. La Conseyer\u00eda abre un plazu por que los profesores que deseyen impartir clase nel Institutu Margarita Salas en trelce especialidaes soliciten plaza. Fonte: <a href=\"https:\/\/www.lne.es\/oviedo\/la-corredoria\/2025\/06\/24\/veintinueve-docentes-ies-corredoria-seran-118988461.html\">LNE<\/a><\/p>\n<p><!--more--><\/p>\n<p>La Conseyer\u00eda d&#8217;Educaci\u00f3n empecipi\u00f3&#8217;l procedimientu para redistribuir la plantiya ente los dos equipamientos. Van Ser los mesmos docentes los que van poder solicitar el camb\u00e9u de centru nun plazu de cinco d\u00edes h\u00e1biles.<\/p>\n<p>Antes d&#8217;ello, la direcci\u00f3n del centru comunicase al personal funcionario de carrera con dest\u00edn definitivu nel IES La Corredoria de les especialidaes establec\u00edes. Si los profesores nun opten pol camb\u00e9u de centru, reflexa&#8217;l resolvimientu de la Conseyer\u00eda d&#8217;Educaci\u00f3n, va atendese pa decidir qui\u00e9n se treslladen a dellos criterios. Son la menor antig\u00fced\u00e1 ininterrumpida, con dest\u00edn definitivu, nel centru, el menor tiempu de servicios efectivos como personal funcionariu, al a\u00f1u m\u00e1s reci\u00e9n d&#8217;ingresu nel cuerpu de Profesor\u00e1u d&#8217;Educaci\u00f3n Secundaria o de Maestros y la menor puntuaci\u00f3n llograda nel procesu selectivu d&#8217;incorporaci\u00f3n. Nel casu de que s\u00eda cimeru&#8217;l n\u00famberu de solicit\u00faes pa movese al IES Margarita Salas qu&#8217;el de vacantes va tenese en cuenta, de primeres, la mayor antig\u00fced\u00e1 con dest\u00edn definitivu ininterrump\u00edu nel centru. Si hubiera iguald\u00e1 recurrirase a otros criterios.<\/p>\n<p><strong>Les places.\u00a0<\/strong>Nel nuevu institutu van cubrise 29 places en trelce especialidaes. Seis d&#8217;elles van ser d&#8217;Ingl\u00e9s, cuatro de Llingua Castellana y Lliteratura, tr\u00e9s de Matem\u00e1tiques, F\u00edsica y Qu\u00edmica y Biolox\u00eda y Xeolox\u00eda. Otros dos puestos van ser pa docentes d&#8217;Educaci\u00f3n F\u00edsica y dos m\u00e1s de Xeograf\u00eda y Hestoria. Completa&#8217;l llist\u00e1u xuna plaza de Filosof\u00eda, Franc\u00e9s, M\u00fasica, Tecnolox\u00eda, Econom\u00eda y Pedagox\u00eda Terap\u00e9utica.<\/p>\n<p>Los docentes que pueden optar al tresll\u00e1u son, en total, 73. Trelce imparten nel IES La Corredoria Ingl\u00e9s, diez Llingua Castellana y Lliteratura y nueve Matem\u00e1tiques. Ocho profesores son especialistes en Biolox\u00eda y Xeolox\u00eda, siete en Xeograf\u00eda y Hestoria, seis en F\u00edsica y Qu\u00edmica, cinco n&#8217;Educaci\u00f3n F\u00edsica, cuatro en Tecnolox\u00eda, tr\u00e9s en Filosof\u00eda y dos en Franc\u00e9s, M\u00fasica, Econom\u00eda y Pedagox\u00eda Terap\u00e9utica. El resolvimientu fixu que los docentes tomen posesi\u00f3n del dest\u00edn axudic\u00e1u&#8217;l 1 de setiembre.<\/p>\n<p>Los profesores van disponer d&#8217;un periodu pa presentar allegamientos al resolvimientu provisional que va ellaborar la Conseyer\u00eda en recibiendo la propuesta de la direcci\u00f3n del centru. El personal tresllad\u00e1u va caltener l&#8217;antig\u00fced\u00e1 xenerada nel so centru d&#8217;orixe. Profesores del IES La Corredoria pidieron selmanes tras que&#8217;l procedimientu fora voluntariu. Indicaron tami\u00e9n que les plantiyes previstes pa los dos centros nun yeren abondos.<\/p>\n","protected":false},"excerpt":{"rendered":"<p>Ventinueve docentes del IES La Corredoria van ser treslladaos al nuevu centru. La Conseyer\u00eda abre un plazu por que los profesores que deseyen impartir clase nel Institutu Margarita Salas en trelce especialidaes soliciten plaza. Fonte: LNE<\/p>\n","protected":false},"author":117,"featured_media":0,"comment_status":"closed","ping_status":"open","sticky":false,"template":"","format":"standard","meta":{"footnotes":""},"categories":[431],"tags":[],"class_list":["post-51589","post","type-post","status-publish","format-standard","hentry","category-ies-margarita-salas"],"_links":{"self":[{"href":"https:\/\/edublog.educastur.es\/ixuxu\/wp-json\/wp\/v2\/posts\/51589","targetHints":{"allow":["GET"]}}],"collection":[{"href":"https:\/\/edublog.educastur.es\/ixuxu\/wp-json\/wp\/v2\/posts"}],"about":[{"href":"https:\/\/edublog.educastur.es\/ixuxu\/wp-json\/wp\/v2\/types\/post"}],"author":[{"embeddable":true,"href":"https:\/\/edublog.educastur.es\/ixuxu\/wp-json\/wp\/v2\/users\/117"}],"replies":[{"embeddable":true,"href":"https:\/\/edublog.educastur.es\/ixuxu\/wp-json\/wp\/v2\/comments?post=51589"}],"version-history":[{"count":4,"href":"https:\/\/edublog.educastur.es\/ixuxu\/wp-json\/wp\/v2\/posts\/51589\/revisions"}],"predecessor-version":[{"id":51593,"href":"https:\/\/edublog.educastur.es\/ixuxu\/wp-json\/wp\/v2\/posts\/51589\/revisions\/51593"}],"wp:attachment":[{"href":"https:\/\/edublog.educastur.es\/ixuxu\/wp-json\/wp\/v2\/media?parent=51589"}],"wp:term":[{"taxonomy":"category","embeddable":true,"href":"https:\/\/edublog.educastur.es\/ixuxu\/wp-json\/wp\/v2\/categories?post=51589"},{"taxonomy":"post_tag","embeddable":true,"href":"https:\/\/edublog.educastur.es\/ixuxu\/wp-json\/wp\/v2\/tags?post=51589"}],"curies":[{"name":"wp","href":"https:\/\/api.w.org\/{rel}","templated":true}]}}