{"id":51594,"date":"2025-06-24T08:45:03","date_gmt":"2025-06-24T06:45:03","guid":{"rendered":"https:\/\/edublog.educastur.es\/ixuxu\/?p=51594"},"modified":"2025-06-24T21:25:40","modified_gmt":"2025-06-24T19:25:40","slug":"51594","status":"publish","type":"post","link":"https:\/\/edublog.educastur.es\/ixuxu\/2025\/06\/51594\/","title":{"rendered":"Asturies, en \u00abaltu riesgu\u00bb por fuertes xarazaes."},"content":{"rendered":"<p>Tola rex\u00f3n at\u00f3pase n&#8217;alerta meteorol\u00f3xico por ag\u00fces y nubes. Toa Asturies ta esti martes n&#8217;alerta por fuertes ag\u00fces y nubes que pueden dir acompa\u00f1aes de granizos d&#8217;hasta 5 cent\u00edmetros. Asina lo preve&#8217;l portal meteorol\u00f3xicu Meteored n&#8217;esaminando los datos del modelu europ\u00e9u y del Llaboratoriu Europ\u00e9u de Nubes Severes (ESSL poles sos sigles n&#8217;ingl\u00e9s). <a href=\"https:\/\/www.aemet.es\/es\/eltiempo\/prediccion\/avisos?k=ast\"><strong>Avisos<\/strong><\/a> \/ <a href=\"https:\/\/x.com\/AEMET_Asturias\"><strong>AEMET Asturies<\/strong><\/a><\/p>\n<p>&nbsp;<\/p>\n<p style=\"text-align: center\"><a href=\"https:\/\/purple-cdn.web-apps-prod.wo-cloud.com\/purple\/0f7a645f-e3c1-4a9c-a6dd-ccfa5dff68a7\/ccaeda65-166e-49c6-bbcd-ece973f0339c\/0bff0661-4f59-41a4-ba8c-a05d956202b5\/59eba2cc-257e-4c6e-9eb9-d68792593457.jpg\"><img loading=\"lazy\" decoding=\"async\" class=\"aligncenter size-large\" src=\"https:\/\/purple-cdn.web-apps-prod.wo-cloud.com\/purple\/0f7a645f-e3c1-4a9c-a6dd-ccfa5dff68a7\/ccaeda65-166e-49c6-bbcd-ece973f0339c\/0bff0661-4f59-41a4-ba8c-a05d956202b5\/59eba2cc-257e-4c6e-9eb9-d68792593457.jpg\" width=\"632\" height=\"355\" \/><\/a><\/p>\n<p><!--more--><\/p>\n<p>La zona oriental d&#8217;Asturies va ser la m\u00e1s afectada poles nubes, seg\u00fan Meteored, que tami\u00e9n ponen en \u00abaltu riesgu\u00bb a Castiella y Lli\u00f3n, Cantabria y Pa\u00edz Vascu. Nesti sent\u00edu, l&#8217;<strong>Axencia Estatal de Meteorolox\u00eda (Aemet)<\/strong> actualiz\u00f3 l&#8217;avisu emit\u00edu para&#8217;l Princip\u00e1u, que primeramente yera mariellu para tol territoriu. En concretu alz\u00f3 al nivel naranxa -riesgu importante- l&#8217;alerta por nubes acompa\u00f1aes por xarazo y fuertes raches de vientu nel Cordal y Picos d&#8217;Europa.<\/p>\n<p style=\"text-align: center\"><a href=\"https:\/\/pbs.twimg.com\/media\/GuM2k-LXMAAjQT1?format=jpg&amp;name=small\"><img loading=\"lazy\" decoding=\"async\" class=\"aligncenter size-large\" src=\"https:\/\/pbs.twimg.com\/media\/GuM2k-LXMAAjQT1?format=jpg&amp;name=small\" width=\"680\" height=\"415\" \/><\/a><\/p>\n<p><strong>Llega una dana<\/strong> La inestabilid\u00e1 va aumentar esti martes pol aproximamientu d&#8217;una dana dende l&#8217;Atl\u00e1nticu, lo que va favorecer el desenvolvimientu de nubes m\u00e1s entamaes por cuenta de factores como \u00abla diverxencia n&#8217;altor, la converxencia de vientos en superficie, el calor acumulao y les ag\u00fces templaes qu&#8217;arrodien la Pen\u00ednsula\u00bb, apunta Meteored.<\/p>\n<p>La dana, asitiada frente a les mari\u00f1es de Lisboa (Portugal), y\u00e1 ta provocando ag\u00fces na aguada atl\u00e1ntica, especialmente n&#8217;Estremadura, Galicia y Castiella y Lli\u00f3n. Pela tarde, el calor diurno va favorecer l&#8217;espa\u00f1\u00edu de nubes fuertes en delles comunidaes.<\/p>\n<p>Les nubes van crecer en Castiella y Lli\u00f3n, Madrid, norte de Castiella-La Mancha y Estremadura, movi\u00e9ndose escontra&#8217;l norte y ganando intensid\u00e1 en Castiella y Lli\u00f3n, Cantabria, Asturies, La Rioxa, Pa\u00eds Vascu y Navarra. En delles zones podr\u00eden atropase m\u00e1s de 30 l\/m n&#8217;una hora, motivu pol que l&#8217;Axencia <strong>Estatal<\/strong> de Meteorolox\u00eda (Aemet) activ\u00f3 avisos naranxes.<\/p>\n<p>Tami\u00e9n s&#8217;esperen bastios menos intensos n&#8217;Arag\u00f3n, Pirineos y Galicia. Am\u00e1s, van xixilase rayos frecuentes y raches de vientu que podr\u00eden superar los 70-80 kil\u00f3metros per hora (km\/h).<\/p>\n","protected":false},"excerpt":{"rendered":"<p>Tola rex\u00f3n at\u00f3pase n&#8217;alerta meteorol\u00f3xico por ag\u00fces y nubes. Toa Asturies ta esti martes n&#8217;alerta por fuertes ag\u00fces y nubes que pueden dir acompa\u00f1aes de granizos d&#8217;hasta 5 cent\u00edmetros. Asina lo preve&#8217;l portal meteorol\u00f3xicu Meteored n&#8217;esaminando los datos del modelu europ\u00e9u y del Llaboratoriu Europ\u00e9u de Nubes Severes (ESSL poles sos sigles n&#8217;ingl\u00e9s). Avisos \/ [&hellip;]<\/p>\n","protected":false},"author":117,"featured_media":0,"comment_status":"closed","ping_status":"open","sticky":false,"template":"","format":"standard","meta":{"footnotes":""},"categories":[5],"tags":[],"class_list":["post-51594","post","type-post","status-publish","format-standard","hentry","category-tiempu"],"_links":{"self":[{"href":"https:\/\/edublog.educastur.es\/ixuxu\/wp-json\/wp\/v2\/posts\/51594","targetHints":{"allow":["GET"]}}],"collection":[{"href":"https:\/\/edublog.educastur.es\/ixuxu\/wp-json\/wp\/v2\/posts"}],"about":[{"href":"https:\/\/edublog.educastur.es\/ixuxu\/wp-json\/wp\/v2\/types\/post"}],"author":[{"embeddable":true,"href":"https:\/\/edublog.educastur.es\/ixuxu\/wp-json\/wp\/v2\/users\/117"}],"replies":[{"embeddable":true,"href":"https:\/\/edublog.educastur.es\/ixuxu\/wp-json\/wp\/v2\/comments?post=51594"}],"version-history":[{"count":6,"href":"https:\/\/edublog.educastur.es\/ixuxu\/wp-json\/wp\/v2\/posts\/51594\/revisions"}],"predecessor-version":[{"id":51611,"href":"https:\/\/edublog.educastur.es\/ixuxu\/wp-json\/wp\/v2\/posts\/51594\/revisions\/51611"}],"wp:attachment":[{"href":"https:\/\/edublog.educastur.es\/ixuxu\/wp-json\/wp\/v2\/media?parent=51594"}],"wp:term":[{"taxonomy":"category","embeddable":true,"href":"https:\/\/edublog.educastur.es\/ixuxu\/wp-json\/wp\/v2\/categories?post=51594"},{"taxonomy":"post_tag","embeddable":true,"href":"https:\/\/edublog.educastur.es\/ixuxu\/wp-json\/wp\/v2\/tags?post=51594"}],"curies":[{"name":"wp","href":"https:\/\/api.w.org\/{rel}","templated":true}]}}