{"id":51600,"date":"2025-06-25T14:00:29","date_gmt":"2025-06-25T12:00:29","guid":{"rendered":"https:\/\/edublog.educastur.es\/ixuxu\/?p=51600"},"modified":"2025-06-24T21:03:31","modified_gmt":"2025-06-24T19:03:31","slug":"51600","status":"publish","type":"post","link":"https:\/\/edublog.educastur.es\/ixuxu\/2025\/06\/51600\/","title":{"rendered":""},"content":{"rendered":"<div dir=\"auto\" style=\"text-align: center\"><span style=\"font-size: 28px;color: #800080\"><strong><em>\u00abLes esperiencies art\u00edstiques,<\/em><\/strong><\/span><br \/>\n<span style=\"font-size: 28px;color: #800080\"><strong><em>los llibros, les pel\u00edcules, <\/em><\/strong><\/span><\/div>\n<div dir=\"auto\" style=\"text-align: center\"><span style=\"font-size: 28px;color: #800080\"><strong><em>les imaxes, la m\u00fasica&#8230;<br \/>\nson emociones. <\/em><\/strong><\/span><br \/>\n<span style=\"font-size: 28px;color: #800080\"><strong><em>Son vides de m\u00e1s. <\/em><\/strong><\/span><br \/>\n<span style=\"font-size: 28px;color: #800080\"><em>Una persona que llee llibros<br \/>\nque ve pel\u00edcules, <\/em><\/span><br \/>\n<span style=\"font-size: 28px;color: #800080\"><em>que va a conciertos vive m\u00e1s, <\/em><\/span><br \/>\n<span style=\"color: #800080\"><span style=\"font-size: 28px\"><em>non m\u00e1s a\u00f1os, <\/em><\/span><span style=\"font-size: 28px\"><em>pero s\u00ed<br \/>\nmunches m\u00e1s esperiencies\u00bb<\/em><\/span><\/span><\/div>\n<div dir=\"auto\" style=\"text-align: center\">Almudena Grandes<\/div>\n<div dir=\"auto\"><\/div>\n<div dir=\"auto\" style=\"text-align: center\">Ilustraci\u00f3n de Lisa Aisato<\/div>\n<div dir=\"auto\" style=\"text-align: center\">\n<!-- iframe plugin v.6.0 wordpress.org\/plugins\/iframe\/ -->\n<iframe loading=\"lazy\" src=\"https:\/\/www.facebook.com\/plugins\/post.php?href=https%3A%2F%2Fwww.facebook.com%2FClasesCaceres%2Fposts%2Fpfbid02jw2dDavwyb1pPTM3hiDzAoTLrdQaWRPswFbzy6i6r6r4wSxrfKrsPxGWyxedatNBl&#038;show_text=false&#038;width=500\" width=\"500\" height=\"498\" style=\"border:none;overflow:hidden\" scrolling=\"no\" frameborder=\"0\" allowfullscreen=\"true\" allow=\"autoplay; clipboard-write; encrypted-media; picture-in-picture; web-share\" 0=\"\/iframe\" class=\"iframe-class\"><\/iframe>\n<\/div>\n","protected":false},"excerpt":{"rendered":"<p>\u00abLes esperiencies art\u00edstiques, los llibros, les pel\u00edcules, les imaxes, la m\u00fasica&#8230; son emociones. Son vides de m\u00e1s. Una persona que llee llibros que ve pel\u00edcules, que va a conciertos vive m\u00e1s, non m\u00e1s a\u00f1os, pero s\u00ed munches m\u00e1s esperiencies\u00bb Almudena Grandes Ilustraci\u00f3n de Lisa Aisato<\/p>\n","protected":false},"author":117,"featured_media":0,"comment_status":"closed","ping_status":"open","sticky":false,"template":"","format":"quote","meta":{"footnotes":""},"categories":[1],"tags":[],"class_list":["post-51600","post","type-post","status-publish","format-quote","hentry","category-sin-categoria","post_format-post-format-quote"],"_links":{"self":[{"href":"https:\/\/edublog.educastur.es\/ixuxu\/wp-json\/wp\/v2\/posts\/51600","targetHints":{"allow":["GET"]}}],"collection":[{"href":"https:\/\/edublog.educastur.es\/ixuxu\/wp-json\/wp\/v2\/posts"}],"about":[{"href":"https:\/\/edublog.educastur.es\/ixuxu\/wp-json\/wp\/v2\/types\/post"}],"author":[{"embeddable":true,"href":"https:\/\/edublog.educastur.es\/ixuxu\/wp-json\/wp\/v2\/users\/117"}],"replies":[{"embeddable":true,"href":"https:\/\/edublog.educastur.es\/ixuxu\/wp-json\/wp\/v2\/comments?post=51600"}],"version-history":[{"count":2,"href":"https:\/\/edublog.educastur.es\/ixuxu\/wp-json\/wp\/v2\/posts\/51600\/revisions"}],"predecessor-version":[{"id":51602,"href":"https:\/\/edublog.educastur.es\/ixuxu\/wp-json\/wp\/v2\/posts\/51600\/revisions\/51602"}],"wp:attachment":[{"href":"https:\/\/edublog.educastur.es\/ixuxu\/wp-json\/wp\/v2\/media?parent=51600"}],"wp:term":[{"taxonomy":"category","embeddable":true,"href":"https:\/\/edublog.educastur.es\/ixuxu\/wp-json\/wp\/v2\/categories?post=51600"},{"taxonomy":"post_tag","embeddable":true,"href":"https:\/\/edublog.educastur.es\/ixuxu\/wp-json\/wp\/v2\/tags?post=51600"}],"curies":[{"name":"wp","href":"https:\/\/api.w.org\/{rel}","templated":true}]}}