{"id":51612,"date":"2025-06-24T16:30:18","date_gmt":"2025-06-24T14:30:18","guid":{"rendered":"https:\/\/edublog.educastur.es\/ixuxu\/?p=51612"},"modified":"2025-06-24T21:39:01","modified_gmt":"2025-06-24T19:39:01","slug":"el-mozu-de-14-anos-queslluma-al-baillar-sobro-patinos","status":"publish","type":"post","link":"https:\/\/edublog.educastur.es\/ixuxu\/2025\/06\/el-mozu-de-14-anos-queslluma-al-baillar-sobro-patinos\/","title":{"rendered":"El mozu de 14 a\u00f1os qu&#8217;eslluma al baillar sobro patinos"},"content":{"rendered":"<p style=\"text-align: center\"><a href=\"https:\/\/cflvdg.avoz.es\/sc\/cFkA9GSqnqKKIXkHtJjOHjW2dsU=\/768x\/2025\/06\/19\/00121750332768831385930\/Foto\/f.png\"><img loading=\"lazy\" decoding=\"async\" class=\"aligncenter size-large\" src=\"https:\/\/cflvdg.avoz.es\/sc\/cFkA9GSqnqKKIXkHtJjOHjW2dsU=\/768x\/2025\/06\/19\/00121750332768831385930\/Foto\/f.png\" width=\"768\" height=\"432\" \/><\/a><\/p>\n<p>El mozu de 14 a\u00f1os qu&#8217;eslluma al baillar sobro patinos: asina ye&#8217;l talentu d&#8217;esti asturianu. \u00a0A Daniel Berm\u00fadez lo que m\u00e1s-y gusta d&#8217;esta disciplina ye faer reblincaes y piruetes. Daniel lleva media vida dedic\u00e1ndose al patinaxe art\u00edsticu. Forma parte del Club Ovetus y cuenta con un palmar\u00e9s envidiable. <a href=\"https:\/\/www.lavozdeasturias.es\/noticia\/oviedo\/voz-oviedo\/2025\/06\/24\/joven-14-anos-deslumbra-bailar-sobre-patines-talento-asturiano\/00031750750384671997238.htm\">La Voz<\/a><\/p>\n<p><!--more--><br \/>\nLa familia de Daniel Berm\u00fadez nun sabe de qui\u00e9n hered\u00f3&#8217;l talentu que demuestra a la de patinar. Nin el so padre nin la so madre son capaces de movese sobro ruedes cola rapidez qu&#8217;\u00e9l lo fai, y muncho menos de buscar l&#8217;harmon\u00eda ente&#8217;l movimientu y l&#8217;interpretaci\u00f3n al ritmu d&#8217;una banda sonora . Sicas\u00ed, dende bien pequeno, este riosanu demostr\u00f3 xuna destacada capacid\u00e1 art\u00edstica, que lo llev\u00f3 a collechar \u00e9sitos a nivel mundial. A pesar de la so curtia ed\u00e1, el mozu de 14 a\u00f1os cunta con un palmar\u00e9s envidiable, nel que figuren dos medayes internacionales.<\/p>\n<p>Esa pasi\u00f3n que g\u00fcei siente pol patinaxe art\u00edsticu naci\u00f3 n\u00e9l de forma casual. Como la mayor\u00eda de ne\u00f1os de la so ed\u00e1,\u00a0 entam\u00f3 nel mundu del deporte al travi\u00e9s del f\u00fatbol. Empez\u00f3 a entrenar col enfotu de que&#8217;l d\u00eda de ma\u00f1ana fora&#8217;l so padre quien lu instruyera, sicas\u00ed, dar pataes y toques a un bal\u00f3n nun yera lo suyo. \u00abLa preparaci\u00f3n f\u00edsica gust\u00e1ba-y pero la parte t\u00e1ctica non\u00bb, recuerda la so madre. Unos meses m\u00e1s tarde, el so colexu punxo en marcha xuna activid\u00e1 extraescolar de patinaxe, y \u00e9l inscribi\u00f3se coles mires d&#8217;empecipiase nel h.oquei, ensin imaxinar que ser\u00eda nesi momentu cuando afayar\u00eda&#8217;l so verdaderu talentu.<\/p>\n<p><strong>Daniel Berm\u00fadez ye una de les moces promeses del patinaxe art\u00edsticu.<\/strong><\/p>\n<p>S&#8217;enfund\u00f3 los patinos y empez\u00f3 a andar sobro cuatro ruedes. D\u00e1base-y tan bien movese asina que&#8217;l so profesor anim\u00f3-y a faer h.oquei. Pero, pa sorpresa de toos, Daniel refug\u00f3 la propuesta. El fechu de ser un deporte de contactu nun-y llamaba l&#8217;atenci\u00f3n, asina que prefiri\u00f3 perfeccionar la so t\u00e9cnica. Mentanto, sigu\u00eda xugando al f\u00fatbol. N&#8217;una d&#8217;eses tardes nes que diba cam\u00edn al entrenamientu, xuntu col so proxenitor, el dest\u00edn llevolu a atopase con unes moces que taben prepar\u00e1ndose pa ensayar patinaxe art\u00edsticu. Quixo entrar al polideportivu pa ver c\u00f3mo s&#8217;exercitaben y, darr\u00e9u, d\u00edxo-y a so padre que quer\u00eda probar esa disciplina.<\/p>\n<p>Col sofitu incondicional que siempres -y brindaron, Francisco y Sara nun duldaren n&#8217;inscribir al so f\u00edu, qu&#8217;ent\u00f3s daquella ten\u00eda siete a\u00f1os, nel <strong>Club Pat\u00edn Mieres<\/strong>. Mientres xuna temporada y media, el peque\u00f1u riosanu perfeccion\u00f3 la t\u00e9cnica colos patinos, esquiz\u00f3&#8217;l ritmu y l&#8217;espresi\u00f3n corporal, hasta que l&#8217;entrenador del <strong>Club Ovetus<\/strong> interesose por \u00e9l. De magar, Daniel forma parte d&#8217;esta escuela uvieina de patinaxe art\u00edsticu, que tien la so see nel pabell\u00f3n d&#8217;Olloniego, onde siempres entrena al son de la m\u00fasica.<\/p>\n<p style=\"text-align: center\"><a href=\"https:\/\/cflvdg.avoz.es\/sc\/54K9eVBxjK_LL2zBvTO5F0wGAgY=\/768x\/2025\/06\/19\/00121750332793967308553\/Foto\/b.png\"><img loading=\"lazy\" decoding=\"async\" class=\"aligncenter size-large\" src=\"https:\/\/cflvdg.avoz.es\/sc\/54K9eVBxjK_LL2zBvTO5F0wGAgY=\/768x\/2025\/06\/19\/00121750332793967308553\/Foto\/b.png\" width=\"768\" height=\"432\" \/><\/a><\/p>\n<p>Desque s&#8217;empecipi\u00f3 nesti deporte, el mozu tien que faer un importante sacrificiu pa poder esmucise y baillar sobro ruedes. Al tratase d&#8217;una disciplina \u00abbien t\u00e9cnica y bien esixente\u00bb tien qu&#8217;invertir munches hores al d\u00eda p&#8217;apolazar cada movimientu. Am\u00e1s, como inda ta n&#8217;ed\u00e1 escolar, tien de permediar los sos entrenamientos coles sos responsabilidaes acad\u00e9miques. Pa nun desdexar los sos estudios, al salir del institutu montase nel coche de los sos padres y, mientres el trayectu escontra les sos sesiones d&#8217;instrucci\u00f3n, aprovecha pa comer y avanzar coles sos xeres escolares.<\/p>\n<p>N&#8217;aprosimao dos hores y media de pr\u00e1ctica, Daniel centrase en desenvolver la so t\u00e9cnica, ameyorar la so condici\u00f3n f\u00edsica y potenciar la so espresivid\u00e1 art\u00edstica. Cuando se quitar los patinos, sale corriendo a camudase porque sabe qu&#8217;inda tien que llegar a casa y terminar de faer los deberes o d&#8217;estudiar, antes de ponese cenar. \u00abIntentamos que se che tempranu pero ye que ye imposible\u00bb, reconoz la so madre, quien ye consciente de too l&#8217;esfuerzu que fai. Y ye qu&#8217;esta rutina repitise a diariu, inclusive los s\u00e1bados, y\u00e1 que tami\u00e9n entrena esi d\u00eda. Por non falar cuando s&#8217;avera xuna competici\u00f3n, que les sesiones intensif\u00edquense ent\u00e1 m\u00e1s.<\/p>\n<p style=\"text-align: center\"><a href=\"https:\/\/img.lavdg.com\/sc\/KJqKgY0VEMgxyDlE01vJg-WHnzw=\/768x\/2025\/06\/19\/00121750332815716792317\/Foto\/c.jpg\"><img loading=\"lazy\" decoding=\"async\" class=\"aligncenter size-large\" src=\"https:\/\/img.lavdg.com\/sc\/KJqKgY0VEMgxyDlE01vJg-WHnzw=\/768x\/2025\/06\/19\/00121750332815716792317\/Foto\/c.jpg\" width=\"768\" height=\"432\" \/><\/a>El mozu asturianu n&#8217;una de les sos competiciones.<\/p>\n<p>A pesar de llevar una vida tan entamanada y cuntar con bien poco tiempu pa desconectar, l&#8217;adolescente caltien un escelente rendimientu acad\u00e9micu. \u00abEsti cursu sac\u00f3 tou notables y sobresalientes\u00bb, comenta con arguyu la so familia. Tol esfuerzu y sacrificiu que ta realizando tami\u00e9n empieza a dar los sos frutos y el mozu riosanu y\u00e1 destaca polos \u00e9sitos que collech\u00f3 nel mundu del patinaxe art\u00edsticu, anque la so trayectoria ye curtia en comparanza con otros profesionales.<\/p>\n<p>A lo llargo de los sos siete a\u00f1os de trayectoria competitiva, Daniel consigui\u00f3 proclamase <strong>campe\u00f3n d&#8217;Asturies en siete ocasiones y subcampe\u00f3n d&#8217;Espa\u00f1a en dos.<\/strong> Tami\u00e9n llogr\u00f3 colgar la medaya de plata dos vegaes na Copa d&#8217;Europa y algamar el segundu puestu nel podiu de la Copa del Mundu. Am\u00e1s, suma m\u00faltiples t\u00edtulos en campeonatos interauton\u00f3micos y diversos torneos de clubes. Y, por si fora poco, la Selecci\u00f3n Espa\u00f1ola convocolu en delles ocasiones pa entrenar, dos vegaes al a\u00f1u, nel <strong>Centru d&#8217;Altu Rendimientu (CAR) de Catalu\u00f1a.<\/strong><\/p>\n<p style=\"text-align: center\"><a href=\"https:\/\/img.lavdg.com\/sc\/dCfwAV3ub2SpucD_Z1WS2RDgwiI=\/768x\/2025\/06\/19\/00121750332834625126530\/Foto\/d.jpg\"><img loading=\"lazy\" decoding=\"async\" class=\"aligncenter size-large\" src=\"https:\/\/img.lavdg.com\/sc\/dCfwAV3ub2SpucD_Z1WS2RDgwiI=\/768x\/2025\/06\/19\/00121750332834625126530\/Foto\/d.jpg\" width=\"768\" height=\"432\" \/><\/a><\/p>\n<p>\u00c9l mesmu reconoz que la clave de los sos llogros ta na constancia y nel esfuerzu diariu que dedica al patinaxe art\u00edsticu. A lo \u00faltimo, tr\u00e1tase d&#8217;un deporte desaxeradamente meticuloso nel momentu de ser valor\u00e1u. \u00abCualesquier m\u00ednimu erru \u2014un pie mal asiti\u00e1u al executar un saltu o una llixera perda d&#8217;equilibriu\u2014 resta puntos\u00bb, esplica la so madre, quien sorraya que tol trabayu d&#8217;un a\u00f1u resumise nos tr\u00e9s o cuatro minutos que dura una actuaci\u00f3n. \u00abYe un deporte bien ingrato, porque nun da segundes oportunidaes\u00bb, a\u00f1ede con firmeza.<\/p>\n<p>Magar dedicase a una disciplina na que predominen les muyeres, Daniel asegura nun esperimentar neng\u00fan tipu de refuga por ser un mozu que bailla sobro patinos. <span style=\"color: #008080\">\u00abAfortunadamente nun sufri\u00f3 discriminaci\u00f3n dalguna\u00bb, diz la so madre, quien aprovecha la ocasi\u00f3n pa defender que, tanto nel deporte como na vida, nun tendr\u00eda d&#8217;haber distinci\u00f3n de x\u00e9neros.<\/span> Aplaude am\u00e1s que cada vez s\u00edan m\u00e1s los homes que s&#8217;empecipien nel patinaxe art\u00edsticu. \u00abN&#8217;Asturies inda non, pero en Catalu\u00f1a y Galicia y\u00e1 hai dalgunu m\u00e1s\u00bb, afirma cola esperanza de que nel futuru ll\u00f3grese una verdadera equid\u00e1.<\/p>\n<p style=\"text-align: center\"><a href=\"https:\/\/img.lavdg.com\/sc\/d4L3Qaz4yQzyfbWPWj26cpqgTFE=\/768x\/2025\/06\/19\/00121750332846792669919\/Foto\/a.jpg\"><img loading=\"lazy\" decoding=\"async\" class=\"aligncenter size-large\" src=\"https:\/\/img.lavdg.com\/sc\/d4L3Qaz4yQzyfbWPWj26cpqgTFE=\/768x\/2025\/06\/19\/00121750332846792669919\/Foto\/a.jpg\" width=\"768\" height=\"432\" \/><\/a><\/p>\n","protected":false},"excerpt":{"rendered":"<p>El mozu de 14 a\u00f1os qu&#8217;eslluma al baillar sobro patinos: asina ye&#8217;l talentu d&#8217;esti asturianu. \u00a0A Daniel Berm\u00fadez lo que m\u00e1s-y gusta d&#8217;esta disciplina ye faer reblincaes y piruetes. Daniel lleva media vida dedic\u00e1ndose al patinaxe art\u00edsticu. Forma parte del Club Ovetus y cuenta con un palmar\u00e9s envidiable. La Voz<\/p>\n","protected":false},"author":117,"featured_media":0,"comment_status":"closed","ping_status":"open","sticky":false,"template":"","format":"standard","meta":{"footnotes":""},"categories":[133],"tags":[],"class_list":["post-51612","post","type-post","status-publish","format-standard","hentry","category-deportes"],"_links":{"self":[{"href":"https:\/\/edublog.educastur.es\/ixuxu\/wp-json\/wp\/v2\/posts\/51612","targetHints":{"allow":["GET"]}}],"collection":[{"href":"https:\/\/edublog.educastur.es\/ixuxu\/wp-json\/wp\/v2\/posts"}],"about":[{"href":"https:\/\/edublog.educastur.es\/ixuxu\/wp-json\/wp\/v2\/types\/post"}],"author":[{"embeddable":true,"href":"https:\/\/edublog.educastur.es\/ixuxu\/wp-json\/wp\/v2\/users\/117"}],"replies":[{"embeddable":true,"href":"https:\/\/edublog.educastur.es\/ixuxu\/wp-json\/wp\/v2\/comments?post=51612"}],"version-history":[{"count":3,"href":"https:\/\/edublog.educastur.es\/ixuxu\/wp-json\/wp\/v2\/posts\/51612\/revisions"}],"predecessor-version":[{"id":51615,"href":"https:\/\/edublog.educastur.es\/ixuxu\/wp-json\/wp\/v2\/posts\/51612\/revisions\/51615"}],"wp:attachment":[{"href":"https:\/\/edublog.educastur.es\/ixuxu\/wp-json\/wp\/v2\/media?parent=51612"}],"wp:term":[{"taxonomy":"category","embeddable":true,"href":"https:\/\/edublog.educastur.es\/ixuxu\/wp-json\/wp\/v2\/categories?post=51612"},{"taxonomy":"post_tag","embeddable":true,"href":"https:\/\/edublog.educastur.es\/ixuxu\/wp-json\/wp\/v2\/tags?post=51612"}],"curies":[{"name":"wp","href":"https:\/\/api.w.org\/{rel}","templated":true}]}}