{"id":51618,"date":"2025-06-24T18:30:11","date_gmt":"2025-06-24T16:30:11","guid":{"rendered":"https:\/\/edublog.educastur.es\/ixuxu\/?p=51618"},"modified":"2025-06-24T22:38:35","modified_gmt":"2025-06-24T20:38:35","slug":"cartafueyos-de-belenos-i","status":"publish","type":"post","link":"https:\/\/edublog.educastur.es\/ixuxu\/2025\/06\/cartafueyos-de-belenos-i\/","title":{"rendered":"Cartafueyos de Belenos (I)"},"content":{"rendered":"<p style=\"text-align: center\"><a href=\"https:\/\/fundacionbelenos.com\/wp-content\/uploads\/2025\/02\/01_Asturies-memoria-celta.jpg\"><img loading=\"lazy\" decoding=\"async\" class=\"aligncenter \" src=\"https:\/\/fundacionbelenos.com\/wp-content\/uploads\/2025\/02\/01_Asturies-memoria-celta.jpg\" width=\"611\" height=\"851\" \/><\/a><\/p>\n<p><strong><span style=\"color: #008080\">\u201cAsturies, memoria celta\u201d<\/span><\/strong> ye, quiciabes, el n\u00famberu de los Cartafueyos al que m\u00e1s ci\u00f1u-y tenemos, tanto por ser col qu\u2019entamamos la coleici\u00f3n, nun y\u00e1 llonxanu 1998, como pol so conten\u00edu: ye\u2019l cat\u00e1logu de la esposici\u00f3n del mesmu nome entamada pol daquella Conceyu d\u2019Estudios Etnogr\u00e1ficos Belenos. <span style=\"text-decoration: underline\"><span style=\"color: #008080;text-decoration: underline\">Ye un percorr\u00edu diacr\u00f3nicu y sincr\u00f3nicu pel devenir hest\u00f3ricu d\u2019Asturies<\/span> <\/span>y peles manifestaciones econ\u00f3mico-culturales que nel llargu procesu d\u2019adaptaci\u00f3n al mediu natural foi a iguar esta comunid\u00e1 humana qu\u2019angua\u00f1u se conoz como pueblu asturianu. <a href=\"https:\/\/fundacionbelenos.com\/as\/producto\/asturies-memoria-celta\/?fbclid=IwY2xjawLH6v9leHRuA2FlbQIxMQBicmlkETFraHhJTDUxVThxQm9IcU9kAR6cIsYFMr8kje2y-P5K_SClrN2Yfagbmv0S6PzIs4gj4QG2y3F528hbxpuE4g_aem_bsJqclN9fh8y1JDUpgZvqQ\">Art\u00edculu<\/a><\/p>\n<p><!--more--><\/p>\n<ul>\n<li>La documentaci\u00f3n y ellaboraci\u00f3n del cat\u00e1logu ye de Belenos ya Ignaciu Llope y Xos\u00e9 Nel Riesgo encarg\u00e1ronse de la coordinaci\u00f3n de los testos.<\/li>\n<li>Rese\u00f1a bibliogr\u00e1fica: VVAA (1998): Asturies, memoria celta. Colecci\u00f3n \u201cCartafueyos de Belenos\u201d, n\u00ba 1. Conceyu d\u2019Estudios Etnogr\u00e1ficos Belenos, Uvi\u00e9u; 88 pp.<\/li>\n<\/ul>\n","protected":false},"excerpt":{"rendered":"<p>\u201cAsturies, memoria celta\u201d ye, quiciabes, el n\u00famberu de los Cartafueyos al que m\u00e1s ci\u00f1u-y tenemos, tanto por ser col qu\u2019entamamos la coleici\u00f3n, nun y\u00e1 llonxanu 1998, como pol so conten\u00edu: ye\u2019l cat\u00e1logu de la esposici\u00f3n del mesmu nome entamada pol daquella Conceyu d\u2019Estudios Etnogr\u00e1ficos Belenos. Ye un percorr\u00edu diacr\u00f3nicu y sincr\u00f3nicu pel devenir hest\u00f3ricu d\u2019Asturies [&hellip;]<\/p>\n","protected":false},"author":117,"featured_media":0,"comment_status":"closed","ping_status":"open","sticky":false,"template":"","format":"standard","meta":{"footnotes":""},"categories":[49],"tags":[],"class_list":["post-51618","post","type-post","status-publish","format-standard","hentry","category-revistes"],"_links":{"self":[{"href":"https:\/\/edublog.educastur.es\/ixuxu\/wp-json\/wp\/v2\/posts\/51618","targetHints":{"allow":["GET"]}}],"collection":[{"href":"https:\/\/edublog.educastur.es\/ixuxu\/wp-json\/wp\/v2\/posts"}],"about":[{"href":"https:\/\/edublog.educastur.es\/ixuxu\/wp-json\/wp\/v2\/types\/post"}],"author":[{"embeddable":true,"href":"https:\/\/edublog.educastur.es\/ixuxu\/wp-json\/wp\/v2\/users\/117"}],"replies":[{"embeddable":true,"href":"https:\/\/edublog.educastur.es\/ixuxu\/wp-json\/wp\/v2\/comments?post=51618"}],"version-history":[{"count":2,"href":"https:\/\/edublog.educastur.es\/ixuxu\/wp-json\/wp\/v2\/posts\/51618\/revisions"}],"predecessor-version":[{"id":51620,"href":"https:\/\/edublog.educastur.es\/ixuxu\/wp-json\/wp\/v2\/posts\/51618\/revisions\/51620"}],"wp:attachment":[{"href":"https:\/\/edublog.educastur.es\/ixuxu\/wp-json\/wp\/v2\/media?parent=51618"}],"wp:term":[{"taxonomy":"category","embeddable":true,"href":"https:\/\/edublog.educastur.es\/ixuxu\/wp-json\/wp\/v2\/categories?post=51618"},{"taxonomy":"post_tag","embeddable":true,"href":"https:\/\/edublog.educastur.es\/ixuxu\/wp-json\/wp\/v2\/tags?post=51618"}],"curies":[{"name":"wp","href":"https:\/\/api.w.org\/{rel}","templated":true}]}}