{"id":51621,"date":"2025-06-24T22:49:47","date_gmt":"2025-06-24T20:49:47","guid":{"rendered":"https:\/\/edublog.educastur.es\/ixuxu\/?p=51621"},"modified":"2025-06-26T11:02:19","modified_gmt":"2025-06-26T09:02:19","slug":"poema-de-lorena-larranaga-valencia","status":"publish","type":"post","link":"https:\/\/edublog.educastur.es\/ixuxu\/2025\/06\/poema-de-lorena-larranaga-valencia\/","title":{"rendered":"Poema de Lorena Larra\u00f1aga"},"content":{"rendered":"<p><span style=\"font-size: 20px;color: #ffff99\"><em>Te busqu\u00e9<\/em><\/span><br \/>\n<span style=\"font-size: 20px;color: #ffff99\"><em> na bruma caliente d&#8217;un xueves ensin nome, <\/em><\/span><br \/>\n<span style=\"font-size: 20px;color: #ffff99\"><em>colos deos rotos de tantu apalpar ausencies <\/em><\/span><br \/>\n<span style=\"font-size: 20px;color: #ffff99\"><em>que se paec\u00eden a ti.<\/em><\/span><\/p>\n<p><span style=\"font-size: 20px;color: #ffff99\"><em>Te averasti <\/em><\/span><br \/>\n<span style=\"font-size: 20px;color: #ffff99\"><em>esnuda de too menos del temblor<\/em><\/span><br \/>\n<span style=\"font-size: 20px;color: #ffff99\"><em>mir\u00e1ndome de frente <\/em><\/span><br \/>\n<span style=\"font-size: 20px;color: #ffff99\"><em>como se mira a los trenes que nun vuelven<\/em><\/span><br \/>\n<span style=\"font-size: 20px;color: #ffff99\"><em>y col aselu esactu <\/em><\/span><br \/>\n<span style=\"font-size: 20px;color: #ffff99\"><em>de quien nun promete pero ambura.<\/em><\/span><\/p>\n<p><span style=\"font-size: 20px;color: #ffff99\"><em>Espurrimos el tiempu hasta faelo cama <\/em><\/span><br \/>\n<span style=\"font-size: 20px;color: #ffff99\"><em>d\u00e1ndonos el cuerpu <\/em><\/span><br \/>\n<span style=\"font-size: 20px;color: #ffff99\"><em>primero que la palabra, <\/em><\/span><br \/>\n<span style=\"font-size: 20px;color: #ffff99\"><em>como si&#8217;l llinguaxe fuera un escesu <\/em><\/span><br \/>\n<span style=\"font-size: 20px;color: #ffff99\"><em>y non una ponte.<\/em><\/span><\/p>\n<p><span style=\"font-size: 20px;color: #ffff99\"><em>Vi dempu\u00e9s cayer la lluz na to piel <\/em><\/span><br \/>\n<span style=\"font-size: 20px;color: #ffff99\"><em>y entend\u00ed ent\u00f3s<\/em><\/span><br \/>\n<span style=\"font-size: 20px;color: #ffff99\"><em> qu&#8217;hai guerres que se llibren solo una vegada.<\/em><\/span><\/p>\n<p><span style=\"font-size: 20px;color: #ffff99\"><em>Te vististi <\/em><\/span><br \/>\n<span style=\"font-size: 20px;color: #ffff99\"><em>ensin mirar tras<\/em><\/span><br \/>\n<span style=\"font-size: 20px;color: #ffff99\"><em>igual que se visten los que nunca se van <\/em><\/span><br \/>\n<span style=\"font-size: 20px;color: #ffff99\"><em>y qued\u00e9 sentada <\/em><\/span><br \/>\n<span style=\"font-size: 20px;color: #ffff99\"><em>descalza de duldes<\/em><\/span><br \/>\n<span style=\"font-size: 20px;color: #ffff99\"><em>pero cola habitaci\u00f3n llena de respuestes.<\/em><\/span><\/p>\n<p style=\"text-align: center\"><span style=\"text-decoration: underline;color: #cc99ff\"><strong><em>Lorena Larra\u00f1aga<\/em><\/strong><\/span><span style=\"color: #cc99ff\"><em> (Valencia, 1973)<\/em><\/span><\/p>\n<p style=\"text-align: center\"><em><a href=\"https:\/\/meduliaeditorial.es\/libro\/piel-de-espera-y-lluvia\/\">Poemario \u00abPiel de espera y lluvia\u00bb, Ed. Medulia<\/a><\/em><\/p>\n<p><!--more--><\/p>\n<div class=\"xdj266r x14z9mp xat24cr x1lziwak x1vvkbs x126k92a\">\n<div dir=\"auto\" style=\"text-align: center\">\n<!-- iframe plugin v.6.0 wordpress.org\/plugins\/iframe\/ -->\n<iframe loading=\"lazy\" src=\"https:\/\/www.facebook.com\/plugins\/post.php?href=https%3A%2F%2Fwww.facebook.com%2Florena.galileo%2Fposts%2Fpfbid02pjqoWzma73fwYQVmeoUw1Vuob4wkScFt58zY9UqQ5gY23ydz82eiHbwiQdGTzTZVl&#038;show_text=true&#038;width=500\" width=\"500\" height=\"666\" style=\"border:none;overflow:hidden\" scrolling=\"no\" frameborder=\"0\" allowfullscreen=\"true\" allow=\"autoplay; clipboard-write; encrypted-media; picture-in-picture; web-share\" 0=\"\/iframe\" class=\"iframe-class\"><\/iframe>\n<\/div>\n<div dir=\"auto\"><\/div>\n<div dir=\"auto\"><a href=\"https:\/\/meduliaeditorial.es\/wp-content\/uploads\/2025\/02\/piel_de_espera_y_lluvia.webp\"><img loading=\"lazy\" decoding=\"async\" class=\"aligncenter size-large\" src=\"https:\/\/meduliaeditorial.es\/wp-content\/uploads\/2025\/02\/piel_de_espera_y_lluvia.webp\" width=\"1024\" height=\"1024\" \/><\/a><\/div>\n<div dir=\"auto\"><\/div>\n<div dir=\"auto\"><\/div>\n<\/div>\n<p>&nbsp;<\/p>\n<p>&nbsp;<\/p>\n<div class=\"x14z9mp xat24cr x1lziwak x1vvkbs xtlvy1s x126k92a\">\n<div dir=\"auto\" style=\"text-align: center\"><\/div>\n<\/div>\n","protected":false},"excerpt":{"rendered":"<p>Te busqu\u00e9 na bruma caliente d&#8217;un xueves ensin nome, colos deos rotos de tantu apalpar ausencies que se paec\u00eden a ti. Te averasti esnuda de too menos del temblor mir\u00e1ndome de frente como se mira a los trenes que nun vuelven y col aselu esactu de quien nun promete pero ambura. Espurrimos el tiempu hasta [&hellip;]<\/p>\n","protected":false},"author":117,"featured_media":0,"comment_status":"closed","ping_status":"open","sticky":false,"template":"","format":"aside","meta":{"footnotes":""},"categories":[39],"tags":[],"class_list":["post-51621","post","type-post","status-publish","format-aside","hentry","category-poesia","post_format-post-format-aside"],"_links":{"self":[{"href":"https:\/\/edublog.educastur.es\/ixuxu\/wp-json\/wp\/v2\/posts\/51621","targetHints":{"allow":["GET"]}}],"collection":[{"href":"https:\/\/edublog.educastur.es\/ixuxu\/wp-json\/wp\/v2\/posts"}],"about":[{"href":"https:\/\/edublog.educastur.es\/ixuxu\/wp-json\/wp\/v2\/types\/post"}],"author":[{"embeddable":true,"href":"https:\/\/edublog.educastur.es\/ixuxu\/wp-json\/wp\/v2\/users\/117"}],"replies":[{"embeddable":true,"href":"https:\/\/edublog.educastur.es\/ixuxu\/wp-json\/wp\/v2\/comments?post=51621"}],"version-history":[{"count":10,"href":"https:\/\/edublog.educastur.es\/ixuxu\/wp-json\/wp\/v2\/posts\/51621\/revisions"}],"predecessor-version":[{"id":51705,"href":"https:\/\/edublog.educastur.es\/ixuxu\/wp-json\/wp\/v2\/posts\/51621\/revisions\/51705"}],"wp:attachment":[{"href":"https:\/\/edublog.educastur.es\/ixuxu\/wp-json\/wp\/v2\/media?parent=51621"}],"wp:term":[{"taxonomy":"category","embeddable":true,"href":"https:\/\/edublog.educastur.es\/ixuxu\/wp-json\/wp\/v2\/categories?post=51621"},{"taxonomy":"post_tag","embeddable":true,"href":"https:\/\/edublog.educastur.es\/ixuxu\/wp-json\/wp\/v2\/tags?post=51621"}],"curies":[{"name":"wp","href":"https:\/\/api.w.org\/{rel}","templated":true}]}}