{"id":51642,"date":"2025-06-22T22:00:48","date_gmt":"2025-06-22T20:00:48","guid":{"rendered":"https:\/\/edublog.educastur.es\/ixuxu\/?p=51642"},"modified":"2025-06-26T09:47:46","modified_gmt":"2025-06-26T07:47:46","slug":"el-real-uvieu-celebro-la-presentacion-de-la-so-camiseta-para-la-temporada-del-centenariu","status":"publish","type":"post","link":"https:\/\/edublog.educastur.es\/ixuxu\/2025\/06\/el-real-uvieu-celebro-la-presentacion-de-la-so-camiseta-para-la-temporada-del-centenariu\/","title":{"rendered":"El Real Uvi\u00e9u celebr\u00f3 la presentaci\u00f3n de la so camiseta para la temporada del centenariu"},"content":{"rendered":"<div class=\"html-div xdj266r x14z9mp xat24cr x1lziwak xexx8yu x1a8lsjc xf7dkkf xv54qhq\">\n<div class=\"html-div xdj266r x14z9mp xat24cr x1lziwak xexx8yu xyri2b x18d9i69 x1c1uobl x1jx94hy x78zum5 x1q0g3np\">\n<div class=\"x78zum5 xdt5ytf xz62fqu x16ldp7u\">\n<div class=\"xu06os2 x1ok221b\">\n<div class=\"html-div xdj266r x14z9mp xat24cr x1lziwak xexx8yu xyri2b x18d9i69 x1c1uobl\" data-ad-rendering-role=\"profile_name\">\n<ul>\n<li class=\"html-h3 x14z9mp xat24cr x1lziwak xexx8yu xyri2b x18d9i69 x1c1uobl x1vvkbs x1heor9g x1qlqyl8 x1pd3egz x1a2a7pz x1gslohp x1yc453h\"><span class=\"x1lliihq x6ikm8r x10wlt62 x1n2onr6\"><span class=\"xt0psk2\"><a class=\"x1i10hfl xjbqb8w x1ejq31n x18oe1m7 x1sy0etr xstzfhl x972fbf x10w94by x1qhh985 x14e42zd x9f619 x1ypdohk xt0psk2 xe8uvvx xdj266r x14z9mp xat24cr x1lziwak xexx8yu xyri2b x18d9i69 x1c1uobl x16tdsg8 x1hl2dhg xggy1nq x1a2a7pz xkrqix3 x1sur9pj xzsf02u x1s688f\" role=\"link\" href=\"https:\/\/www.facebook.com\/RealOviedo?__cft__[0]=AZWnijFduaeKU9ktsxGQUzJcGma-9h6r3BnsCg7Xb8ye1smpmJmHwAx-Lh-s2WYQtOAp7vrILj_YwyfjkRa17rW3DXbFuIpnejA9KNrE7K0kBE23U9gSJnKWAD3czr0S5pMZswUnehQG997brdZLpDccTxz4bUT-kssgoHBogjhBEXccr2yXjbZCvneZHPl75cDVJ4XN_5SN_ESCyifkJLd9hgrG4uFvKqwBA-kdLAxMXw&amp;__tn__=-UC%2CP-y-R\"><strong class=\"html-strong xdj266r x14z9mp xat24cr x1lziwak xexx8yu xyri2b x18d9i69 x1c1uobl x1hl2dhg x16tdsg8 x1vvkbs x1s688f\"><span class=\"html-span xdj266r x14z9mp xat24cr x1lziwak xexx8yu xyri2b x18d9i69 x1c1uobl x1hl2dhg x16tdsg8 x1vvkbs\">Real Oviedo<\/span><\/strong><\/a><\/span> <\/span><span style=\"font-size: 16px\">\/<\/span><span class=\"html-span xexx8yu xyri2b x18d9i69 x1c1uobl x1hl2dhg x16tdsg8 x1vvkbs x3nfvp2 x1j61x8r x1fcty0u xdj266r xat24cr xm2jcoa x1mpyi22 xxymvpz xlup9mm x1kky2od\" style=\"font-size: 16px\"><img loading=\"lazy\" decoding=\"async\" class=\"xz74otr x15mokao x1ga7v0g x16uus16 xbiv7yw\" src=\"https:\/\/static.xx.fbcdn.net\/images\/emoji.php\/v9\/t7b\/1\/16\/267e.png\" alt=\"\u267e\ufe0f\" width=\"16\" height=\"16\" \/><\/span> <span class=\"html-span xdj266r x14z9mp xat24cr x1lziwak xexx8yu xyri2b x18d9i69 x1c1uobl x1hl2dhg x16tdsg8 x1vvkbs\" style=\"font-size: 16px\"><a class=\"x1i10hfl xjbqb8w x1ejq31n x18oe1m7 x1sy0etr xstzfhl x972fbf x10w94by x1qhh985 x14e42zd x9f619 x1ypdohk xt0psk2 xe8uvvx xdj266r x14z9mp xat24cr x1lziwak xexx8yu xyri2b x18d9i69 x1c1uobl x16tdsg8 x1hl2dhg xggy1nq x1a2a7pz xkrqix3 x1sur9pj x1fey0fg x1s688f\" role=\"link\" href=\"https:\/\/www.facebook.com\/hashtag\/realoviedo100?__eep__=6&amp;__cft__[0]=AZWnijFduaeKU9ktsxGQUzJcGma-9h6r3BnsCg7Xb8ye1smpmJmHwAx-Lh-s2WYQtOAp7vrILj_YwyfjkRa17rW3DXbFuIpnejA9KNrE7K0kBE23U9gSJnKWAD3czr0S5pMZswUnehQG997brdZLpDccTxz4bUT-kssgoHBogjhBEXccr2yXjbZCvneZHPl75cDVJ4XN_5SN_ESCyifkJLd9hgrG4uFvKqwBA-kdLAxMXw&amp;__tn__=*NK-y-R\">#RealOviedo100<\/a><\/span> <span class=\"html-span xexx8yu xyri2b x18d9i69 x1c1uobl x1hl2dhg x16tdsg8 x1vvkbs x3nfvp2 x1j61x8r x1fcty0u xdj266r xat24cr xm2jcoa x1mpyi22 xxymvpz xlup9mm x1kky2od\" style=\"font-size: 16px\"><img loading=\"lazy\" decoding=\"async\" class=\"xz74otr x15mokao x1ga7v0g x16uus16 xbiv7yw\" src=\"https:\/\/static.xx.fbcdn.net\/images\/emoji.php\/v9\/tde\/1\/16\/1f4f8.png\" alt=\"\ud83d\udcf8\" width=\"16\" height=\"16\" \/><\/span><span class=\"html-span xexx8yu xyri2b x18d9i69 x1c1uobl x1hl2dhg x16tdsg8 x1vvkbs x3nfvp2 x1j61x8r x1fcty0u xdj266r xat24cr xm2jcoa x1mpyi22 xxymvpz xlup9mm x1kky2od\" style=\"font-size: 16px\"><img loading=\"lazy\" decoding=\"async\" class=\"xz74otr x15mokao x1ga7v0g x16uus16 xbiv7yw\" src=\"https:\/\/static.xx.fbcdn.net\/images\/emoji.php\/v9\/t6c\/1\/16\/1f499.png\" alt=\"\ud83d\udc99\" width=\"16\" height=\"16\" \/>\/<span class=\"html-span xdj266r x14z9mp xat24cr x1lziwak xexx8yu xyri2b x18d9i69 x1c1uobl x1hl2dhg x16tdsg8 x1vvkbs\"><a class=\"x1i10hfl xjbqb8w x1ejq31n x18oe1m7 x1sy0etr xstzfhl x972fbf x10w94by x1qhh985 x14e42zd x9f619 x1ypdohk xt0psk2 xe8uvvx xdj266r x14z9mp xat24cr x1lziwak xexx8yu xyri2b x18d9i69 x1c1uobl x16tdsg8 x1hl2dhg xggy1nq x1a2a7pz xkrqix3 x1sur9pj x1fey0fg x1s688f\" role=\"link\" href=\"https:\/\/www.facebook.com\/hashtag\/realoviedo?__eep__=6&amp;__cft__[0]=AZWnijFduaeKU9ktsxGQUzJcGma-9h6r3BnsCg7Xb8ye1smpmJmHwAx-Lh-s2WYQtOAp7vrILj_YwyfjkRa17rW3DXbFuIpnejA9KNrE7K0kBE23U9gSJnKWAD3czr0S5pMZswUnehQG997brdZLpDccTxz4bUT-kssgoHBogjhBEXccr2yXjbZCvneZHPl75cDVJ4XN_5SN_ESCyifkJLd9hgrG4uFvKqwBA-kdLAxMXw&amp;__tn__=*NK-y-R\">#RealOviedo<\/a><\/span> <span class=\"html-span xexx8yu xyri2b x18d9i69 x1c1uobl x1hl2dhg x16tdsg8 x1vvkbs x3nfvp2 x1j61x8r x1fcty0u xdj266r xat24cr xm2jcoa x1mpyi22 xxymvpz xlup9mm x1kky2od\"><img loading=\"lazy\" decoding=\"async\" class=\"xz74otr x15mokao x1ga7v0g x16uus16 xbiv7yw\" src=\"https:\/\/static.xx.fbcdn.net\/images\/emoji.php\/v9\/tef\/1\/16\/1f535.png\" alt=\"\ud83d\udd35\" width=\"16\" height=\"16\" \/><\/span><span class=\"html-span xexx8yu xyri2b x18d9i69 x1c1uobl x1hl2dhg x16tdsg8 x1vvkbs x3nfvp2 x1j61x8r x1fcty0u xdj266r xat24cr xm2jcoa x1mpyi22 xxymvpz xlup9mm x1kky2od\"><img loading=\"lazy\" decoding=\"async\" class=\"xz74otr x15mokao x1ga7v0g x16uus16 xbiv7yw\" src=\"https:\/\/static.xx.fbcdn.net\/images\/emoji.php\/v9\/t8d\/1\/16\/26aa.png\" alt=\"\u26aa\" width=\"16\" height=\"16\" \/><\/span><\/span><\/li>\n<li>Noticies: <a href=\"https:\/\/www.elcomercio.es\/real-oviedo\/piel-azul-dorada-celebrar-centenario-real-oviedo-20250625235249-nt.html\">El Comercio<\/a> \/ \/<\/li>\n<\/ul>\n<p style=\"text-align: center\"><a href=\"https:\/\/s3.ppllstatics.com\/elcomercio\/www\/multimedia\/2025\/06\/24\/106226337-kwGB--1200x840@El%20Comercio.jpg\"><img loading=\"lazy\" decoding=\"async\" class=\"aligncenter size-large\" src=\"https:\/\/s3.ppllstatics.com\/elcomercio\/www\/multimedia\/2025\/06\/24\/106226337-kwGB--1200x840@El%20Comercio.jpg\" width=\"1200\" height=\"840\" \/><\/a><\/p>\n<p>El Real Uvi\u00e9u celebr\u00f3 la presentaci\u00f3n de la so camiseta para la temporada del centenariu con un espectacular mapping audiovisual sobro la fachada del emblem\u00e1ticu Teatru Campoamor d&#8217;Uvi\u00e9u. El mapping xug\u00f3 colos detalles est\u00e9ticos de la nueva camiseta y los sos nuevos elementos, cuadros y tonos doraos\u2014 nuna guapa narrativa visual.<\/p>\n<p><!--more--><\/p>\n<p>Unu de los momentos m\u00e1s esperaos foi la revelaci\u00f3n final de la el\u00e1stica, con un dise\u00f1u elegante y sobrio, que permedia tradici\u00f3n ya innovaci\u00f3n.<\/p>\n<p style=\"text-align: center\"><a href=\"https:\/\/s1.ppllstatics.com\/elcomercio\/www\/multimedia\/2025\/06\/24\/camiseta-real-oviedo%20(11).jpg\"><img loading=\"lazy\" decoding=\"async\" class=\"aligncenter size-large\" src=\"https:\/\/s1.ppllstatics.com\/elcomercio\/www\/multimedia\/2025\/06\/24\/camiseta-real-oviedo%20(11).jpg\" width=\"1920\" height=\"1280\" \/><\/a><\/p>\n<p>L&#8217;actu, que rexunt\u00f3 a cientos d&#8217;aficionaos na plaza frente al teatru, tuvo como exa central xuna proyecci\u00f3n na que se repasaron 100 imaxes ic\u00f3niques de la hestoria del Real Uvi\u00e9u: dende los sos or\u00edxenes en 1926, pasando poles sos xestes deportives, lleendes como L\u00e1ngara o Carlos, hasta los momentos m\u00e1s reci\u00e9n.<\/p>\n<p><img loading=\"lazy\" decoding=\"async\" class=\"alignnone \" src=\"https:\/\/s3.ppllstatics.com\/elcomercio\/www\/multimedia\/2025\/06\/24\/camiseta2.jpg\" width=\"233\" height=\"346\" \/>\u00a0 \/ <img loading=\"lazy\" decoding=\"async\" class=\"alignnone \" src=\"https:\/\/s1.ppllstatics.com\/elcomercio\/www\/multimedia\/2025\/06\/24\/camiseta-real-oviedo%20(1).jpg\" width=\"210\" height=\"347\" \/><\/p>\n<p>El mapping xug\u00f3 colos detalles est\u00e9ticos de la nueva camiseta y <strong>los sos nuevos elementos, cuadros y tonos doraos\u2014 nuna guapa narrativa visual.<\/strong> Unu de los momentos m\u00e1s esperaos foi la revelaci\u00f3n final de la el\u00e1stica, con un dise\u00f1u elegante y sobrio, que permedia tradici\u00f3n ya innovaci\u00f3n.<\/p>\n<p style=\"text-align: center\">\n<!-- iframe plugin v.6.0 wordpress.org\/plugins\/iframe\/ -->\n<iframe loading=\"lazy\" src=\"https:\/\/www.facebook.com\/plugins\/post.php?href=https%3A%2F%2Fwww.facebook.com%2Fphoto.php%3Ffbid%3D1281847200203628%26set%3Da.274576974263994%26type%3D3&#038;show_text=false&#038;width=500\" width=\"500\" height=\"612\" style=\"border:none;overflow:hidden\" scrolling=\"no\" frameborder=\"0\" allowfullscreen=\"true\" allow=\"autoplay; clipboard-write; encrypted-media; picture-in-picture; web-share\" 0=\"\/iframe\" class=\"iframe-class\"><\/iframe>\n<\/p>\n<p>Tr\u00e9s aficionaos azules fueron los encargaos de posar coles nueves el\u00e1stiques. Noem\u00ed Garc\u00eda, Antonio Lanzos y Jimena P\u00e9rez, encarnen a esos aficion\u00e1u de los a\u00f1os de la folla, del postreru part\u00edu en Primer y qu\u00e9 tanto del futuru que ta por escribir.<\/p>\n<p>Como gran sorpresa de la nueche, el Club present\u00f3 oficialmente al so nuevu fichaxe, Brandom Domingues, que salt\u00f3 al escenariu enfundado na nueva el\u00e1stica \u00e9nte la ovaci\u00f3n de los presentes.<\/p>\n<p style=\"text-align: center\"><a href=\"https:\/\/s2.ppllstatics.com\/elcomercio\/www\/multimedia\/2025\/06\/24\/camiseta-real-oviedo%20(5).jpg\"><img loading=\"lazy\" decoding=\"async\" class=\"aligncenter size-large\" src=\"https:\/\/s2.ppllstatics.com\/elcomercio\/www\/multimedia\/2025\/06\/24\/camiseta-real-oviedo%20(5).jpg\" width=\"1920\" height=\"1280\" \/><\/a><\/p>\n<p>&nbsp;<\/p>\n<p style=\"text-align: center\">\n<!-- iframe plugin v.6.0 wordpress.org\/plugins\/iframe\/ -->\n<iframe loading=\"lazy\" src=\"https:\/\/www.facebook.com\/plugins\/video.php?height=314&#038;href=https%3A%2F%2Fwww.facebook.com%2FRealOviedo%2Fvideos%2F740043571760700%2F&#038;show_text=false&#038;width=560&#038;t=0\" width=\"560\" height=\"314\" style=\"border:none;overflow:hidden\" scrolling=\"no\" frameborder=\"0\" allowfullscreen=\"true\" allow=\"autoplay; clipboard-write; encrypted-media; picture-in-picture; web-share\" 0=\"\/iframe\" class=\"iframe-class\"><\/iframe>\n<\/p>\n<p style=\"text-align: center\">\n<!-- iframe plugin v.6.0 wordpress.org\/plugins\/iframe\/ -->\n<iframe loading=\"lazy\" src=\"https:\/\/www.facebook.com\/plugins\/post.php?href=https%3A%2F%2Fwww.facebook.com%2Fphoto.php%3Ffbid%3D1281880690200279%26set%3Da.274576974263994%26type%3D3&#038;show_text=false&#038;width=500\" width=\"500\" height=\"792\" style=\"border:none;overflow:hidden\" scrolling=\"no\" frameborder=\"0\" allowfullscreen=\"true\" allow=\"autoplay; clipboard-write; encrypted-media; picture-in-picture; web-share\" 0=\"\/iframe\" class=\"iframe-class\"><\/iframe>\n<\/p>\n<\/div>\n<\/div>\n<\/div>\n<\/div>\n<\/div>\n<p>&nbsp;<\/p>\n","protected":false},"excerpt":{"rendered":"<p>Real Oviedo \/ #RealOviedo100 \/#RealOviedo Noticies: El Comercio \/ \/ El Real Uvi\u00e9u celebr\u00f3 la presentaci\u00f3n de la so camiseta para la temporada del centenariu con un espectacular mapping audiovisual sobro la fachada del emblem\u00e1ticu Teatru Campoamor d&#8217;Uvi\u00e9u. El mapping xug\u00f3 colos detalles est\u00e9ticos de la nueva camiseta y los sos nuevos elementos, cuadros y [&hellip;]<\/p>\n","protected":false},"author":117,"featured_media":0,"comment_status":"closed","ping_status":"open","sticky":false,"template":"","format":"standard","meta":{"footnotes":""},"categories":[133,446],"tags":[],"class_list":["post-51642","post","type-post","status-publish","format-standard","hentry","category-deportes","category-real-uvieu"],"_links":{"self":[{"href":"https:\/\/edublog.educastur.es\/ixuxu\/wp-json\/wp\/v2\/posts\/51642","targetHints":{"allow":["GET"]}}],"collection":[{"href":"https:\/\/edublog.educastur.es\/ixuxu\/wp-json\/wp\/v2\/posts"}],"about":[{"href":"https:\/\/edublog.educastur.es\/ixuxu\/wp-json\/wp\/v2\/types\/post"}],"author":[{"embeddable":true,"href":"https:\/\/edublog.educastur.es\/ixuxu\/wp-json\/wp\/v2\/users\/117"}],"replies":[{"embeddable":true,"href":"https:\/\/edublog.educastur.es\/ixuxu\/wp-json\/wp\/v2\/comments?post=51642"}],"version-history":[{"count":6,"href":"https:\/\/edublog.educastur.es\/ixuxu\/wp-json\/wp\/v2\/posts\/51642\/revisions"}],"predecessor-version":[{"id":51690,"href":"https:\/\/edublog.educastur.es\/ixuxu\/wp-json\/wp\/v2\/posts\/51642\/revisions\/51690"}],"wp:attachment":[{"href":"https:\/\/edublog.educastur.es\/ixuxu\/wp-json\/wp\/v2\/media?parent=51642"}],"wp:term":[{"taxonomy":"category","embeddable":true,"href":"https:\/\/edublog.educastur.es\/ixuxu\/wp-json\/wp\/v2\/categories?post=51642"},{"taxonomy":"post_tag","embeddable":true,"href":"https:\/\/edublog.educastur.es\/ixuxu\/wp-json\/wp\/v2\/tags?post=51642"}],"curies":[{"name":"wp","href":"https:\/\/api.w.org\/{rel}","templated":true}]}}