{"id":51646,"date":"2025-06-25T08:30:03","date_gmt":"2025-06-25T06:30:03","guid":{"rendered":"https:\/\/edublog.educastur.es\/ixuxu\/?p=51646"},"modified":"2025-06-25T09:40:16","modified_gmt":"2025-06-25T07:40:16","slug":"el-tiempu-el-comercio-77","status":"publish","type":"post","link":"https:\/\/edublog.educastur.es\/ixuxu\/2025\/06\/el-tiempu-el-comercio-77\/","title":{"rendered":"El tiempu (El Comercio)"},"content":{"rendered":"<p style=\"text-align: center\"><a href=\"https:\/\/s1.ppllstatics.com\/elcomercio\/www\/multimedia\/2025\/06\/24\/prevision-tiempo-asturias-k24H-U2301948938566Ca-1200x860@El%20Comercio.jpg\"><img loading=\"lazy\" decoding=\"async\" class=\"aligncenter size-large\" src=\"https:\/\/s1.ppllstatics.com\/elcomercio\/www\/multimedia\/2025\/06\/24\/prevision-tiempo-asturias-k24H-U2301948938566Ca-1200x860@El%20Comercio.jpg\" width=\"1196\" height=\"858\" \/><\/a><\/p>\n<p><strong>Sigue l&#8217;alerta meteorol\u00f3xico n&#8217;Asturies.<span style=\"color: #008080\"> A partir de les 12<\/span><\/strong> d&#8217;esti mi\u00e9rcoles y hasta les 20 hores va tar activ\u00e1u l&#8217;avisu mariellu en tol Princip\u00e1u por bastios localmente fuertes que podr\u00eden rexistrar hasta 25 llitros per metro cuadr\u00e1u n&#8217;una hora. Am\u00e1s, van venir acompa\u00f1aos de nubes, de xarazo y de raches fuertes de vientu.<\/p>\n<p>Esta situaci\u00f3n d\u00e9bese a <span style=\"color: #008080\"><strong>una masa d&#8217;aire fr\u00edo aisllada en capes altes de la troposfera<\/strong> <\/span>que&#8217;l martes taba alcontrada al oeste de les mari\u00f1es portugueses, y que&#8217;l mi\u00e9rcoles va entamar un viaxe en direcci\u00f3n noreste hasta Francia, pero que va pasar pol noroeste peninsular a lo llargo del d\u00eda.<\/p>\n<p>Am\u00e1s,<span style=\"color: #008080\"><strong> les temperatures<\/strong> <\/span>van baxar de forma xeneralizada. Nel casu de les m\u00e1ximes, van baxar hasta 6 \u00baC na met\u00e1 sur, hasta 4 o 5 \u00baC nel restu salvu na mari\u00f1a onde&#8217;l descensu va ser daqu\u00e9 m\u00e1s moder\u00e1u. Les m\u00ednimes van baxar sobremanera nel cordal, y de forma m\u00e1s llixera nel restu.<\/p>\n<p><!--more--><\/p>\n<p><span style=\"color: #008080\"><strong>A partir del xueves<\/strong><\/span> el tiempu va dise claramente estabilizando. La masa d&#8217;aire fr\u00edo y\u00e1 va tar bien allo\u00f1ada y van dir entrando altes presiones polo que se preven cielos pocu nublos anque, eso s\u00ed, con cierta *nubosidad d&#8217;evoluci\u00f3n pela tarde. En ll\u00ednees xenerales, prevese una recta final de selmana veraniega con grandes ratos de sol y con temperatures a l&#8217;alza.<\/p>\n","protected":false},"excerpt":{"rendered":"<p>Sigue l&#8217;alerta meteorol\u00f3xico n&#8217;Asturies. A partir de les 12 d&#8217;esti mi\u00e9rcoles y hasta les 20 hores va tar activ\u00e1u l&#8217;avisu mariellu en tol Princip\u00e1u por bastios localmente fuertes que podr\u00eden rexistrar hasta 25 llitros per metro cuadr\u00e1u n&#8217;una hora. Am\u00e1s, van venir acompa\u00f1aos de nubes, de xarazo y de raches fuertes de vientu. Esta situaci\u00f3n [&hellip;]<\/p>\n","protected":false},"author":117,"featured_media":0,"comment_status":"closed","ping_status":"open","sticky":false,"template":"","format":"standard","meta":{"footnotes":""},"categories":[1],"tags":[],"class_list":["post-51646","post","type-post","status-publish","format-standard","hentry","category-sin-categoria"],"_links":{"self":[{"href":"https:\/\/edublog.educastur.es\/ixuxu\/wp-json\/wp\/v2\/posts\/51646","targetHints":{"allow":["GET"]}}],"collection":[{"href":"https:\/\/edublog.educastur.es\/ixuxu\/wp-json\/wp\/v2\/posts"}],"about":[{"href":"https:\/\/edublog.educastur.es\/ixuxu\/wp-json\/wp\/v2\/types\/post"}],"author":[{"embeddable":true,"href":"https:\/\/edublog.educastur.es\/ixuxu\/wp-json\/wp\/v2\/users\/117"}],"replies":[{"embeddable":true,"href":"https:\/\/edublog.educastur.es\/ixuxu\/wp-json\/wp\/v2\/comments?post=51646"}],"version-history":[{"count":1,"href":"https:\/\/edublog.educastur.es\/ixuxu\/wp-json\/wp\/v2\/posts\/51646\/revisions"}],"predecessor-version":[{"id":51647,"href":"https:\/\/edublog.educastur.es\/ixuxu\/wp-json\/wp\/v2\/posts\/51646\/revisions\/51647"}],"wp:attachment":[{"href":"https:\/\/edublog.educastur.es\/ixuxu\/wp-json\/wp\/v2\/media?parent=51646"}],"wp:term":[{"taxonomy":"category","embeddable":true,"href":"https:\/\/edublog.educastur.es\/ixuxu\/wp-json\/wp\/v2\/categories?post=51646"},{"taxonomy":"post_tag","embeddable":true,"href":"https:\/\/edublog.educastur.es\/ixuxu\/wp-json\/wp\/v2\/tags?post=51646"}],"curies":[{"name":"wp","href":"https:\/\/api.w.org\/{rel}","templated":true}]}}