{"id":51682,"date":"2025-06-26T08:28:19","date_gmt":"2025-06-26T06:28:19","guid":{"rendered":"https:\/\/edublog.educastur.es\/ixuxu\/?p=51682"},"modified":"2025-06-26T09:31:32","modified_gmt":"2025-06-26T07:31:32","slug":"el-tiempu-el-comercio-78","status":"publish","type":"post","link":"https:\/\/edublog.educastur.es\/ixuxu\/2025\/06\/el-tiempu-el-comercio-78\/","title":{"rendered":"El tiempu (El Comercio)"},"content":{"rendered":"<p style=\"text-align: center\"><a href=\"https:\/\/s1.ppllstatics.com\/elcomercio\/www\/multimedia\/2025\/06\/25\/prevision-tiempo-asturias-kA3E-U2301948938566Ca-1200x860@El%20Comercio.jpg\"><img loading=\"lazy\" decoding=\"async\" class=\"aligncenter size-large\" src=\"https:\/\/s1.ppllstatics.com\/elcomercio\/www\/multimedia\/2025\/06\/25\/prevision-tiempo-asturias-kA3E-U2301948938566Ca-1200x860@El%20Comercio.jpg\" width=\"1200\" height=\"860\" \/><\/a><\/p>\n<p>L&#8217;embolsamiento d&#8217;aire fr\u00edo n&#8217;altor que nos visit\u00f3&#8217;l mi\u00e9rcoles y\u00e1 s&#8217;allo\u00f1\u00f3 y da pasu a la entrada d&#8217;altes presiones que van dexar un panorama totalmente estable na nuesa rex\u00f3n mientres los pr\u00f3ximos d\u00edes. <span style=\"color: #008080\"><strong>El xueves<\/strong> <\/span>prevense a lo sumo dellos intervalos nublos que van tender a sumir pela tarde salvu nel cordal onde ent\u00e1 podr\u00eden siguir presentes. <span style=\"color: #008080\"><strong>Los vientos<\/strong><\/span> van ser fluexos polo xeneral pudiendo predominar de norte pela tarde. <strong><span style=\"color: #008080\">Les temperatures m\u00e1ximes<\/span><\/strong> van xubir nel suroeste y nel cordal, ente que se van caltener nel restu. <strong><span style=\"color: #008080\">Les m\u00ednimes<\/span><\/strong> van baxar llixeramente sobremanera nel interior oriental.<\/p>\n<p><!--more--><\/p>\n<p><span style=\"color: #008080\"><strong> El vienres<\/strong> <\/span>va ser un d\u00eda soleyeru polo xeneral. S\u00eda que non, nun se refuga delles nubes de tipu baxu na mari\u00f1a mientres les primeres hores pero van tender a estenase col intre de la ma\u00f1ana.<span style=\"color: #008080\"><strong> Los vientos<\/strong> <\/span>van ser fluexos. <strong><span style=\"color: #008080\">Les temperatures m\u00e1ximes<\/span><\/strong> van xubir de forma xeneralizada anque va ser m\u00e1s significativu esti ascensu nel interior. Les m\u00ednimes apenes van esperimentar cambeos respecto al xueves. El bon tiempu va siguir<span style=\"color: #008080\"><strong> tantu&#8217;l s\u00e1badu como&#8217;l domingu<\/strong> <\/span>con unes temperatures nuevamente a l&#8217;alza. Tou apunta a que siquier los primeros d\u00edes de la pr\u00f3xima selmana tami\u00e9n tengamos unes condiciones meteorol\u00f3xiques estables nel Princip\u00e1u.<\/p>\n","protected":false},"excerpt":{"rendered":"<p>L&#8217;embolsamiento d&#8217;aire fr\u00edo n&#8217;altor que nos visit\u00f3&#8217;l mi\u00e9rcoles y\u00e1 s&#8217;allo\u00f1\u00f3 y da pasu a la entrada d&#8217;altes presiones que van dexar un panorama totalmente estable na nuesa rex\u00f3n mientres los pr\u00f3ximos d\u00edes. El xueves prevense a lo sumo dellos intervalos nublos que van tender a sumir pela tarde salvu nel cordal onde ent\u00e1 podr\u00eden siguir [&hellip;]<\/p>\n","protected":false},"author":117,"featured_media":0,"comment_status":"closed","ping_status":"open","sticky":false,"template":"","format":"standard","meta":{"footnotes":""},"categories":[5],"tags":[],"class_list":["post-51682","post","type-post","status-publish","format-standard","hentry","category-tiempu"],"_links":{"self":[{"href":"https:\/\/edublog.educastur.es\/ixuxu\/wp-json\/wp\/v2\/posts\/51682","targetHints":{"allow":["GET"]}}],"collection":[{"href":"https:\/\/edublog.educastur.es\/ixuxu\/wp-json\/wp\/v2\/posts"}],"about":[{"href":"https:\/\/edublog.educastur.es\/ixuxu\/wp-json\/wp\/v2\/types\/post"}],"author":[{"embeddable":true,"href":"https:\/\/edublog.educastur.es\/ixuxu\/wp-json\/wp\/v2\/users\/117"}],"replies":[{"embeddable":true,"href":"https:\/\/edublog.educastur.es\/ixuxu\/wp-json\/wp\/v2\/comments?post=51682"}],"version-history":[{"count":1,"href":"https:\/\/edublog.educastur.es\/ixuxu\/wp-json\/wp\/v2\/posts\/51682\/revisions"}],"predecessor-version":[{"id":51683,"href":"https:\/\/edublog.educastur.es\/ixuxu\/wp-json\/wp\/v2\/posts\/51682\/revisions\/51683"}],"wp:attachment":[{"href":"https:\/\/edublog.educastur.es\/ixuxu\/wp-json\/wp\/v2\/media?parent=51682"}],"wp:term":[{"taxonomy":"category","embeddable":true,"href":"https:\/\/edublog.educastur.es\/ixuxu\/wp-json\/wp\/v2\/categories?post=51682"},{"taxonomy":"post_tag","embeddable":true,"href":"https:\/\/edublog.educastur.es\/ixuxu\/wp-json\/wp\/v2\/tags?post=51682"}],"curies":[{"name":"wp","href":"https:\/\/api.w.org\/{rel}","templated":true}]}}