{"id":51684,"date":"2025-06-26T09:33:46","date_gmt":"2025-06-26T07:33:46","guid":{"rendered":"https:\/\/edublog.educastur.es\/ixuxu\/?p=51684"},"modified":"2025-06-26T09:37:54","modified_gmt":"2025-06-26T07:37:54","slug":"51684","status":"publish","type":"post","link":"https:\/\/edublog.educastur.es\/ixuxu\/2025\/06\/51684\/","title":{"rendered":"Les muyeres tami\u00e9n cazaben grandes besties na Prehistoria"},"content":{"rendered":"<ul>\n<li>Fonte: <a href=\"https:\/\/www.elcomercio.es\/xlsemanal\/a-fondo\/podcast-mujeres-caza-prehistoria-hallazgo-antropologia.html\">El Comercio<\/a> \/ Por Daniel M\u00e9ndez | Narr\u00e1u por: Raquel Pel\u00e1ez<\/li>\n<li>P\u00f3dcast | Les voces de XLSemanal<\/li>\n<\/ul>\n<article class=\"xl-a xl-a--d xl-a--d-s xl-a--d-s-x xl-a--d-s-x--t2 xl-a--p-r xl-a--p-b-sm\">\n<div class=\"xl-a-inf-c xl-a-inf-c--t1 \">\n<p style=\"text-align: center\"><a href=\"https:\/\/www.elcomercio.es\/xlsemanal\/wp-content\/uploads\/sites\/5\/2025\/06\/podcast-Mujeres-cazadoras-prehistoria.jpg\"><img loading=\"lazy\" decoding=\"async\" class=\"aligncenter \" src=\"https:\/\/www.elcomercio.es\/xlsemanal\/wp-content\/uploads\/sites\/5\/2025\/06\/podcast-Mujeres-cazadoras-prehistoria.jpg\" width=\"455\" height=\"319\" \/><\/a><\/p>\n<p>Mientres d\u00e9cades asumi\u00f3se que nes antig\u00fces sociedaes solo dedic\u00e1bense a la caza de grandes animales los homes. Afayos en Per\u00fa y Estaos Xun\u00edos echen per tierra esa teor\u00eda. Les muyeres de la Prehistoria cazaben\u2026 y enforma. Te cunt\u00e1moslo nel nuevu p\u00f3dcast de Les voces de XLSemanal.<\/p>\n<\/div>\n<\/article>\n<div class=\"xl-c xl-c--s\">\n<div class=\"xl-d xl-d--abc xl-d--spl\">\n<div class=\"row vc_row wpb_row vc_row-fluid\">\n<div class=\"\">\n<div class=\"wpb_column vc_column_container vc_col-sm-12\">\n<div class=\"wpb_raw_code wpb_content_element wpb_raw_html\">\n<div class=\"wpb_wrapper\"><\/div>\n<\/div>\n<div class=\"vc_empty_space\"><\/div>\n<div class=\"voc-detail__cmp \">\n<div class=\"voc-file-author\">\n<figure class=\"voc-file-author__photo\"><\/figure>\n<div class=\"voc-file-author__info-author\">\n<h4><\/h4>\n<\/div>\n<\/div>\n<\/div>\n<\/div>\n<\/div>\n<\/div>\n<\/div>\n<\/div>\n","protected":false},"excerpt":{"rendered":"<p>Fonte: El Comercio \/ Por Daniel M\u00e9ndez | Narr\u00e1u por: Raquel Pel\u00e1ez P\u00f3dcast | Les voces de XLSemanal Mientres d\u00e9cades asumi\u00f3se que nes antig\u00fces sociedaes solo dedic\u00e1bense a la caza de grandes animales los homes. Afayos en Per\u00fa y Estaos Xun\u00edos echen per tierra esa teor\u00eda. Les muyeres de la Prehistoria cazaben\u2026 y enforma. Te [&hellip;]<\/p>\n","protected":false},"author":117,"featured_media":0,"comment_status":"closed","ping_status":"open","sticky":false,"template":"","format":"standard","meta":{"footnotes":""},"categories":[377,1],"tags":[],"class_list":["post-51684","post","type-post","status-publish","format-standard","hentry","category-podcast","category-sin-categoria"],"_links":{"self":[{"href":"https:\/\/edublog.educastur.es\/ixuxu\/wp-json\/wp\/v2\/posts\/51684","targetHints":{"allow":["GET"]}}],"collection":[{"href":"https:\/\/edublog.educastur.es\/ixuxu\/wp-json\/wp\/v2\/posts"}],"about":[{"href":"https:\/\/edublog.educastur.es\/ixuxu\/wp-json\/wp\/v2\/types\/post"}],"author":[{"embeddable":true,"href":"https:\/\/edublog.educastur.es\/ixuxu\/wp-json\/wp\/v2\/users\/117"}],"replies":[{"embeddable":true,"href":"https:\/\/edublog.educastur.es\/ixuxu\/wp-json\/wp\/v2\/comments?post=51684"}],"version-history":[{"count":3,"href":"https:\/\/edublog.educastur.es\/ixuxu\/wp-json\/wp\/v2\/posts\/51684\/revisions"}],"predecessor-version":[{"id":51687,"href":"https:\/\/edublog.educastur.es\/ixuxu\/wp-json\/wp\/v2\/posts\/51684\/revisions\/51687"}],"wp:attachment":[{"href":"https:\/\/edublog.educastur.es\/ixuxu\/wp-json\/wp\/v2\/media?parent=51684"}],"wp:term":[{"taxonomy":"category","embeddable":true,"href":"https:\/\/edublog.educastur.es\/ixuxu\/wp-json\/wp\/v2\/categories?post=51684"},{"taxonomy":"post_tag","embeddable":true,"href":"https:\/\/edublog.educastur.es\/ixuxu\/wp-json\/wp\/v2\/tags?post=51684"}],"curies":[{"name":"wp","href":"https:\/\/api.w.org\/{rel}","templated":true}]}}