{"id":51696,"date":"2025-06-26T10:46:31","date_gmt":"2025-06-26T08:46:31","guid":{"rendered":"https:\/\/edublog.educastur.es\/ixuxu\/?p=51696"},"modified":"2025-06-26T10:46:31","modified_gmt":"2025-06-26T08:46:31","slug":"la-ospa-celebra-esti-vienres-la-riqueza-del-patrimoniu-de-la-humanida","status":"publish","type":"post","link":"https:\/\/edublog.educastur.es\/ixuxu\/2025\/06\/la-ospa-celebra-esti-vienres-la-riqueza-del-patrimoniu-de-la-humanida\/","title":{"rendered":"La OSPA celebra esti vienres la riqueza del &#8216;Patrimoniu de la Humanid\u00e1&#8217;"},"content":{"rendered":"<p><a href=\"https:\/\/actualidad.asturias.es\/documents\/537115\/2653307\/Ospa.jpg\/f36804d0-c24c-d26b-66eb-0a4b0db039dc?t=1750862036989\"><img loading=\"lazy\" decoding=\"async\" class=\"aligncenter\" src=\"https:\/\/actualidad.asturias.es\/documents\/537115\/2653307\/Ospa.jpg\/f36804d0-c24c-d26b-66eb-0a4b0db039dc?t=1750862036989\" alt=\"\" width=\"315\" height=\"446\" \/><\/a><\/p>\n<p>La OSPA celebra esti vienres la riqueza del &#8216;Patrimoniu de la Humanid\u00e1&#8217; con un programa sinf\u00f3nicu de grandes cumes universales. Rub\u00e9n D\u00edez dirixe un programa que funde les grandes cumes del repertoriu cl\u00e1sicu que val pa celebrar la cultura sidrera asturiana. Les entraes pueden sacase al travi\u00e9s de la web de la orquesta o na taquilla del auditoriu.<\/p>\n<p class=\"description\"><!--more--><\/p>\n<p>La Orquesta Sinf\u00f3nica del Princip\u00e1u d\u2019Asturies (OSPA) va ufrir esti vienres 27 de xunu, a les 20 hores, nel Auditoriu\u00a0<em>Pr\u00edncipe Felipe\u00a0<\/em>d\u2019Uvi\u00e9u, el conciertu estraordinariu\u00a0<em>Patrimoniu de la Humanid\u00e1,\u00a0<\/em>un programa qu\u2019axunta la universalid\u00e1 de la m\u00fasica sinf\u00f3nica col arguyu de les nuestres ra\u00edces culturales. Baxo la batuta del director asturianu Rub\u00e9n D\u00edez, la OSPA fai homenaxe a dalgunes de les grandes cumes del repertoriu cl\u00e1sicu \u2014Mozart, Beethoven, Chaikovski, Dvo\u0159\u00e1k y Haydn\u2014, nun chisgu simb\u00f3licu a los valores qu\u2019axunten l\u2019arte cola identid\u00e1 colectiva de los pueblos.<\/p>\n<p>Esti conciertu cel\u00e9brase am\u00e1s nun momentu bien significativu p\u2019Asturies, depu\u00e9s de la declaraci\u00f3n reci\u00e9n de la cultura sidrera asturiana como Patrimoniu Cutural Inmaterial de la Humanid\u00e1 pola Unesco. Una tradici\u00f3n milenaria que va muncho m\u00e1s p\u2019all\u00e1 d\u2019una bebida: ye ritu, ye comunid\u00e1, ye paisaxe, ye fiesta y memoria compartida. La m\u00fasica y la sidra d\u00e1nse la mano nesta cita pa reivindicar l\u2019arguyu de lo que somos, dende lo local a lo universal.<\/p>\n<p>La velada sinf\u00f3nica va incluyir cinco sinfon\u00edes universales que marcaron la historia de la m\u00fasica: la n.u 41 en do mayor\u00a0<em>X\u00fapiter<\/em>\u00a0de Mozart, la n.u 5 en do menor de Beethoven, la n.u 6 en si menor\u00a0<em>Pat\u00e9tica\u00a0<\/em>de Chaikovski, la n.u 9 en mi menor\u00a0<em>Del Nuevo Mundo\u00a0<\/em>de Dvo\u0159\u00e1k y la n.u 45 en fa sostenido menor\u00a0<em>De los adioses<\/em>\u00a0de Haydn. Un percorr\u00edu sonoru pela emoci\u00f3n, la llucha, la se\u00f1ard\u00e1 y la esperanza, que conecta colos valores m\u00e1s fondos de la humanid\u00e1.<\/p>\n<p>Al frente va tar Rub\u00e9n D\u00edez, una de les figures m\u00e1s brillantes del panorama musical actual. Natural d\u2019Avil\u00e9s, la so carrera ta marcada pol talentu, la formaci\u00f3n rigorosa y una sensibilid\u00e1 art\u00edstica que lu llev\u00f3 a dirixir en teatros y festivales importantes tanto n\u2019Espa\u00f1a como nel estranxeru. Form\u00e1u na Scuola Civica de Mil\u00e1n y nel Real Conservatoriu Superior de M\u00fasica de Madrid, trabay\u00f3 con nomes de referencia y dirix\u00f3 orquestes, \u00f3peres y proyectos muntidisciplinares que demuestren la so versatilid\u00e1. Nel 2023 y\u00e1 se punxo al frente de la OSPA na xira\u00a0<em>OSPA de Cerca.<\/em><\/p>\n<p>Les entraes pal conciertu pueden sacase al travi\u00e9s de la web de la orquesta asturiana (<a href=\"http:\/\/www.ospa.es\/\" target=\"_blank\" rel=\"noopener\">www.ospa.es<\/a>) o na taquilla del Auditoriu Pr\u00edncipe Felipe ente les 9.30 y les 14.00 hores los d\u00edes d\u2019enantes, y el mesmu d\u00eda del conciertu ente les 17 y les 20 hores, con precios populares de 10 euros pal patiu y 8 euros pal anfiteatru. Una oportunid\u00e1 \u00fanica pa disfrutar de la gran m\u00fasica sinf\u00f3nica celebrando, al empar, \u00fan de los llegaos m\u00e1s quer\u00edos del pueblu asturianu: la so cultura sidrera.<\/p>\n<div class=\"contenido-article documentacion\">\n<h4 style=\"text-align: center\"><a href=\"https:\/\/actualidad.asturias.es\/documents\/537115\/2653307\/Programa.png\/fc8e1be7-9637-f789-78ce-5a5de2c797e7?t=1750862037132\"><img loading=\"lazy\" decoding=\"async\" class=\"aligncenter \" src=\"https:\/\/actualidad.asturias.es\/documents\/537115\/2653307\/Programa.png\/fc8e1be7-9637-f789-78ce-5a5de2c797e7?t=1750862037132\" width=\"536\" height=\"751\" \/><\/a><\/h4>\n<\/div>\n","protected":false},"excerpt":{"rendered":"<p>La OSPA celebra esti vienres la riqueza del &#8216;Patrimoniu de la Humanid\u00e1&#8217; con un programa sinf\u00f3nicu de grandes cumes universales. Rub\u00e9n D\u00edez dirixe un programa que funde les grandes cumes del repertoriu cl\u00e1sicu que val pa celebrar la cultura sidrera asturiana. Les entraes pueden sacase al travi\u00e9s de la web de la orquesta o na [&hellip;]<\/p>\n","protected":false},"author":117,"featured_media":0,"comment_status":"closed","ping_status":"open","sticky":false,"template":"","format":"standard","meta":{"footnotes":""},"categories":[35],"tags":[],"class_list":["post-51696","post","type-post","status-publish","format-standard","hentry","category-musica"],"_links":{"self":[{"href":"https:\/\/edublog.educastur.es\/ixuxu\/wp-json\/wp\/v2\/posts\/51696","targetHints":{"allow":["GET"]}}],"collection":[{"href":"https:\/\/edublog.educastur.es\/ixuxu\/wp-json\/wp\/v2\/posts"}],"about":[{"href":"https:\/\/edublog.educastur.es\/ixuxu\/wp-json\/wp\/v2\/types\/post"}],"author":[{"embeddable":true,"href":"https:\/\/edublog.educastur.es\/ixuxu\/wp-json\/wp\/v2\/users\/117"}],"replies":[{"embeddable":true,"href":"https:\/\/edublog.educastur.es\/ixuxu\/wp-json\/wp\/v2\/comments?post=51696"}],"version-history":[{"count":1,"href":"https:\/\/edublog.educastur.es\/ixuxu\/wp-json\/wp\/v2\/posts\/51696\/revisions"}],"predecessor-version":[{"id":51697,"href":"https:\/\/edublog.educastur.es\/ixuxu\/wp-json\/wp\/v2\/posts\/51696\/revisions\/51697"}],"wp:attachment":[{"href":"https:\/\/edublog.educastur.es\/ixuxu\/wp-json\/wp\/v2\/media?parent=51696"}],"wp:term":[{"taxonomy":"category","embeddable":true,"href":"https:\/\/edublog.educastur.es\/ixuxu\/wp-json\/wp\/v2\/categories?post=51696"},{"taxonomy":"post_tag","embeddable":true,"href":"https:\/\/edublog.educastur.es\/ixuxu\/wp-json\/wp\/v2\/tags?post=51696"}],"curies":[{"name":"wp","href":"https:\/\/api.w.org\/{rel}","templated":true}]}}