{"id":51698,"date":"2025-06-26T10:50:17","date_gmt":"2025-06-26T08:50:17","guid":{"rendered":"https:\/\/edublog.educastur.es\/ixuxu\/?p=51698"},"modified":"2025-06-26T10:50:54","modified_gmt":"2025-06-26T08:50:54","slug":"la-direccion-x-daxenda-2030-entama-yes-pegollu-pa-promover-la-xusticia-social-y-ligualda","status":"publish","type":"post","link":"https:\/\/edublog.educastur.es\/ixuxu\/2025\/06\/la-direccion-x-daxenda-2030-entama-yes-pegollu-pa-promover-la-xusticia-social-y-ligualda\/","title":{"rendered":"La Direcci\u00f3n X. d&#8217;Axenda 2030 entama &#8216;Yes Pegollu&#8217; pa promover la xusticia social y l&#8217;iguald\u00e1"},"content":{"rendered":"<p style=\"text-align: center\"><a href=\"https:\/\/actualidad.asturias.es\/documents\/537115\/2652712\/2025_06_26+yes+pegollu+programa.jpg\/8662128a-8988-1038-b853-627a1a4cf1f5?t=1750855698502\"><img loading=\"lazy\" decoding=\"async\" class=\"aligncenter \" src=\"https:\/\/actualidad.asturias.es\/documents\/537115\/2652712\/2025_06_26+yes+pegollu+programa.jpg\/8662128a-8988-1038-b853-627a1a4cf1f5?t=1750855698502\" width=\"467\" height=\"576\" \/><\/a><\/p>\n<p>La iniciativa, na que collaboren Codopa y Eapn-As, va desenvolvese&#8217;l domingu n&#8217;Uvi\u00e9u y va cuntar con un ampliu programa de talleres y actividaes l\u00fadiques.<br \/>\n<!--more--><\/p>\n<p>La Conseyer\u00eda d&#8217;Ordenaci\u00f3n de Territoriu, Urbanismu, Vivienda y Derechos Ciudadanos entam\u00f3 la xornada <strong>Yes Pegollu, una iniciativa que promueve l&#8217;asturian\u00eda dende una perspectiva de solidarid\u00e1, sostenibilid\u00e1 y respetu.<\/strong> L&#8217;oxetivu \u00faltimu del alcuentru, que se va desenvolver el domingu de 12:00 a 17:00 hores nel espaciu Kuivi Almacenes, d&#8217;Uvi\u00e9u, ye fomentar la xusticia social y l&#8217;iguald\u00e1.<\/p>\n<p>El director xeneral d&#8217;Axenda 2030, Juan Ponte, present\u00f3 g\u00fcei el programa al pie de Roc\u00edo \u00c1lvarez y Javier Arjona, de la Coordinadora Asturiana de ONGD (Codopa), y Elena Rua, de la Rede Europea de Llucha Contra la Probeza y l&#8217;Esclusi\u00f3n Social n&#8217;Asturies (Eapn-As), entidaes collaboradores na iniciativa.<\/p>\n<p>Ponte, esplic\u00f3 que los oxetivos de la xornada alliniar con tr\u00e9s pilastres del so departamentu: <strong><span style=\"color: #008080\">la sostenibilid\u00e1 social, medioambiental y econ\u00f3mica<\/span><\/strong>. \u201cSer\u00eden como los pegollos del horru, d&#8217;esa casa com\u00fan n&#8217;una comunid\u00e1 inclusiva que queremos construyir\u201d, espres\u00f3 mientres la presentaci\u00f3n.<\/p>\n<p>Coles mesmes, estim\u00f3 a les entidaes collaboradores el trabayu de la so campa\u00f1a Yes Asturies, na que s&#8217;enmarca la xornada dominical: \u201cPon en valor la importancia d&#8217;una comunid\u00e1 inclusiva y solidaria nun mundu treves\u00e1u por discursos intensamente belicistes y militaristes, que ponen en riesgu l&#8217;oxetivu 16 de l&#8217;Axenda 2030, el de la paz\u201d, sorray\u00f3.<\/p>\n<p>D&#8217;esta miente, el director xeneral defendi\u00f3 la necesid\u00e1 de trabayar por una socied\u00e1 cr\u00edtica y con capacid\u00e1 de refugar mid\u00edes estraordinaries como l&#8217;aumentu, al so xuiciu, \u201cabsolutamente tresmand\u00e1u\u201d del gastu en defensa o les restricciones de llibertaes individuales y colectives. Nesi contestu, record\u00f3, l&#8217;Axenda 2030 \u201cnun dexa de ser una emanaci\u00f3n de la Declaraci\u00f3n Universal de los Derechos Humanos\u201d.<\/p>\n<p style=\"text-align: center\"><a href=\"https:\/\/actualidad.asturias.es\/documents\/537115\/2652712\/2025_06_26+presentacion+yes+pegollu.jpg\/cbc31139-de08-8edb-a995-433273482a4a?t=1750855698442\"><img loading=\"lazy\" decoding=\"async\" class=\"aligncenter size-large\" src=\"https:\/\/actualidad.asturias.es\/documents\/537115\/2652712\/2025_06_26+presentacion+yes+pegollu.jpg\/cbc31139-de08-8edb-a995-433273482a4a?t=1750855698442\" width=\"2048\" height=\"1536\" \/><\/a><\/p>\n","protected":false},"excerpt":{"rendered":"<p>La iniciativa, na que collaboren Codopa y Eapn-As, va desenvolvese&#8217;l domingu n&#8217;Uvi\u00e9u y va cuntar con un ampliu programa de talleres y actividaes l\u00fadiques.<\/p>\n","protected":false},"author":117,"featured_media":0,"comment_status":"closed","ping_status":"open","sticky":false,"template":"","format":"standard","meta":{"footnotes":""},"categories":[1],"tags":[],"class_list":["post-51698","post","type-post","status-publish","format-standard","hentry","category-sin-categoria"],"_links":{"self":[{"href":"https:\/\/edublog.educastur.es\/ixuxu\/wp-json\/wp\/v2\/posts\/51698","targetHints":{"allow":["GET"]}}],"collection":[{"href":"https:\/\/edublog.educastur.es\/ixuxu\/wp-json\/wp\/v2\/posts"}],"about":[{"href":"https:\/\/edublog.educastur.es\/ixuxu\/wp-json\/wp\/v2\/types\/post"}],"author":[{"embeddable":true,"href":"https:\/\/edublog.educastur.es\/ixuxu\/wp-json\/wp\/v2\/users\/117"}],"replies":[{"embeddable":true,"href":"https:\/\/edublog.educastur.es\/ixuxu\/wp-json\/wp\/v2\/comments?post=51698"}],"version-history":[{"count":2,"href":"https:\/\/edublog.educastur.es\/ixuxu\/wp-json\/wp\/v2\/posts\/51698\/revisions"}],"predecessor-version":[{"id":51700,"href":"https:\/\/edublog.educastur.es\/ixuxu\/wp-json\/wp\/v2\/posts\/51698\/revisions\/51700"}],"wp:attachment":[{"href":"https:\/\/edublog.educastur.es\/ixuxu\/wp-json\/wp\/v2\/media?parent=51698"}],"wp:term":[{"taxonomy":"category","embeddable":true,"href":"https:\/\/edublog.educastur.es\/ixuxu\/wp-json\/wp\/v2\/categories?post=51698"},{"taxonomy":"post_tag","embeddable":true,"href":"https:\/\/edublog.educastur.es\/ixuxu\/wp-json\/wp\/v2\/tags?post=51698"}],"curies":[{"name":"wp","href":"https:\/\/api.w.org\/{rel}","templated":true}]}}