{"id":517,"date":"2020-05-02T09:40:56","date_gmt":"2020-05-02T09:40:56","guid":{"rendered":"https:\/\/edublog.educastur.es\/ixuxu\/?p=517"},"modified":"2020-08-24T19:41:22","modified_gmt":"2020-08-24T19:41:22","slug":"dia-mundial-del-bonitu-atun","status":"publish","type":"post","link":"https:\/\/edublog.educastur.es\/ixuxu\/2020\/05\/dia-mundial-del-bonitu-atun\/","title":{"rendered":"D\u00eda Mundial del Bonitu (At\u00fan)"},"content":{"rendered":"<p><img loading=\"lazy\" decoding=\"async\" src=\"https:\/\/academiavascadegastronomia.com\/files\/2014\/07\/Atun-y-Bonito.jpg\" width=\"455\" height=\"243\" \/><\/p>\n<p>El mundu del mar celebra g\u00fcei el <strong><em>D\u00eda M. del At\u00fan<\/em><\/strong>. La ONU conmemora la importancia de caltener les sos cales, \u00e1 que representa\u2019l 20 % de los ingresos de la pesca mar\u00edtima. Una especie emblem\u00e1tica para Espa\u00f1a, ya que ye l\u00edder europ\u00e9u na so captura, tresformamientu y esportaci\u00f3n; estos son dellos datos pa conocer meyor a estos xigantes del mar.<\/p>\n<p><img loading=\"lazy\" decoding=\"async\" src=\"https:\/\/www.efeagro.com\/wp-content\/blogs.dir\/2\/files_mf\/cache\/th_a42a72a425c164dd4407cbac84a3d92a_EFERomanRios2.jpg\" width=\"440\" height=\"263\" \/><\/p>\n<p>M\u00e1s de 16 tipos d\u2019atunes -40 si cunten les allegaos- pueblen l\u2019Atl\u00e1nticu, l\u2019oc\u00e9anu \u00cdndicu y el Pac\u00edficu, y dan trabayu a flotes de 80 pa\u00edses. La ONU quier llamar l\u2019atenci\u00f3n sobro<br \/>\nla importancia d\u2019una esplotaci\u00f3n sostenible\u201d.<\/p>\n<p>Nel casu espa\u00f1ol, l\u2019at\u00fan color\u00e1u destinase a frescu; el llist\u00e1u, rabil, patudo o bonitu van a conserva, en gran parte. Un at\u00fan puede ser bonu pa frescu s\u00eda de la especie que s\u00eda.<\/p>\n<p><a href=\"https:\/\/upload.wikimedia.org\/wikipedia\/commons\/c\/c8\/Despieze_y_partes_del_Bonito_del_norte.png\" target=\"_blank\" rel=\"noopener noreferrer\"><img loading=\"lazy\" decoding=\"async\" class=\"\" src=\"https:\/\/upload.wikimedia.org\/wikipedia\/commons\/c\/c8\/Despieze_y_partes_del_Bonito_del_norte.png\" width=\"401\" height=\"393\" \/><\/a><\/p>\n","protected":false},"excerpt":{"rendered":"<p>El mundu del mar celebra g\u00fcei el D\u00eda M. del At\u00fan. La ONU conmemora la importancia de caltener les sos cales, \u00e1 que representa\u2019l 20 % de los ingresos de la pesca mar\u00edtima. Una especie emblem\u00e1tica para Espa\u00f1a, ya que ye l\u00edder europ\u00e9u na so captura, tresformamientu y esportaci\u00f3n; estos son dellos datos pa conocer [&hellip;]<\/p>\n","protected":false},"author":117,"featured_media":0,"comment_status":"closed","ping_status":"open","sticky":false,"template":"","format":"standard","meta":{"footnotes":""},"categories":[6],"tags":[],"class_list":["post-517","post","type-post","status-publish","format-standard","hentry","category-dia-de"],"_links":{"self":[{"href":"https:\/\/edublog.educastur.es\/ixuxu\/wp-json\/wp\/v2\/posts\/517","targetHints":{"allow":["GET"]}}],"collection":[{"href":"https:\/\/edublog.educastur.es\/ixuxu\/wp-json\/wp\/v2\/posts"}],"about":[{"href":"https:\/\/edublog.educastur.es\/ixuxu\/wp-json\/wp\/v2\/types\/post"}],"author":[{"embeddable":true,"href":"https:\/\/edublog.educastur.es\/ixuxu\/wp-json\/wp\/v2\/users\/117"}],"replies":[{"embeddable":true,"href":"https:\/\/edublog.educastur.es\/ixuxu\/wp-json\/wp\/v2\/comments?post=517"}],"version-history":[{"count":1,"href":"https:\/\/edublog.educastur.es\/ixuxu\/wp-json\/wp\/v2\/posts\/517\/revisions"}],"predecessor-version":[{"id":518,"href":"https:\/\/edublog.educastur.es\/ixuxu\/wp-json\/wp\/v2\/posts\/517\/revisions\/518"}],"wp:attachment":[{"href":"https:\/\/edublog.educastur.es\/ixuxu\/wp-json\/wp\/v2\/media?parent=517"}],"wp:term":[{"taxonomy":"category","embeddable":true,"href":"https:\/\/edublog.educastur.es\/ixuxu\/wp-json\/wp\/v2\/categories?post=517"},{"taxonomy":"post_tag","embeddable":true,"href":"https:\/\/edublog.educastur.es\/ixuxu\/wp-json\/wp\/v2\/tags?post=517"}],"curies":[{"name":"wp","href":"https:\/\/api.w.org\/{rel}","templated":true}]}}