{"id":51735,"date":"2025-06-26T11:45:57","date_gmt":"2025-06-26T09:45:57","guid":{"rendered":"https:\/\/edublog.educastur.es\/ixuxu\/?p=51735"},"modified":"2025-06-26T11:45:57","modified_gmt":"2025-06-26T09:45:57","slug":"la-musica-asturiana-nel-xxviii-festival-i-de-musica-antigua-de-xixon","status":"publish","type":"post","link":"https:\/\/edublog.educastur.es\/ixuxu\/2025\/06\/la-musica-asturiana-nel-xxviii-festival-i-de-musica-antigua-de-xixon\/","title":{"rendered":"La m\u00fasica asturiana, nel XXVIII Festival I. de M\u00fasica Antigua de Xix\u00f3n"},"content":{"rendered":"<div class=\"elementor-element elementor-element-72daa04 e-con-full e-flex e-con e-child\" data-id=\"72daa04\" data-element_type=\"container\">\n<div class=\"elementor-element elementor-element-667e3c7 elementor-widget__width-inherit elementor-widget elementor-widget-theme-post-title elementor-page-title elementor-widget-heading\" data-id=\"667e3c7\" data-element_type=\"widget\" data-widget_type=\"theme-post-title.default\">\n<div class=\"elementor-widget-container\">\n<p style=\"text-align: center\">\n<!-- iframe plugin v.6.0 wordpress.org\/plugins\/iframe\/ -->\n<iframe loading=\"lazy\" width=\"645\" height=\"363\" src=\"https:\/\/www.youtube.com\/embed\/T6TqCiN4ne8\" title=\"M\u00fasica Antigua Xix\u00f3n - M\u00faAX 2025 Teaser\" frameborder=\"0\" allow=\"accelerometer; autoplay; clipboard-write; encrypted-media; gyroscope; picture-in-picture; web-share\" referrerpolicy=\"strict-origin-when-cross-origin\" 0=\"allowfullscreen\" 1=\"\/iframe\" scrolling=\"yes\" class=\"iframe-class\"><\/iframe>\n<\/p>\n<p class=\"elementor-heading-title elementor-size-default\">La m\u00fasica asturiana tien protagonismu nel XXVIII Festival Internacional de M\u00fasica Antigua de Xix\u00f3n. Hai un conciertu especial &#8216;De S\u00f3pitu&#8217; de Forma Antiqva y una conferencia de Fonsu Fern\u00e1ndez al rodiu esta obra que reflexa la filosof\u00eda del eventu. Fonte:<a href=\"https:\/\/musicasturiana.com\/la-musica-asturiana-tien-protagonismu-nel-xxviii-festival-internacional-de-musica-antigua-de-xixon\/\"> M\u00fasicasturiana.com<\/a><\/p>\n<\/div>\n<\/div>\n<div class=\"elementor-element elementor-element-6138e4e elementor-widget__width-inherit elementor-widget elementor-widget-theme-post-featured-image elementor-widget-image\" data-id=\"6138e4e\" data-element_type=\"widget\" data-widget_type=\"theme-post-featured-image.default\"><\/div>\n<\/div>\n<div class=\"elementor-element elementor-element-eea4e26 e-con-full e-flex e-con e-child\" data-id=\"eea4e26\" data-element_type=\"container\">\n<div class=\"elementor-element elementor-element-9bc739f e-con-full e-flex e-con e-child\" data-id=\"9bc739f\" data-element_type=\"container\">\n<div class=\"elementor-element elementor-element-b2299bd elementor-share-buttons--view-icon elementor-share-buttons--skin-minimal elementor-share-buttons--shape-circle elementor-grid-mobile-3 elementor-share-buttons--align-right elementor-share-buttons--color-custom elementor-widget__width-auto elementor-widget-tablet__width-auto elementor-grid-0 elementor-widget elementor-widget-share-buttons\" data-id=\"b2299bd\" data-element_type=\"widget\" data-widget_type=\"share-buttons.default\">\n<div class=\"elementor-widget-container\">\n<div class=\"elementor-grid\">\n<div class=\"elementor-grid-item\">\n<div class=\"elementor-share-btn elementor-share-btn_x-twitter\" role=\"button\" aria-label=\"Compartir en x-twitter\"><\/div>\n<\/div>\n<\/div>\n<\/div>\n<\/div>\n<\/div>\n<\/div>\n<p><!--more--><\/p>\n<div class=\"elementor-element elementor-element-a767a8c elementor-widget__width-inherit elementor-widget elementor-widget-theme-post-content\" data-id=\"a767a8c\" data-element_type=\"widget\" data-widget_type=\"theme-post-content.default\">\n<div class=\"elementor-widget-container\">\n<p>Del 1 al 6 de xunetu cel\u00e9brase\u2019l\u00a0<strong><a href=\"https:\/\/www.gijon.es\/es\/eventos\/musica-antigua-xixon\" target=\"_blank\" rel=\"noopener\">XXVIII Festival Internacional de\u00a0M\u00fasica Antigua de Xix\u00f3n<\/a>\u00a0(MUAX)<\/strong>, eventu qu\u2019axunta\u00a0<strong><a href=\"https:\/\/www.gijon.es\/\/sites\/default\/files\/inline-files\/Digital%20definitivo%20M%C3%BAsica%20Antigua%202025%20-%20Folleto%20-%20Digital3.pdf\" target=\"_blank\" rel=\"noopener\">conciertos, cursos, conferencies y otres actividaes<\/a><\/strong>\u00a0complementaries que tienen a la m\u00fasica d\u2019\u00e9poques como la Medieval, Renacimientu, Barrocu o Pre-clasicismu como puntu d\u2019alcuentru. Na edici\u00f3n d\u2019esti a\u00f1u la m\u00fasica asturiana va tar presente con un\u00a0<strong>conciertu y una charra<\/strong>\u00a0que xira al rodiu\u2019l discu nuevu de<strong>\u00a0Forma Antiqva<\/strong>,\u00a0<em><a href=\"https:\/\/musicasturiana.com\/forma-antiqva-presento-de-sopitu-nuvieu\/\"><strong>De S\u00f3pitu<\/strong><\/a><\/em>. Am\u00e1s, la imaxe del festival ta basada na\u00a0<strong>llebre gaitera\u00a0<\/strong>qu\u2019apaez nel llibru manuscritu del sieglu XIV de la\u00a0<em>Regla Colorada<\/em>, custodi\u00e1u nel Archivu Capitular de la Catedral de d\u2019Uvi\u00e9u.<\/p>\n<p>Forma Antiqva van ser los encargaos de facer el conciertu inaugural del MUAX col programa bas\u00e1u nel so trabayu nuevu,\u00a0<em>De S\u00f3pitu<\/em><strong>,\u00a0<a href=\"https:\/\/www.gijon.es\/es\/eventos\/forma-antiqva\" target=\"_blank\" rel=\"noreferrer noopener\"><em>Canciones, fandangos, saltones, jotas, giraldillas y otros brincos del Norte<\/em><\/a><\/strong>. N\u00e9l los siete m\u00fasicos van dir tocando pieces del repertoriu popular asturianu con un formatu qu\u2019<strong>entemez los instrumentos hist\u00f3ricos col folclor, la tradici\u00f3n oral cola acad\u00e9mica<\/strong>\u00a0y la creativid\u00e1. Am\u00e1s, como desplica\u2019l responsable del Taller de M\u00fasicos de Xix\u00f3n,\u00a0<strong>Eduardo Garc\u00eda Salue\u00f1a<\/strong>, na actuaci\u00f3n va plantease \u00abun conceptu esc\u00e9nicu\u00a0<strong>m\u00e1s pr\u00f3ximu a la romer\u00eda<\/strong>\u00a0y va haber pa la ocasi\u00f3n una\u00a0<strong>pareya de baille<\/strong>\u00ab. La cita va ser el\u00a0<strong>martes 1 de xunu<\/strong>\u00a0a les 20h nel Centru de Cultura Antiguu Institutu y les entraes anticipaes y\u00e1 t\u00e1n\u00a0<strong>agotaes<\/strong>, pudiendo coseguise nam\u00e1s\u00a0<strong>f\u00edsicamente na taquilla del CCAI\u00a0<\/strong>esi mesmu d\u00eda dende les 17h.<\/p>\n<p>Enantes de l\u2019actuaci\u00f3n de Forma Antiqva,\u00a0<strong>Fonsu Fern\u00e1ndez<\/strong>, director del Mus\u00e9u de la Gaita de Xix\u00f3n, va poner la conferencia<em>\u00a0<a href=\"https:\/\/www.gijon.es\/es\/eventos\/de-sopitu-un-nuevo-camino-para-interpretar-la-musica-tradicional-asturiana\" target=\"_blank\" rel=\"noopener\"><strong>De s\u00f3pitu: un nuevo camino para interpretar la m\u00fasica tradicional asturiana<\/strong><\/a>.\u00a0<\/em>A les 18h nel Sal\u00f3n de actos de la Biblioteca\u00a0<strong>P\u00fablica Xovellanos\u00a0<\/strong>esti Doctor en Musicolox\u00eda va falar d\u2019una\u00a0<strong>paradoxa cultural de los sieglos XX y XXI<\/strong>: mientres que la m\u00fasica escrita tornaba a los sos raiga\u00f1os, la m\u00fasica oral allo\u00f1\u00e1base d\u2019elles pa tar nel presente. Y\u00a0<em>De s\u00f3pitu<\/em>\u00a0de Forma Antiqva ye un llanzamientu discogr\u00e1ficu qu\u2019<strong>axunta estes dos corrientes<\/strong>.<\/p>\n<p style=\"text-align: center\"><a href=\"https:\/\/musicasturiana.com\/wp-content\/uploads\/2025\/06\/musica-antigua-xixon-2025.jpg\"><img loading=\"lazy\" decoding=\"async\" class=\"aligncenter size-large\" src=\"https:\/\/musicasturiana.com\/wp-content\/uploads\/2025\/06\/musica-antigua-xixon-2025.jpg\" width=\"1200\" height=\"600\" \/><\/a><\/p>\n<h2 class=\"wp-block-heading\"><mark class=\"has-inline-color\">La llebre gaitera<\/mark><\/h2>\n<p>Pa da-y m\u00e1s pesu a la m\u00fasica con\u00a0<strong>identid\u00e1 asturiana<\/strong>, el dise\u00f1ador\u00a0<strong>Juan Jare\u00f1o\u00a0<\/strong>escoy\u00f3 como imaxe del\u00a0MUAX 2025 el motivu animal presente na parte superior derecha de la primer p\u00e1xina del llibru manuscrito de la<strong>\u00a0<em>Regla Colorada<\/em><\/strong>\u00a0(Archivu de la Catedral de San Salvador d\u2019Uvi\u00e9u, \u00faltimo cuarto del sieglo XIV). N\u00e9l apaez sobre una orla pintada a tinta verde y colorada una llebre o coneyu tocando la gaita. \u00abEsta representaci\u00f3n sorraya asina la nuestra<strong>\u00a0apuesta por visibilizar el patrimoniu hist\u00f3ricu-art\u00edsticu y afitar di\u00e1logos ente repertorios, instrumentos y tradiciones<\/strong>\u00ab, despliquen dende la Fundaci\u00f3n Municipal de Cultura, Educaci\u00f3n y Universid\u00e1 Popular del\u00a0<strong>Ayuntamientu de Xix\u00f3n<\/strong>, organizadora del eventu.<\/p>\n<p>&nbsp;<\/p>\n<figure class=\"wp-block-embed is-type-video is-provider-youtube wp-block-embed-youtube wp-embed-aspect-16-9 wp-has-aspect-ratio\">\n<div class=\"wp-block-embed__wrapper\"><\/div>\n<\/figure>\n<\/div>\n<\/div>\n","protected":false},"excerpt":{"rendered":"<p>La m\u00fasica asturiana tien protagonismu nel XXVIII Festival Internacional de M\u00fasica Antigua de Xix\u00f3n. Hai un conciertu especial &#8216;De S\u00f3pitu&#8217; de Forma Antiqva y una conferencia de Fonsu Fern\u00e1ndez al rodiu esta obra que reflexa la filosof\u00eda del eventu. Fonte: M\u00fasicasturiana.com<\/p>\n","protected":false},"author":117,"featured_media":0,"comment_status":"closed","ping_status":"open","sticky":false,"template":"","format":"standard","meta":{"footnotes":""},"categories":[35,125],"tags":[],"class_list":["post-51735","post","type-post","status-publish","format-standard","hentry","category-musica","category-musicasturiana-com"],"_links":{"self":[{"href":"https:\/\/edublog.educastur.es\/ixuxu\/wp-json\/wp\/v2\/posts\/51735","targetHints":{"allow":["GET"]}}],"collection":[{"href":"https:\/\/edublog.educastur.es\/ixuxu\/wp-json\/wp\/v2\/posts"}],"about":[{"href":"https:\/\/edublog.educastur.es\/ixuxu\/wp-json\/wp\/v2\/types\/post"}],"author":[{"embeddable":true,"href":"https:\/\/edublog.educastur.es\/ixuxu\/wp-json\/wp\/v2\/users\/117"}],"replies":[{"embeddable":true,"href":"https:\/\/edublog.educastur.es\/ixuxu\/wp-json\/wp\/v2\/comments?post=51735"}],"version-history":[{"count":1,"href":"https:\/\/edublog.educastur.es\/ixuxu\/wp-json\/wp\/v2\/posts\/51735\/revisions"}],"predecessor-version":[{"id":51736,"href":"https:\/\/edublog.educastur.es\/ixuxu\/wp-json\/wp\/v2\/posts\/51735\/revisions\/51736"}],"wp:attachment":[{"href":"https:\/\/edublog.educastur.es\/ixuxu\/wp-json\/wp\/v2\/media?parent=51735"}],"wp:term":[{"taxonomy":"category","embeddable":true,"href":"https:\/\/edublog.educastur.es\/ixuxu\/wp-json\/wp\/v2\/categories?post=51735"},{"taxonomy":"post_tag","embeddable":true,"href":"https:\/\/edublog.educastur.es\/ixuxu\/wp-json\/wp\/v2\/tags?post=51735"}],"curies":[{"name":"wp","href":"https:\/\/api.w.org\/{rel}","templated":true}]}}