{"id":51739,"date":"2025-06-26T12:30:35","date_gmt":"2025-06-26T10:30:35","guid":{"rendered":"https:\/\/edublog.educastur.es\/ixuxu\/?p=51739"},"modified":"2025-06-26T13:08:00","modified_gmt":"2025-06-26T11:08:00","slug":"xviii-festival-intercelticu-aviles-y-comarca","status":"publish","type":"post","link":"https:\/\/edublog.educastur.es\/ixuxu\/2025\/06\/xviii-festival-intercelticu-aviles-y-comarca\/","title":{"rendered":"XVIII Festival Interc\u00e9lticu Avil\u00e9s y Comarca"},"content":{"rendered":"<div class=\"html-div xdj266r x14z9mp xat24cr x1lziwak xexx8yu x1a8lsjc xf7dkkf xv54qhq\">\n<div class=\"html-div xdj266r x14z9mp xat24cr x1lziwak xexx8yu xyri2b x18d9i69 x1c1uobl x1jx94hy x78zum5 x1q0g3np\">\n<div class=\"x78zum5 xdt5ytf xz62fqu x16ldp7u\">\n<div class=\"xu06os2 x1ok221b\">\n<div class=\"html-div xdj266r x14z9mp xat24cr x1lziwak xexx8yu xyri2b x18d9i69 x1c1uobl\" data-ad-rendering-role=\"profile_name\">\n<ul>\n<li class=\"html-h3 x14z9mp xat24cr x1lziwak xexx8yu xyri2b x18d9i69 x1c1uobl x1vvkbs x1heor9g x1qlqyl8 x1pd3egz x1a2a7pz x1gslohp x1yc453h\"><span class=\"x1lliihq x6ikm8r x10wlt62 x1n2onr6\"><span class=\"xt0psk2\"><a class=\"x1i10hfl xjbqb8w x1ejq31n x18oe1m7 x1sy0etr xstzfhl x972fbf x10w94by x1qhh985 x14e42zd x9f619 x1ypdohk xt0psk2 xe8uvvx xdj266r x14z9mp xat24cr x1lziwak xexx8yu xyri2b x18d9i69 x1c1uobl x16tdsg8 x1hl2dhg xggy1nq x1a2a7pz xkrqix3 x1sur9pj xzsf02u x1s688f\" role=\"link\" href=\"https:\/\/www.facebook.com\/festival.interceltico.aviles?__cft__[0]=AZUdd3VfplyWNjyAG8L39TPTII3OEUQXElsLHJ-v3QfPIX7g1qSz9LG5OaNTIUB5BgHrl_7eeYb_tzVObPb3igtt6oSOwaSdsD5I1nUfrvfkdlgQB0OoHlURnIm-0b_njGWNIl4Sms0gQA-il4Mv7MDXOGeuewXXo_-lAqvKYJ06HHRjZ8wlso39d6q4azNoYGa-I5IPTycDw1fk8FFJCJJqzsIgTfR4ixOS7TjyB7M7Tg&amp;__tn__=-UC%2CP-y-R\"><strong class=\"html-strong xdj266r x14z9mp xat24cr x1lziwak xexx8yu xyri2b x18d9i69 x1c1uobl x1hl2dhg x16tdsg8 x1vvkbs x1s688f\"><span class=\"html-span xdj266r x14z9mp xat24cr x1lziwak xexx8yu xyri2b x18d9i69 x1c1uobl x1hl2dhg x16tdsg8 x1vvkbs\">Festival Interceltico de Avil\u00e9s y Comarca<\/span><\/strong><\/a><\/span><\/span><\/li>\n<\/ul>\n<p style=\"text-align: center\"><a href=\"https:\/\/www.intercelticu.com\/images\/fia2025\/cartel_2025.jpg\"><img loading=\"lazy\" decoding=\"async\" class=\"aligncenter \" src=\"https:\/\/www.intercelticu.com\/images\/fia2025\/cartel_2025.jpg\" width=\"571\" height=\"975\" \/><\/a><\/p>\n<\/div>\n<\/div>\n<div class=\"xu06os2 x1ok221b\">\n<div>Esti festival, entam\u00e1u pola <strong>Asociaci\u00f3n Cultural Esbardu<\/strong>, ye una de les celebraciones m\u00e1s importantes de la cultura celta n&#8217;Asturies y convirti\u00f3se n&#8217;una Fiesta d&#8217;Inter\u00e9s Tur\u00edsticu Rexonal dende 2008. Mientres el festival, desenvuelvense actividaes como conciertos, dances, desfiles, talleres, gastronom\u00eda y mercaos celtes, ente otres.<\/div>\n<div><!--more--><br \/>\nLa idea de crear esti festival surdi\u00f3 en 1993 cuando l&#8217;Asociaci\u00f3n Cultural Esbardu particip\u00f3 nel Festival Interc\u00e9lticu de Lorient y qued\u00f3 impresionada pola so magnit\u00fa.De magar, el festival creci\u00f3 y consolid\u00f3se como un eventu cultural importante na rex\u00f3n.<\/div>\n<\/div>\n<\/div>\n<\/div>\n<\/div>\n<p>&nbsp;<\/p>\n<div class=\"html-div xdj266r x14z9mp xat24cr x1lziwak xexx8yu xyri2b x18d9i69 x1c1uobl\" dir=\"auto\">\n<div class=\"html-div xdj266r x14z9mp xat24cr x1lziwak xexx8yu xyri2b x18d9i69 x1c1uobl\" dir=\"auto\">\n<div class=\"html-div xdj266r x14z9mp xat24cr x1lziwak xexx8yu xyri2b x18d9i69 x1c1uobl\" data-ad-rendering-role=\"story_message\">\n<div class=\"x1l90r2v x1iorvi4 x1g0dm76 xpdmqnj\" data-ad-comet-preview=\"message\" data-ad-preview=\"message\">\n<div class=\"x78zum5 xdt5ytf xz62fqu x16ldp7u\">\n<div class=\"xu06os2 x1ok221b\">\n<div class=\"html-div xdj266r x14z9mp xat24cr x1lziwak xexx8yu xyri2b x18d9i69 x1c1uobl\">\n<div class=\"xdj266r x14z9mp xat24cr x1lziwak x1vvkbs x126k92a\">\n<div dir=\"auto\" style=\"text-align: center\"><a href=\"https:\/\/blog.telecable.es\/embed\/b436d666d2f5491b6cd9507d62b51688632779\/festival-interceltico-aviles.jpg?imagick=1&amp;size=1200\"><img loading=\"lazy\" decoding=\"async\" class=\"aligncenter size-large\" src=\"https:\/\/blog.telecable.es\/embed\/b436d666d2f5491b6cd9507d62b51688632779\/festival-interceltico-aviles.jpg?imagick=1&amp;size=1200\" width=\"1200\" height=\"700\" \/><\/a><\/div>\n<\/div>\n<\/div>\n<\/div>\n<\/div>\n<\/div>\n<\/div>\n<\/div>\n<\/div>\n","protected":false},"excerpt":{"rendered":"<p>Festival Interceltico de Avil\u00e9s y Comarca Esti festival, entam\u00e1u pola Asociaci\u00f3n Cultural Esbardu, ye una de les celebraciones m\u00e1s importantes de la cultura celta n&#8217;Asturies y convirti\u00f3se n&#8217;una Fiesta d&#8217;Inter\u00e9s Tur\u00edsticu Rexonal dende 2008. Mientres el festival, desenvuelvense actividaes como conciertos, dances, desfiles, talleres, gastronom\u00eda y mercaos celtes, ente otres.<\/p>\n","protected":false},"author":117,"featured_media":0,"comment_status":"closed","ping_status":"open","sticky":false,"template":"","format":"standard","meta":{"footnotes":""},"categories":[204,35],"tags":[],"class_list":["post-51739","post","type-post","status-publish","format-standard","hentry","category-festivales","category-musica"],"_links":{"self":[{"href":"https:\/\/edublog.educastur.es\/ixuxu\/wp-json\/wp\/v2\/posts\/51739","targetHints":{"allow":["GET"]}}],"collection":[{"href":"https:\/\/edublog.educastur.es\/ixuxu\/wp-json\/wp\/v2\/posts"}],"about":[{"href":"https:\/\/edublog.educastur.es\/ixuxu\/wp-json\/wp\/v2\/types\/post"}],"author":[{"embeddable":true,"href":"https:\/\/edublog.educastur.es\/ixuxu\/wp-json\/wp\/v2\/users\/117"}],"replies":[{"embeddable":true,"href":"https:\/\/edublog.educastur.es\/ixuxu\/wp-json\/wp\/v2\/comments?post=51739"}],"version-history":[{"count":5,"href":"https:\/\/edublog.educastur.es\/ixuxu\/wp-json\/wp\/v2\/posts\/51739\/revisions"}],"predecessor-version":[{"id":51744,"href":"https:\/\/edublog.educastur.es\/ixuxu\/wp-json\/wp\/v2\/posts\/51739\/revisions\/51744"}],"wp:attachment":[{"href":"https:\/\/edublog.educastur.es\/ixuxu\/wp-json\/wp\/v2\/media?parent=51739"}],"wp:term":[{"taxonomy":"category","embeddable":true,"href":"https:\/\/edublog.educastur.es\/ixuxu\/wp-json\/wp\/v2\/categories?post=51739"},{"taxonomy":"post_tag","embeddable":true,"href":"https:\/\/edublog.educastur.es\/ixuxu\/wp-json\/wp\/v2\/tags?post=51739"}],"curies":[{"name":"wp","href":"https:\/\/api.w.org\/{rel}","templated":true}]}}