{"id":51763,"date":"2025-06-26T16:37:30","date_gmt":"2025-06-26T14:37:30","guid":{"rendered":"https:\/\/edublog.educastur.es\/ixuxu\/?p=51763"},"modified":"2025-06-27T10:33:54","modified_gmt":"2025-06-27T08:33:54","slug":"foto-oficial-despana-na-eurocopa-femenina","status":"publish","type":"post","link":"https:\/\/edublog.educastur.es\/ixuxu\/2025\/06\/foto-oficial-despana-na-eurocopa-femenina\/","title":{"rendered":"Semeya oficial d&#8217;Espa\u00f1a na Eurocopa Femenina"},"content":{"rendered":"<div class=\"xu06os2 x1ok221b\">\n<div class=\"html-div xdj266r x14z9mp xat24cr x1lziwak xexx8yu xyri2b x18d9i69 x1c1uobl\" data-ad-rendering-role=\"profile_name\">\n<ul>\n<li id=\"_r_1e3_\" class=\"html-h4 x14z9mp xat24cr x1lziwak xexx8yu xyri2b x18d9i69 x1c1uobl x1vvkbs x1heor9g x1qlqyl8 x1pd3egz x1a2a7pz x1gslohp x1yc453h\"><span class=\"xt0psk2\"><span class=\"xjp7ctv\"><a class=\"x1i10hfl xjbqb8w x1ejq31n x18oe1m7 x1sy0etr xstzfhl x972fbf x10w94by x1qhh985 x14e42zd x9f619 x1ypdohk xt0psk2 xe8uvvx xdj266r x14z9mp xat24cr x1lziwak xexx8yu xyri2b x18d9i69 x1c1uobl x16tdsg8 x1hl2dhg xggy1nq x1a2a7pz xkrqix3 x1sur9pj xzsf02u x1s688f\" role=\"link\" href=\"https:\/\/www.facebook.com\/sefutbolfem?__cft__[0]=AZWIBpiSHi1Q-4S8ZOrUxE_GnWj_jIRhYE4APVsch7NrY3WWMmcz_-mAW4RqUAC8hSGBTbuCNFFTskbtUbkwxQe0ymmR7gXqA3G_ymV--p3BZtJS3CG6Puc-amLdY3ovJWw3MRCXzuSWCyYgy_n6qXj94S4qEZAlyX6-9VR1bYdlo1vilOm1xO6odVmKXgv7NNfTwKOOqBNwPNkx5jXKemR2eZvqv85NHD_u3fyF-D1yDw&amp;__tn__=-UC%2CP-R\"><strong class=\"html-strong xdj266r x14z9mp xat24cr x1lziwak xexx8yu xyri2b x18d9i69 x1c1uobl x1hl2dhg x16tdsg8 x1vvkbs x1s688f\"><span class=\"html-span xdj266r x14z9mp xat24cr x1lziwak xexx8yu xyri2b x18d9i69 x1c1uobl x1hl2dhg x16tdsg8 x1vvkbs\">Selecci\u00f3n Espa\u00f1ola Femenina de F\u00fatbol<\/span><\/strong><\/a><\/span><\/span> <span class=\"html-span xdj266r x14z9mp xat24cr x1lziwak xexx8yu xyri2b x18d9i69 x1c1uobl x1hl2dhg x16tdsg8 x1vvkbs\"><span class=\"html-span xdj266r x14z9mp xat24cr x1lziwak xexx8yu xyri2b x18d9i69 x1c1uobl x1hl2dhg x16tdsg8 x1vvkbs x4k7w5x x1h91t0o x1h9r5lt x1jfb8zj xv2umb2 x1beo9mf xaigb6o x12ejxvf x3igimt xarpa2k xedcshv x1lytzrv x1t2pt76 x7ja8zs x1qrby5j\"><span class=\"x1rg5ohu x6ikm8r x10wlt62 x16dsc37 xt0b8zv\" aria-labelledby=\"_r_1ee_\"><span class=\"xmper1u xt0psk2 xjb2p0i x1qlqyl8 x15bjb6t x1n2onr6 x17ihmo5 x1g77sc7\"><span class=\"x1r8a4m5 x1n2onr6 x17ihmo5 x434fd krhKlDGs lrhKlDGt arhKlDGi brhKlDGj wdlk xdll idl6 jdl7\">\/<\/span><\/span><\/span><\/span><a class=\"x1i10hfl xjbqb8w x1ejq31n x18oe1m7 x1sy0etr xstzfhl x972fbf x10w94by x1qhh985 x14e42zd x9f619 x1ypdohk xt0psk2 xe8uvvx xdj266r x14z9mp xat24cr x1lziwak xexx8yu xyri2b x18d9i69 x1c1uobl x16tdsg8 x1hl2dhg xggy1nq x1a2a7pz xkrqix3 x1sur9pj x1fey0fg x1s688f\" role=\"link\" href=\"https:\/\/www.facebook.com\/hashtag\/weuro2025?__eep__=6&amp;__cft__[0]=AZWIBpiSHi1Q-4S8ZOrUxE_GnWj_jIRhYE4APVsch7NrY3WWMmcz_-mAW4RqUAC8hSGBTbuCNFFTskbtUbkwxQe0ymmR7gXqA3G_ymV--p3BZtJS3CG6Puc-amLdY3ovJWw3MRCXzuSWCyYgy_n6qXj94S4qEZAlyX6-9VR1bYdlo1vilOm1xO6odVmKXgv7NNfTwKOOqBNwPNkx5jXKemR2eZvqv85NHD_u3fyF-D1yDw&amp;__tn__=*NK-R\">#WEURO2025<\/a><\/span>.\/<span class=\"html-span xdj266r x14z9mp xat24cr x1lziwak xexx8yu xyri2b x18d9i69 x1c1uobl x1hl2dhg x16tdsg8 x1vvkbs\"><a class=\"x1i10hfl xjbqb8w x1ejq31n x18oe1m7 x1sy0etr xstzfhl x972fbf x10w94by x1qhh985 x14e42zd x9f619 x1ypdohk xt0psk2 xe8uvvx xdj266r x14z9mp xat24cr x1lziwak xexx8yu xyri2b x18d9i69 x1c1uobl x16tdsg8 x1hl2dhg xggy1nq x1a2a7pz xkrqix3 x1sur9pj x1fey0fg x1s688f\" role=\"link\" href=\"https:\/\/www.facebook.com\/hashtag\/jugarlucharyganar?__eep__=6&amp;__cft__[0]=AZWIBpiSHi1Q-4S8ZOrUxE_GnWj_jIRhYE4APVsch7NrY3WWMmcz_-mAW4RqUAC8hSGBTbuCNFFTskbtUbkwxQe0ymmR7gXqA3G_ymV--p3BZtJS3CG6Puc-amLdY3ovJWw3MRCXzuSWCyYgy_n6qXj94S4qEZAlyX6-9VR1bYdlo1vilOm1xO6odVmKXgv7NNfTwKOOqBNwPNkx5jXKemR2eZvqv85NHD_u3fyF-D1yDw&amp;__tn__=*NK-R\">#JugarLucharYGanar<\/a><\/span><\/li>\n<li>\n<div class=\"html-div xdj266r x14z9mp xat24cr x1lziwak xexx8yu xyri2b x18d9i69 x1c1uobl x1iyjqo2 xeuugli\">\n<div class=\"x78zum5 xdt5ytf xz62fqu x16ldp7u\">\n<div class=\"xu06os2 x1ok221b\">\n<div id=\"_r_3u_\" class=\"html-div xdj266r x14z9mp xat24cr x1lziwak xexx8yu xyri2b x18d9i69 x1c1uobl x1q0g3np\"><span class=\"html-span xexx8yu xyri2b x18d9i69 x1c1uobl x1hl2dhg x16tdsg8 x1vvkbs x3nfvp2 x1j61x8r x1fcty0u xdj266r xat24cr xm2jcoa x1mpyi22 xxymvpz xlup9mm x1kky2od\"><img loading=\"lazy\" decoding=\"async\" class=\"xz74otr x15mokao x1ga7v0g x16uus16 xbiv7yw\" src=\"https:\/\/static.xx.fbcdn.net\/images\/emoji.php\/v9\/tde\/1\/16\/1f4f8.png\" alt=\"\ud83d\udcf8\" width=\"16\" height=\"16\" \/><\/span> \u00a0<span class=\"html-span xdj266r x14z9mp xat24cr x1lziwak xexx8yu xyri2b x18d9i69 x1c1uobl x1hl2dhg x16tdsg8 x1vvkbs\"><a class=\"x1i10hfl xjbqb8w x1ejq31n x18oe1m7 x1sy0etr xstzfhl x972fbf x10w94by x1qhh985 x14e42zd x9f619 x1ypdohk xt0psk2 xe8uvvx xdj266r x14z9mp xat24cr x1lziwak xexx8yu xyri2b x18d9i69 x1c1uobl x16tdsg8 x1hl2dhg xggy1nq x1a2a7pz xkrqix3 x1sur9pj x1fey0fg x1s688f\" role=\"link\" href=\"https:\/\/www.facebook.com\/sefutbolfem?__cft__[0]=AZV6rocLFlViZ3sx2x75FXkMYlp4pOaJ3jSMuokcKPu3-pZfYkhwJDehEF_Aeh_dSzvmkLzEny3Dia5HiC1N7N1VXnu9hfHq5PX2IKbZVxiVPFNWti26aPARFtfUhqbtdAnNKkKs2i0HddDJIysh9-iXoM0vEpeEsXKMT5H65l8e1NwOTDB6UMo9XWHWfBWI0Xe4WAzOt2oFNp0dmDjl0lIW&amp;__tn__=-]K-R\"><span class=\"xt0psk2\"><span class=\"xjp7ctv\">Selecci\u00f3n Espa\u00f1ola Femenina de F\u00fatbol<\/span><\/span><\/a><\/span> \/<\/div>\n<\/div>\n<\/div>\n<\/div>\n<\/li>\n<\/ul>\n<p>La m\u00e1s esperada. Fecha para los amantes de la <a href=\"https:\/\/www.instagram.com\/sefutbolfem\/\"><strong>@sefutbolfem.<\/strong><\/a> Y para asitiase ente tantes otres que pasaron a la hestoria.<\/p>\n<p style=\"text-align: center\"><a href=\"https:\/\/rfef.es\/sites\/default\/files\/styles\/noticias_image_content\/public\/n\/2025-06-26_foto_oficial_0669.jpg.webp?itok=SjrGMwS3\"><img loading=\"lazy\" decoding=\"async\" class=\"aligncenter size-large\" src=\"https:\/\/rfef.es\/sites\/default\/files\/styles\/noticias_image_content\/public\/n\/2025-06-26_foto_oficial_0669.jpg.webp?itok=SjrGMwS3\" width=\"960\" height=\"540\" \/><\/a><\/p>\n<p>Cola so meyor sorrisa, les internacionales, el cuerpu t\u00e9cnicu y el staff posaron xuntu al Presidente de la RFEF, Rafael Louz\u00e1n, n&#8217;una instant\u00e1nea que prind\u00f3 nun nam\u00e1 click la ilusi\u00f3n, la emoci\u00f3n, les ganes y el sua\u00f1u de too l&#8217;equipu por conquistar l&#8217;EURU.<\/p>\n<p><!--more--><\/p>\n<p>A pocos d\u00edes de movese a Suiza, la Selecci\u00f3n, qu&#8217;ayeri foi recibida por S.M. Reina Do\u00f1a Letizia, g\u00fcei volvi\u00f3 ponese delantre de les c\u00e1mares pa inmortalizar al equipu que puede consiguir sumar el t\u00edtulu europ\u00e9u al de Campeones del Mundu y de la Nations League.<\/p>\n<p style=\"text-align: center\"><a href=\"https:\/\/rfef.es\/sites\/default\/files\/styles\/noticias_galeria_ficha\/public\/g\/2025-06-26_foto_oficial_0424_0.jpg.webp?itok=bGarmoaC\"><img loading=\"lazy\" decoding=\"async\" class=\"aligncenter size-large\" src=\"https:\/\/rfef.es\/sites\/default\/files\/styles\/noticias_galeria_ficha\/public\/g\/2025-06-26_foto_oficial_0424_0.jpg.webp?itok=bGarmoaC\" width=\"960\" height=\"540\" \/><\/a><\/p>\n<p>Ma\u00f1ana, esti equipu va apostar un amistosu frente a Xap\u00f3n nel postreru part\u00edu en tierres espa\u00f1oles. Dempu\u00e9s, el domingu 29 van poner aldu escontra Suiza pa intentar consiguir lo que toes pensaben mientres sonr\u00eden pa la semeya.<\/p>\n<p style=\"text-align: center\">\n<!-- iframe plugin v.6.0 wordpress.org\/plugins\/iframe\/ -->\n<iframe loading=\"lazy\" width=\"100%\" height=\"440\" src=\"https:\/\/www.youtube.com\/embed\/l-DcGbteps4\" title=\"SM la Reina Do\u00f1a Letizia recibe a la Selecci\u00f3n Espa\u00f1ola en el Palacio de La Zarzuela | \ud83d\udd34 SEFUTBOL\" frameborder=\"0\" allow=\"accelerometer; autoplay; clipboard-write; encrypted-media; gyroscope; picture-in-picture; web-share\" referrerpolicy=\"strict-origin-when-cross-origin\" 0=\"allowfullscreen\" 1=\"\/iframe\" scrolling=\"yes\" class=\"iframe-class\"><\/iframe>\n<\/p>\n<p style=\"text-align: center\"><a href=\"https:\/\/rfef.es\/sites\/default\/files\/styles\/noticias_galeria_ficha\/public\/galeria\/whatsapp_image_2025-06-25_at_19.08.53.jpeg.webp?itok=I4AmKq8o\"><img loading=\"lazy\" decoding=\"async\" class=\"aligncenter size-large\" src=\"https:\/\/rfef.es\/sites\/default\/files\/styles\/noticias_galeria_ficha\/public\/galeria\/whatsapp_image_2025-06-25_at_19.08.53.jpeg.webp?itok=I4AmKq8o\" width=\"960\" height=\"540\" \/><\/a><\/p>\n<p style=\"text-align: left\">Para la seleccionadora toles xugadores son importantes y trabaya para fa\u00e9-ylo sentir asina tami\u00e9n a elles \u00abpensando colectivamente\u00bb: <em>\u00abHai que valorar la importancia de tar ente les 23, hab\u00eda otres que pod\u00eden y qued\u00e1ronse fora. Ganase col so esfuerzu. De ca\u00fana de les 23 Espa\u00f1a precisa de les sos cualidaes y que vamos precisar xunas cualidaes o otres. Nun compiten ente elles. Compiten contra sigo mesmes tener el m\u00e1ximu nivel pa cuando Espa\u00f1a lo precisa, independientemente del rol. Non toes pueden xugar lo mesmo. Pero consiguimos ver la comunicaci\u00f3n y la din\u00e1mica d&#8217;entrenamientu ente elles. Tener esi pensamientu m\u00e1s colectivu fai m\u00e1s senciellu que toes se sientan parte\u00bb<\/em><\/p>\n<\/div>\n<\/div>\n<p style=\"text-align: center\"><a href=\"https:\/\/rfef.es\/sites\/default\/files\/styles\/noticias_image_content\/public\/n\/whatsapp_image_2025-06-26_at_11.08.36.jpeg.webp?itok=4PMiXLvH\"><img loading=\"lazy\" decoding=\"async\" class=\"aligncenter size-large\" src=\"https:\/\/rfef.es\/sites\/default\/files\/styles\/noticias_image_content\/public\/n\/whatsapp_image_2025-06-26_at_11.08.36.jpeg.webp?itok=4PMiXLvH\" width=\"960\" height=\"540\" \/><\/a><\/p>\n<p style=\"text-align: center\">\n<!-- iframe plugin v.6.0 wordpress.org\/plugins\/iframe\/ -->\n<iframe loading=\"lazy\" src=\"https:\/\/www.facebook.com\/plugins\/video.php?height=314&#038;href=https%3A%2F%2Fwww.facebook.com%2Fla2detve%2Fvideos%2F707362062032276%2F&#038;show_text=false&#038;width=560&#038;t=0\" width=\"560\" height=\"314\" style=\"border:none;overflow:hidden\" scrolling=\"no\" frameborder=\"0\" allowfullscreen=\"true\" allow=\"autoplay; clipboard-write; encrypted-media; picture-in-picture; web-share\" 0=\"\/iframe\" class=\"iframe-class\"><\/iframe>\n<\/p>\n","protected":false},"excerpt":{"rendered":"<p>Selecci\u00f3n Espa\u00f1ola Femenina de F\u00fatbol \/#WEURO2025.\/#JugarLucharYGanar \u00a0Selecci\u00f3n Espa\u00f1ola Femenina de F\u00fatbol \/ La m\u00e1s esperada. Fecha para los amantes de la @sefutbolfem. Y para asitiase ente tantes otres que pasaron a la hestoria. Cola so meyor sorrisa, les internacionales, el cuerpu t\u00e9cnicu y el staff posaron xuntu al Presidente de la RFEF, Rafael Louz\u00e1n, n&#8217;una [&hellip;]<\/p>\n","protected":false},"author":117,"featured_media":0,"comment_status":"closed","ping_status":"open","sticky":false,"template":"","format":"standard","meta":{"footnotes":""},"categories":[133],"tags":[],"class_list":["post-51763","post","type-post","status-publish","format-standard","hentry","category-deportes"],"_links":{"self":[{"href":"https:\/\/edublog.educastur.es\/ixuxu\/wp-json\/wp\/v2\/posts\/51763","targetHints":{"allow":["GET"]}}],"collection":[{"href":"https:\/\/edublog.educastur.es\/ixuxu\/wp-json\/wp\/v2\/posts"}],"about":[{"href":"https:\/\/edublog.educastur.es\/ixuxu\/wp-json\/wp\/v2\/types\/post"}],"author":[{"embeddable":true,"href":"https:\/\/edublog.educastur.es\/ixuxu\/wp-json\/wp\/v2\/users\/117"}],"replies":[{"embeddable":true,"href":"https:\/\/edublog.educastur.es\/ixuxu\/wp-json\/wp\/v2\/comments?post=51763"}],"version-history":[{"count":8,"href":"https:\/\/edublog.educastur.es\/ixuxu\/wp-json\/wp\/v2\/posts\/51763\/revisions"}],"predecessor-version":[{"id":51789,"href":"https:\/\/edublog.educastur.es\/ixuxu\/wp-json\/wp\/v2\/posts\/51763\/revisions\/51789"}],"wp:attachment":[{"href":"https:\/\/edublog.educastur.es\/ixuxu\/wp-json\/wp\/v2\/media?parent=51763"}],"wp:term":[{"taxonomy":"category","embeddable":true,"href":"https:\/\/edublog.educastur.es\/ixuxu\/wp-json\/wp\/v2\/categories?post=51763"},{"taxonomy":"post_tag","embeddable":true,"href":"https:\/\/edublog.educastur.es\/ixuxu\/wp-json\/wp\/v2\/tags?post=51763"}],"curies":[{"name":"wp","href":"https:\/\/api.w.org\/{rel}","templated":true}]}}