{"id":51772,"date":"2025-06-26T16:48:58","date_gmt":"2025-06-26T14:48:58","guid":{"rendered":"https:\/\/edublog.educastur.es\/ixuxu\/?p=51772"},"modified":"2025-06-26T16:49:33","modified_gmt":"2025-06-26T14:49:33","slug":"laltu-de-la-farrapona-en-somiedu","status":"publish","type":"post","link":"https:\/\/edublog.educastur.es\/ixuxu\/2025\/06\/laltu-de-la-farrapona-en-somiedu\/","title":{"rendered":"L&#8217;altu de la Farrapona en Somiedu"},"content":{"rendered":"<div class=\"html-div xdj266r xat24cr x1lziwak xexx8yu xyri2b x18d9i69 x1c1uobl x78zum5 x2lah0s xqtp20y x1xegmmw\"><\/div>\n<div class=\"html-div xdj266r x14z9mp xat24cr x1lziwak xexx8yu xyri2b x18d9i69 x1c1uobl x1iyjqo2 xeuugli\">\n<div class=\"x78zum5 xdt5ytf xz62fqu x16ldp7u\">\n<div class=\"xu06os2 x1ok221b\">\n<div class=\"html-div xdj266r x14z9mp xat24cr x1lziwak xexx8yu xyri2b x18d9i69 x1c1uobl\" data-ad-rendering-role=\"profile_name\">\n<ul>\n<li id=\"_r_6m3_\" class=\"html-h4 x14z9mp xat24cr x1lziwak xexx8yu xyri2b x18d9i69 x1c1uobl x1vvkbs x1heor9g x1qlqyl8 x1pd3egz x1a2a7pz x1gslohp x1yc453h\"><span class=\"xt0psk2\"><span class=\"xjp7ctv\"><a class=\"x1i10hfl xjbqb8w x1ejq31n x18oe1m7 x1sy0etr xstzfhl x972fbf x10w94by x1qhh985 x14e42zd x9f619 x1ypdohk xt0psk2 xe8uvvx xdj266r x14z9mp xat24cr x1lziwak xexx8yu xyri2b x18d9i69 x1c1uobl x16tdsg8 x1hl2dhg xggy1nq x1a2a7pz xkrqix3 x1sur9pj xzsf02u x1s688f\" role=\"link\" href=\"https:\/\/www.facebook.com\/revista.arquine?__cft__[0]=AZWfwqIsstbDLqiYOZuM0Cmb1eDnB62TuaisopkTXRrajdSzrsLOU_3C3tk0MzsgRE4B0klyFbVGVT6KFrIhu0cGdilw-InkZ4CvbUFcBdeqBaBATTQ9d_HL8LhIph1tP03PsvtNTlPIbwKuzECtOWC6Loop1BOGwmA8rfCIGkTky1uiRChuEQDHaUncxF-Cy8mtd5MYge-AtcSWfcZj8XdMhFrBRq4wmeetAr2QiF9zwA&amp;__tn__=-UC%2CP-R\"><strong class=\"html-strong xdj266r x14z9mp xat24cr x1lziwak xexx8yu xyri2b x18d9i69 x1c1uobl x1hl2dhg x16tdsg8 x1vvkbs x1s688f\"><span class=\"html-span xdj266r x14z9mp xat24cr x1lziwak xexx8yu xyri2b x18d9i69 x1c1uobl x1hl2dhg x16tdsg8 x1vvkbs\">Revista Internacional de arquitectura y dise\u00f1o Arquine<\/span><\/strong><\/a><\/span><\/span><span class=\"html-span xdj266r x14z9mp xat24cr x1lziwak xexx8yu xyri2b x18d9i69 x1c1uobl x1hl2dhg x16tdsg8 x1vvkbs x1dor1uw x1n2onr6 xxymvpz\">\u00a0<\/span><\/li>\n<\/ul>\n<\/div>\n<\/div>\n<\/div>\n<\/div>\n<div class=\"xu06os2 x1ok221b\">\n<div class=\"html-div xdj266r x14z9mp xat24cr x1lziwak xexx8yu xyri2b x18d9i69 x1c1uobl\" data-ad-rendering-role=\"profile_name\"><\/div>\n<\/div>\n<div class=\"xqcrz7y x78zum5 x1qx5ct2 x1y1aw1k xf159sx xwib8y2 xmzvs34 xw4jnvo\">\n<div style=\"text-align: center\"><a href=\"https:\/\/arquine.com\/wp-content\/uploads\/2025\/06\/MIRADOR-DE-LA-FARRAPONA-1.jpg\"><img loading=\"lazy\" decoding=\"async\" class=\"aligncenter size-large\" src=\"https:\/\/arquine.com\/wp-content\/uploads\/2025\/06\/MIRADOR-DE-LA-FARRAPONA-1.jpg\" width=\"1900\" height=\"950\" \/><\/a><\/div>\n<\/div>\n<div class=\"html-div xdj266r x14z9mp xat24cr x1lziwak xexx8yu xyri2b x18d9i69 x1c1uobl\" dir=\"auto\">\n<div class=\"html-div xdj266r x14z9mp xat24cr x1lziwak xexx8yu xyri2b x18d9i69 x1c1uobl\" data-ad-rendering-role=\"story_message\">\n<div id=\"_r_6m5_\" class=\"x1l90r2v x1iorvi4 x1g0dm76 xpdmqnj\" data-ad-comet-preview=\"message\" data-ad-preview=\"message\">\n<div class=\"x78zum5 xdt5ytf xz62fqu x16ldp7u\">\n<div class=\"xu06os2 x1ok221b\">\n<div class=\"html-div xdj266r x14z9mp xat24cr x1lziwak xexx8yu xyri2b x18d9i69 x1c1uobl\">\n<div class=\"xdj266r x14z9mp xat24cr x1lziwak x1vvkbs x126k92a\">\n<div dir=\"auto\">Nel puntu m\u00e1s altu del valle de Saliencia, en Somiedu, Asturies, as\u00edtiase l&#8217;altu de la Farrapona, dende&#8217;l que puede contemplase unu de los llugares de mayor importancia xeol\u00f3xica del Cordal Cant\u00e1bricu. Gracies a un concursu, el dise\u00f1u ganador d&#8217;esti mirador foi Puerto &amp; S\u00e1nchez Arquitectos. | <span class=\"html-span xdj266r x14z9mp xat24cr x1lziwak xexx8yu xyri2b x18d9i69 x1c1uobl x1hl2dhg x16tdsg8 x1vvkbs\"><a class=\"x1i10hfl xjbqb8w x1ejq31n x18oe1m7 x1sy0etr xstzfhl x972fbf x10w94by x1qhh985 x14e42zd x9f619 x1ypdohk xt0psk2 xe8uvvx xdj266r x14z9mp xat24cr x1lziwak xexx8yu xyri2b x18d9i69 x1c1uobl x16tdsg8 x1hl2dhg xggy1nq x1a2a7pz xkrqix3 x1sur9pj x1fey0fg x1s688f\" role=\"link\" href=\"https:\/\/ow.ly\/KANw50WcukH?fbclid=IwZXh0bgNhZW0CMTAAYnJpZBEwSjZnaTdFdmNSMElnb0hCYwEeBEFDAZAQUMALGe_fZVp7q_hieHG8CGyYfR5VowAU7b-QX-NQaIyUXORL5KY_aem_79SRfjBsnYEG4pW4vTYSYw\" target=\"_blank\" rel=\"nofollow noopener noreferrer\">https:\/\/ow.ly\/KANw50WcukH<\/a><\/span><\/div>\n<\/div>\n<div dir=\"auto\"><!--more--><\/div>\n<div class=\"xdj266r x14z9mp xat24cr x1lziwak x1vvkbs x126k92a\">\n<div dir=\"auto\" style=\"text-align: center\"><a href=\"https:\/\/arquine.com\/wp-content\/uploads\/2025\/06\/MIRADOR-DE-LA-FARRAPONA-4.jpg\"><img loading=\"lazy\" decoding=\"async\" class=\"aligncenter size-large\" src=\"https:\/\/arquine.com\/wp-content\/uploads\/2025\/06\/MIRADOR-DE-LA-FARRAPONA-4.jpg\" width=\"1900\" height=\"1425\" \/><\/a><\/div>\n<div dir=\"auto\" style=\"text-align: center\"><a href=\"https:\/\/arquine.com\/wp-content\/uploads\/2025\/06\/MIRADOR-DE-LA-FARRAPONA-5.jpg\"><img loading=\"lazy\" decoding=\"async\" class=\"aligncenter size-large\" src=\"https:\/\/arquine.com\/wp-content\/uploads\/2025\/06\/MIRADOR-DE-LA-FARRAPONA-5.jpg\" width=\"1900\" height=\"1188\" \/><\/a><\/div>\n<\/div>\n<\/div>\n<\/div>\n<\/div>\n<\/div>\n<\/div>\n<\/div>\n<p>&nbsp;<\/p>\n<p style=\"text-align: center\"><a href=\"https:\/\/arquine.com\/wp-content\/uploads\/2025\/06\/MIRADOR-DE-LA-FARRAPONA-8.jpg\"><img loading=\"lazy\" decoding=\"async\" class=\"aligncenter size-large\" src=\"https:\/\/arquine.com\/wp-content\/uploads\/2025\/06\/MIRADOR-DE-LA-FARRAPONA-8.jpg\" width=\"1900\" height=\"950\" \/><\/a><\/p>\n","protected":false},"excerpt":{"rendered":"<p>Revista Internacional de arquitectura y dise\u00f1o Arquine\u00a0 Nel puntu m\u00e1s altu del valle de Saliencia, en Somiedu, Asturies, as\u00edtiase l&#8217;altu de la Farrapona, dende&#8217;l que puede contemplase unu de los llugares de mayor importancia xeol\u00f3xica del Cordal Cant\u00e1bricu. Gracies a un concursu, el dise\u00f1u ganador d&#8217;esti mirador foi Puerto &amp; S\u00e1nchez Arquitectos. | https:\/\/ow.ly\/KANw50WcukH<\/p>\n","protected":false},"author":117,"featured_media":0,"comment_status":"closed","ping_status":"open","sticky":false,"template":"","format":"standard","meta":{"footnotes":""},"categories":[1],"tags":[],"class_list":["post-51772","post","type-post","status-publish","format-standard","hentry","category-sin-categoria"],"_links":{"self":[{"href":"https:\/\/edublog.educastur.es\/ixuxu\/wp-json\/wp\/v2\/posts\/51772","targetHints":{"allow":["GET"]}}],"collection":[{"href":"https:\/\/edublog.educastur.es\/ixuxu\/wp-json\/wp\/v2\/posts"}],"about":[{"href":"https:\/\/edublog.educastur.es\/ixuxu\/wp-json\/wp\/v2\/types\/post"}],"author":[{"embeddable":true,"href":"https:\/\/edublog.educastur.es\/ixuxu\/wp-json\/wp\/v2\/users\/117"}],"replies":[{"embeddable":true,"href":"https:\/\/edublog.educastur.es\/ixuxu\/wp-json\/wp\/v2\/comments?post=51772"}],"version-history":[{"count":2,"href":"https:\/\/edublog.educastur.es\/ixuxu\/wp-json\/wp\/v2\/posts\/51772\/revisions"}],"predecessor-version":[{"id":51774,"href":"https:\/\/edublog.educastur.es\/ixuxu\/wp-json\/wp\/v2\/posts\/51772\/revisions\/51774"}],"wp:attachment":[{"href":"https:\/\/edublog.educastur.es\/ixuxu\/wp-json\/wp\/v2\/media?parent=51772"}],"wp:term":[{"taxonomy":"category","embeddable":true,"href":"https:\/\/edublog.educastur.es\/ixuxu\/wp-json\/wp\/v2\/categories?post=51772"},{"taxonomy":"post_tag","embeddable":true,"href":"https:\/\/edublog.educastur.es\/ixuxu\/wp-json\/wp\/v2\/tags?post=51772"}],"curies":[{"name":"wp","href":"https:\/\/api.w.org\/{rel}","templated":true}]}}