{"id":51780,"date":"2025-06-27T08:30:14","date_gmt":"2025-06-27T06:30:14","guid":{"rendered":"https:\/\/edublog.educastur.es\/ixuxu\/?p=51780"},"modified":"2025-06-27T00:53:53","modified_gmt":"2025-06-26T22:53:53","slug":"el-tiempu-el-comercio-79","status":"publish","type":"post","link":"https:\/\/edublog.educastur.es\/ixuxu\/2025\/06\/el-tiempu-el-comercio-79\/","title":{"rendered":"El tiempu (El Comercio)"},"content":{"rendered":"<p style=\"text-align: center\"><a href=\"https:\/\/s3.ppllstatics.com\/elcomercio\/www\/multimedia\/2025\/06\/26\/prevision-tiempo-asturias-k9eG-U2301948938566Ca-1200x860@El%20Comercio.jpg\"><img loading=\"lazy\" decoding=\"async\" class=\"aligncenter size-large\" src=\"https:\/\/s3.ppllstatics.com\/elcomercio\/www\/multimedia\/2025\/06\/26\/prevision-tiempo-asturias-k9eG-U2301948938566Ca-1200x860@El%20Comercio.jpg\" width=\"1200\" height=\"860\" \/><\/a><\/p>\n<p>Esperamos un d\u00eda veraniegu n&#8217;Asturies. <span style=\"color: #008080\"><strong>Vamos Amanecer<\/strong><\/span> posiblemente con dalguna nube baxa de poca importancia en delles zones, pero r\u00e1pido van estenase dexando unos cielos pr\u00e1cticamente estenaos en tola rex\u00f3n. <span style=\"color: #008080\"><strong>Los vientos<\/strong><\/span> van ser fluexos pela ma\u00f1ana con encl\u00edn a afitase de nordeste na mari\u00f1a pela tarde con dalguna qu&#8217;otra racha moderada. <strong><span style=\"color: #008080\">Les temperatures m\u00e1ximes<\/span><\/strong> van xubir ente 3 y 4 \u00baC nel interior, siendo l&#8217;ascensu daqu\u00e9 m\u00e1s llixeru na mari\u00f1a (hasta 2 \u00baC m\u00e1s que&#8217;l xueves).<strong><span style=\"color: #008080\"> A la fin del d\u00eda<\/span><\/strong>, prevese la entrada de nubosidad baxa pola mari\u00f1a que podr\u00eda estendese siquier pola met\u00e1 norte. Con estes nubes vamos amanecer el s\u00e1badu.<\/p>\n<p><!--more--><\/p>\n<ul>\n<li>Comoquier,<span style=\"color: #008080\"><strong> a lo llargo de la ma\u00f1ana del s\u00e1badu<\/strong> <\/span>la nubosidad va ser cada vez menos compacta polo que se van dir abriendo nuevamente grandes escamplaes, costar daqu\u00e9 m\u00e1s na mari\u00f1a. <span style=\"color: #008080\"><strong>Les temperatures<\/strong><\/span> van siguir xubiendo un pocu m\u00e1s polo que se van superar los 30 \u00baC en munches poblaciones asturianes.<\/li>\n<li><span style=\"color: #008080\"><strong>El domingu<\/strong><\/span> tami\u00e9n va ser un d\u00eda calorosu al igual que&#8217;l llunes. <strong><span style=\"color: #008080\">Los term\u00f3metros<\/span> <\/strong>van empezar a baxar el martes y, sobremanera, el mi\u00e9rcoles.<\/li>\n<\/ul>\n","protected":false},"excerpt":{"rendered":"<p>Esperamos un d\u00eda veraniegu n&#8217;Asturies. Vamos Amanecer posiblemente con dalguna nube baxa de poca importancia en delles zones, pero r\u00e1pido van estenase dexando unos cielos pr\u00e1cticamente estenaos en tola rex\u00f3n. Los vientos van ser fluexos pela ma\u00f1ana con encl\u00edn a afitase de nordeste na mari\u00f1a pela tarde con dalguna qu&#8217;otra racha moderada. Les temperatures m\u00e1ximes [&hellip;]<\/p>\n","protected":false},"author":117,"featured_media":0,"comment_status":"closed","ping_status":"open","sticky":false,"template":"","format":"standard","meta":{"footnotes":""},"categories":[5],"tags":[],"class_list":["post-51780","post","type-post","status-publish","format-standard","hentry","category-tiempu"],"_links":{"self":[{"href":"https:\/\/edublog.educastur.es\/ixuxu\/wp-json\/wp\/v2\/posts\/51780","targetHints":{"allow":["GET"]}}],"collection":[{"href":"https:\/\/edublog.educastur.es\/ixuxu\/wp-json\/wp\/v2\/posts"}],"about":[{"href":"https:\/\/edublog.educastur.es\/ixuxu\/wp-json\/wp\/v2\/types\/post"}],"author":[{"embeddable":true,"href":"https:\/\/edublog.educastur.es\/ixuxu\/wp-json\/wp\/v2\/users\/117"}],"replies":[{"embeddable":true,"href":"https:\/\/edublog.educastur.es\/ixuxu\/wp-json\/wp\/v2\/comments?post=51780"}],"version-history":[{"count":3,"href":"https:\/\/edublog.educastur.es\/ixuxu\/wp-json\/wp\/v2\/posts\/51780\/revisions"}],"predecessor-version":[{"id":51783,"href":"https:\/\/edublog.educastur.es\/ixuxu\/wp-json\/wp\/v2\/posts\/51780\/revisions\/51783"}],"wp:attachment":[{"href":"https:\/\/edublog.educastur.es\/ixuxu\/wp-json\/wp\/v2\/media?parent=51780"}],"wp:term":[{"taxonomy":"category","embeddable":true,"href":"https:\/\/edublog.educastur.es\/ixuxu\/wp-json\/wp\/v2\/categories?post=51780"},{"taxonomy":"post_tag","embeddable":true,"href":"https:\/\/edublog.educastur.es\/ixuxu\/wp-json\/wp\/v2\/tags?post=51780"}],"curies":[{"name":"wp","href":"https:\/\/api.w.org\/{rel}","templated":true}]}}