{"id":51786,"date":"2025-06-27T08:26:54","date_gmt":"2025-06-27T06:26:54","guid":{"rendered":"https:\/\/edublog.educastur.es\/ixuxu\/?p=51786"},"modified":"2025-06-27T10:32:58","modified_gmt":"2025-06-27T08:32:58","slug":"estau-del-tiempu-vienres-27-xunu","status":"publish","type":"post","link":"https:\/\/edublog.educastur.es\/ixuxu\/2025\/06\/estau-del-tiempu-vienres-27-xunu\/","title":{"rendered":"Est\u00e1u del tiempu: vienres 27 xunu"},"content":{"rendered":"<div class=\"html-div xdj266r x14z9mp xat24cr x1lziwak xexx8yu xyri2b x18d9i69 x1c1uobl\">\n<div class=\"html-div xdj266r x14z9mp x1lziwak x18d9i69 x1cy8zhl x78zum5 x1q0g3np xod5an3 xz9dl7a x1g0dm76 xpdmqnj\">\n<div class=\"html-div xdj266r x14z9mp xat24cr x1lziwak xexx8yu xyri2b x18d9i69 x1c1uobl x1iyjqo2 xeuugli\">\n<div class=\"x78zum5 xdt5ytf xz62fqu x16ldp7u\">\n<div class=\"xu06os2 x1ok221b\">\n<div class=\"html-div xdj266r x14z9mp xat24cr x1lziwak xexx8yu xyri2b x18d9i69 x1c1uobl\" data-ad-rendering-role=\"profile_name\">\n<ul>\n<li id=\"_r_3t_\" class=\"html-h2 x14z9mp xat24cr x1lziwak xexx8yu xyri2b x18d9i69 x1c1uobl x1vvkbs x1heor9g x1qlqyl8 x1pd3egz x1a2a7pz x1gslohp x1yc453h\"><span class=\"xt0psk2\"><a class=\"x1i10hfl xjbqb8w x1ejq31n x18oe1m7 x1sy0etr xstzfhl x972fbf x10w94by x1qhh985 x14e42zd x9f619 x1ypdohk xt0psk2 xe8uvvx xdj266r x14z9mp xat24cr x1lziwak xexx8yu xyri2b x18d9i69 x1c1uobl x16tdsg8 x1hl2dhg xggy1nq x1a2a7pz xkrqix3 x1sur9pj xzsf02u x1s688f\" role=\"link\" href=\"https:\/\/www.facebook.com\/eltiempuenasturies?__cft__[0]=AZUC63OHb6nuPGdB8n8hBGRIcFErDkpTBjh1kESYKtruuWZsFyB9igbQzlJYcJvWywg9dbZSbt7ZHHvvkD8Y5wYPB_O07QSFswMu9xcwI0p5xDtgwws5Xp-PWVNW9FwB1z9KtowSN14WfIXC2D4Xf_MVsqNr6wBPAJNC64GD3EgGhCMIiFlb7R5BWjzkDyutf1j582SuLD7qK3W6gtKNMr4V&amp;__tn__=-UC%2CP-R\"><strong class=\"html-strong xdj266r x14z9mp xat24cr x1lziwak xexx8yu xyri2b x18d9i69 x1c1uobl x1hl2dhg x16tdsg8 x1vvkbs x1s688f\"><span class=\"html-span xdj266r x14z9mp xat24cr x1lziwak xexx8yu xyri2b x18d9i69 x1c1uobl x1hl2dhg x16tdsg8 x1vvkbs\">El Tiempu n&#8217;Asturies.<\/span><\/strong><\/a><\/span><\/li>\n<\/ul>\n<\/div>\n<\/div>\n<div class=\"xu06os2 x1ok221b\"><\/div>\n<\/div>\n<\/div>\n<\/div>\n<\/div>\n<div class=\"html-div xdj266r x14z9mp xat24cr x1lziwak xexx8yu xyri2b x18d9i69 x1c1uobl\">\n<div class=\"html-div xdj266r x14z9mp xat24cr x1lziwak xexx8yu xyri2b x18d9i69 x1c1uobl\" dir=\"auto\">\n<div class=\"html-div xdj266r x14z9mp xat24cr x1lziwak xexx8yu xyri2b x18d9i69 x1c1uobl\" data-ad-rendering-role=\"story_message\">\n<div id=\"_r_3v_\" class=\"x1l90r2v x1iorvi4 x1g0dm76 xpdmqnj\" data-ad-comet-preview=\"message\" data-ad-preview=\"message\">\n<div class=\"x78zum5 xdt5ytf xz62fqu x16ldp7u\">\n<div class=\"xu06os2 x1ok221b\">\n<div class=\"html-div xdj266r x14z9mp xat24cr x1lziwak xexx8yu xyri2b x18d9i69 x1c1uobl\">\n<div class=\"x14z9mp xat24cr x1lziwak x1vvkbs xtlvy1s x126k92a\">\n<ul>\n<li dir=\"auto\"><strong><span style=\"color: #008080\">Alborecemos<\/span><\/strong> col cielu escampl\u00e1u ya con unes temperatures que tan alrodiu de los 16\u00baC, rexistr\u00e1ndose nel puirtu Payares 14,3\u00baC.<\/li>\n<\/ul>\n<\/div>\n<div class=\"x14z9mp xat24cr x1lziwak x1vvkbs xtlvy1s x126k92a\">\n<ul>\n<li dir=\"auto\"><strong><span style=\"color: #008080\">G\u00fcei<\/span> <\/strong>vamos tener un d\u00eda soleyeru y prestosu, sicas\u00ed al atapecer va dir entrando nubosid\u00e1 estratificada pel llitoral pero que nun llegar\u00e1 a la met\u00e1 sur d&#8217;Asturies con unes temperatures en moder\u00e1u ascensu, sobre too nel interior. L&#8217;aire sedr\u00e1 del nord\u00e9s sele en xeneral con dalguna racha moderada en zones del llitoral nes hores centrales del d\u00eda.<\/li>\n<\/ul>\n<p><!--more--><\/p>\n<\/div>\n<div class=\"x14z9mp xat24cr x1lziwak x1vvkbs xtlvy1s x126k92a\">\n<ul>\n<li dir=\"auto\"><strong><span style=\"color: #008080\">Ma\u00f1ana s\u00e1badu<\/span><\/strong> alboreceremos ente&#8217;l borr\u00edn y la nublina na met\u00e1 norte d&#8217;Asturies, tando escampl\u00e1u nel restu. Durante&#8217;l d\u00eda dir\u00e1n dixebr\u00e1ndose lo borrinos del alborecer ell\u00ed onde se presenten anque en zones del llitoral puen ser llocalmente persistentes dex\u00e1ndonos un d\u00eda nublu y trist\u00f3n con unes temperatures que medrar\u00e1n abondu en zones del interior onde se puen sobrepasar los 30\u00baC a primera hora de la tarde. L&#8217;aire sedr\u00e1 de componente norte nel llitoral y de sur nel interior sele en xeneral.<\/li>\n<\/ul>\n<\/div>\n<div class=\"x14z9mp xat24cr x1lziwak x1vvkbs xtlvy1s x126k92a\">\n<ul>\n<li dir=\"auto\"><strong><span style=\"color: #008080\">El domingu<\/span><\/strong> vamos tener un d\u00eda mui asemey\u00e1u con muncho sol ya calor nel interior ya con nublines y borrinos pela costa y fastera central que dir\u00e1n dixebr\u00e1ndose a lu llargu la ma\u00f1ana anque de nuevu puen ser persistentes llocalmente pela costa.<\/li>\n<\/ul>\n<\/div>\n<\/div>\n<\/div>\n<\/div>\n<\/div>\n<\/div>\n<\/div>\n<\/div>\n<p>&nbsp;<\/p>\n","protected":false},"excerpt":{"rendered":"<p>El Tiempu n&#8217;Asturies. Alborecemos col cielu escampl\u00e1u ya con unes temperatures que tan alrodiu de los 16\u00baC, rexistr\u00e1ndose nel puirtu Payares 14,3\u00baC. G\u00fcei vamos tener un d\u00eda soleyeru y prestosu, sicas\u00ed al atapecer va dir entrando nubosid\u00e1 estratificada pel llitoral pero que nun llegar\u00e1 a la met\u00e1 sur d&#8217;Asturies con unes temperatures en moder\u00e1u ascensu, [&hellip;]<\/p>\n","protected":false},"author":117,"featured_media":0,"comment_status":"closed","ping_status":"open","sticky":false,"template":"","format":"standard","meta":{"footnotes":""},"categories":[5],"tags":[],"class_list":["post-51786","post","type-post","status-publish","format-standard","hentry","category-tiempu"],"_links":{"self":[{"href":"https:\/\/edublog.educastur.es\/ixuxu\/wp-json\/wp\/v2\/posts\/51786","targetHints":{"allow":["GET"]}}],"collection":[{"href":"https:\/\/edublog.educastur.es\/ixuxu\/wp-json\/wp\/v2\/posts"}],"about":[{"href":"https:\/\/edublog.educastur.es\/ixuxu\/wp-json\/wp\/v2\/types\/post"}],"author":[{"embeddable":true,"href":"https:\/\/edublog.educastur.es\/ixuxu\/wp-json\/wp\/v2\/users\/117"}],"replies":[{"embeddable":true,"href":"https:\/\/edublog.educastur.es\/ixuxu\/wp-json\/wp\/v2\/comments?post=51786"}],"version-history":[{"count":1,"href":"https:\/\/edublog.educastur.es\/ixuxu\/wp-json\/wp\/v2\/posts\/51786\/revisions"}],"predecessor-version":[{"id":51787,"href":"https:\/\/edublog.educastur.es\/ixuxu\/wp-json\/wp\/v2\/posts\/51786\/revisions\/51787"}],"wp:attachment":[{"href":"https:\/\/edublog.educastur.es\/ixuxu\/wp-json\/wp\/v2\/media?parent=51786"}],"wp:term":[{"taxonomy":"category","embeddable":true,"href":"https:\/\/edublog.educastur.es\/ixuxu\/wp-json\/wp\/v2\/categories?post=51786"},{"taxonomy":"post_tag","embeddable":true,"href":"https:\/\/edublog.educastur.es\/ixuxu\/wp-json\/wp\/v2\/tags?post=51786"}],"curies":[{"name":"wp","href":"https:\/\/api.w.org\/{rel}","templated":true}]}}