{"id":51797,"date":"2025-06-27T10:45:08","date_gmt":"2025-06-27T08:45:08","guid":{"rendered":"https:\/\/edublog.educastur.es\/ixuxu\/?p=51797"},"modified":"2025-06-27T10:53:36","modified_gmt":"2025-06-27T08:53:36","slug":"mil-venecies-ganadora-del-premiu-alfonso-iglesias-2025","status":"publish","type":"post","link":"https:\/\/edublog.educastur.es\/ixuxu\/2025\/06\/mil-venecies-ganadora-del-premiu-alfonso-iglesias-2025\/","title":{"rendered":"\u201cMil Venecies\u201d, ganadora del Premiu Alfonso Iglesias 2025"},"content":{"rendered":"<p style=\"text-align: center\"><a href=\"https:\/\/actualidad.asturias.es\/documents\/537115\/2655136\/Pa%CC%81xina+de+Mil+Venecies.jpg\/e73ee3a2-9509-a7d4-2179-62ac590d11bb?t=1750939929892\"><img loading=\"lazy\" decoding=\"async\" class=\"aligncenter size-large\" src=\"https:\/\/actualidad.asturias.es\/documents\/537115\/2655136\/Pa%CC%81xina+de+Mil+Venecies.jpg\/e73ee3a2-9509-a7d4-2179-62ac590d11bb?t=1750939929892\" width=\"1659\" height=\"1432\" \/><\/a><\/p>\n<div class=\"_aasi\">\n<div class=\"x9f619 xjbqb8w x78zum5 x15mokao x1ga7v0g x16uus16 xbiv7yw x1n2onr6 x1plvlek xryxfnj x1c4vz4f x2lah0s x1q0g3np xqjyukv x6s0dn4 x1oa3qoh x1qughib\">\n<header class=\"_aaqw\">\n<div class=\"_aaqy _aaqz\">\n<div class=\"_aar0 _aar1\">\n<div class=\"x78zum5 x6ikm8r x10wlt62\">\n<div class=\"_aaqt\">\n<div class=\"x9f619 xjbqb8w x78zum5 x15mokao x1ga7v0g x16uus16 xbiv7yw x1n2onr6 x1plvlek xryxfnj x1c4vz4f x2lah0s x1q0g3np xqjyukv x6s0dn4 x1oa3qoh x1nhvcw1\"><\/div>\n<\/div>\n<\/div>\n<\/div>\n<\/div>\n<\/header>\n<\/div>\n<\/div>\n<div class=\"x78zum5 xdt5ytf x1q2y9iw x1n2onr6 xh8yej3 x9f619 x1iyjqo2 x13lttk3 x1t7ytsu xpilrb4 xexx8yu xyri2b x18d9i69 x1c1uobl\">\n<section class=\"x12nagc x182iqb8 xv54qhq xf7dkkf\"><\/section>\n<div class=\"x78zum5 xdt5ytf x1iyjqo2 xs83m0k x2lwn1j x1odjw0f x1n2onr6 x9ek82g x6ikm8r xdj266r x14z9mp x4ii5y1 x1lziwak xexx8yu xv54qhq x18d9i69 xf7dkkf\">\n<div class=\"x1qjc9v5 x972fbf x10w94by x1qhh985 x14e42zd x9f619 x78zum5 xdt5ytf x2lah0s xk390pu xdj266r x14z9mp xat24cr x1lziwak xexx8yu xyri2b x18d9i69 x1c1uobl x1n2onr6 xggy1nq x11njtxf\" role=\"button\">\n<div class=\"_a9zm\">\n<div class=\"_a9zn _a9zo\">\n<div class=\"\">\n<div>\n<ul>\n<li class=\"x1i10hfl xjbqb8w xjqpnuy xc5r6h4 xqeqjp1 x1phubyo x13fuv20 x18b5jzi x1q0q8m5 x1t7ytsu x972fbf x10w94by x1qhh985 x14e42zd x9f619 xdl72j9 x2lah0s xe8uvvx x2lwn1j xeuugli xexx8yu xyri2b x18d9i69 x1c1uobl x16tdsg8 x1hl2dhg xggy1nq x1ja2u2z x1t137rt x1fmog5m xu25z0z x140muxe xo1y3bh x1q0g3np x87ps6o x1lku1pv x1a2a7pz x6s0dn4 x1lliihq x1okw0bk xl56j7k x1n2onr6 x1ypdohk xqcrz7y xdj266r x14iifvp xat24cr x1lziwak\" role=\"button\"><a class=\"x1i10hfl xjqpnuy xc5r6h4 xqeqjp1 x1phubyo xdl72j9 x2lah0s xe8uvvx xdj266r x14z9mp xat24cr x1lziwak x2lwn1j xeuugli x1hl2dhg xggy1nq x1ja2u2z x1t137rt x1q0g3np x1a2a7pz x6s0dn4 xjyslct x1ejq31n x18oe1m7 x1sy0etr xstzfhl x9f619 x1ypdohk x1f6kntn xl56j7k x17ydfre x2b8uid xlyipyv x87ps6o x14atkfc x5c86q x18br7mf x1i0vuye x11q7cde xr5sc7 xf8g3cd x20cjte xt0b8zv x568u83 xjbqb8w xr9e8f9 x1e4oeot x1ui04y5 x6en5u8 x972fbf x10w94by x1qhh985 x14e42zd xt0psk2 xt7dq6l xexx8yu xyri2b x18d9i69 x1c1uobl x1n2onr6 x1n5bzlp\" role=\"link\" href=\"https:\/\/www.instagram.com\/culturaast\/\">culturaast<\/a>\/ Fonte: <a href=\"https:\/\/actualidad.asturias.es\/-\/el-premio-alfonso-iglesias-de-c%C3%B3mic-en-lengua-asturiana-reconoce-la-obra-mil-venecies-de-agust%C3%ADn-cernuda-del-r%C3%ADo-y-alejandro-castrillo-cernuda?redirect=%2Fnoticias\">Actualid\u00e1 Asturies\u00a0<\/a><\/li>\n<\/ul>\n<\/div>\n<\/div>\n<div class=\"_a9zr\">\n<div class=\"xt0psk2\">\n<ul>\n<li class=\"_ap3a _aaco _aacu _aacx _aad7 _aade\" dir=\"auto\">\ud83d\udcda\u2728 \u00a0\u2728\ud83d\udcda La novela gr\u00e1fica d\u2019Agust\u00edn Cernuda del R\u00edo y Alejandro Castrillo Cernuda, alz\u00f3se col <strong><span style=\"color: #008080\">Premiu Alfonso Iglesias de c\u00f3mic en llingua asturiana<\/span><\/strong>, convoc\u00e1u pola Conseyer\u00eda de Cultura, Pol\u00edtica Lling\u00fc\u00edstica y Deporte.<\/li>\n<li class=\"_ap3a _aaco _aacu _aacx _aad7 _aade\" dir=\"auto\">\ud83c\udfc6 El premiu ta dot\u00e1u con 6.000\u20ac y la publicaci\u00f3n de la obra.<\/li>\n<\/ul>\n<p><!--more--><\/p>\n<p>\ud83d\udd39 Agust\u00edn Cernuda ye doctor inxenieru y m\u00fasicu, debuta nel c\u00f3mic llargu con esta obra.<br \/>\n\ud83d\udd39 Alejandro Castrillo ye historiador del arte y especialista en visualizaci\u00f3n 3D, responsable del tratamientu gr\u00e1ficu.<\/p>\n<p>El xur\u00e1u destac\u00f3 la obra pola so riqueza lling\u00fc\u00edstica, la fluidez de los di\u00e1logos y l\u2019usu de met\u00e1fores visuales nun tratamientu que fusiona lo on\u00edrico y lo reflexivo. La historia sigue la vida d\u2019una muyer asturiana, retratando al empar importantes fen\u00f3menos sociales del sieglu XX n&#8217;Asturies.<\/p>\n<p style=\"text-align: center\"><span class=\"html-span xexx8yu x4uap5 x18d9i69 xkhd6sd x1hl2dhg x16tdsg8 x1vvkbs x3nfvp2 x1j61x8r x1fcty0u xdj266r xat24cr xgzva0m xhhsvwb xxymvpz xlup9mm x1kky2od\">\n<!-- iframe plugin v.6.0 wordpress.org\/plugins\/iframe\/ -->\n<iframe loading=\"lazy\" src=\"https:\/\/www.instagram.com\/reel\/DLXyXxooiKp\/embed\" width=\"640\" height=\"640\" 0=\"\/iframe\" scrolling=\"yes\" class=\"iframe-class\" frameborder=\"0\"><\/iframe>\n<\/span><\/p>\n<div class=\"description\">\n<p class=\"CxSpMiddle\" style=\"text-align: center\"><span style=\"color: #008080\"><em><span lang=\"ES-TRAD\">El Premiu\u00a0Alfonso Iglesias\u00a0de c\u00f3mic en llingua asturiana<br \/>\nreconoz la obra\u00a0Mil Venecies, d\u2019Agust\u00edn Cernuda del R\u00edo<br \/>\ny Alejandro Castrillo Cernuda<\/span><\/em><\/span><\/p>\n<p>&nbsp;<\/p>\n<ul>\n<li><b>El xur\u00e1u destaca d\u2019esta obra \u201cla naturalid\u00e1 y riqueza del llinguaxe, la fluidez de los di\u00e1logos, l\u2019inter\u00e9s de les met\u00e1fores visuales de les que se val y el tratamientu gr\u00e1ficu de lo on\u00edrico y lo reflexivo\u201d<\/b><\/li>\n<\/ul>\n<p>La decimos\u00e9ptima edici\u00f3n del Premiu\u00a0<i>Alfonso Iglesias<\/i>\u00a0de c\u00f3mic n\u2019asturianu reconoci\u00f3\u2019l trabayu a d\u00fau d\u2019Agust\u00edn Cernuda del R\u00edo (Mieres, 1970) y Alejandro Castrillo Cernuda (Mieres, 1987), autores de la novela gr\u00e1fica\u00a0<i>Mil Venecies<\/i>, que narra la historia vital emocionante d\u2019una muyer asturiana y, al tiempu, dexa retratar una parte importante de los fen\u00f3menos sociales que marcaron el sieglu\u00a0xx\u00a0na nuestra comunid\u00e1.<\/p>\n<p>El xur\u00e1u d\u2019esta edici\u00f3n tuvo presid\u00edu pol director xeneral d\u2019Acci\u00f3n Cultural y Normalizaci\u00f3n Lling\u00fc\u00edstica, Ant\u00f3n Garc\u00eda, y integr\u00e1u pol fil\u00f3logu Marcos Mart\u00ednez, la ilustradora M\u00f3nica Garc\u00eda y l\u2019escritor Daniel Casta\u00f1o, ganador na \u00faltima convocatoria del premiu. Ente los valores de la obra premiada, los miembros del xur\u00e1u destacaron nel acta \u00abla naturalid\u00e1 y riqueza del llinguaxe, la fluidez de los di\u00e1logos, l\u2019inter\u00e9s de les met\u00e1fores visuales de les que se val y el tratamientu gr\u00e1ficu de lo on\u00edrico y lo reflexivo\u00bb.<\/p>\n<p>El Premiu\u00a0<i>Alfonso Iglesias<\/i>, convoc\u00e1u pola Conseyer\u00eda de Cultura, Pol\u00edtica Lling\u00fc\u00edstica y Deporte, ta dot\u00e1u con 6.000 euros y la publicaci\u00f3n de la obra ganadora. Pod\u00eden presentase obres in\u00e9dites y non premiaes n\u2019otros concursos, d\u2019estilu, tratamientu y tema llibre, pudiendo adoptar el desenvolvimientu d\u2019una historia \u00fanica o un conxuntu d\u2019histories, con una estensi\u00f3n m\u00ednima de cincuenta p\u00e1xines.<\/p>\n<p><b>Agust\u00edn Cernuda del R\u00edo,\u00a0<i>Guti del R\u00edo<\/i><\/b>, ye doctor inxenieru n\u2019inform\u00e1tica y trabaya angua\u00f1o como xefe de secci\u00f3n d\u2019Inform\u00e1tica na Xunta Xeneral del Princip\u00e1u d\u2019Asturies. M\u00fasicu de jazz y ganador de dalg\u00fan premiu de narraciones curties,\u00a0<i>Mil Venecies<\/i>\u00a0ye\u2019l so primer c\u00f3mic llargu.<\/p>\n<p><b>Alejandro Castrillo Cernuda<\/b>\u00a0ye llicenci\u00e1u n\u2019Historia del Arte pola Universid\u00e1 d\u2019Uvi\u00e9u y espertu en Visualizaci\u00f3n y Illuminaci\u00f3n 3D. Director de producci\u00f3n na empresa de\u00a0<i>marketing<\/i>\u00a0Neozink, y director creativu d\u2019empreses dedicaes a la producci\u00f3n de conten\u00edos museogr\u00e1ficos, exerci\u00f3 tami\u00e9n como ilustrador d\u2019esposiciones y cat\u00e1logos espositivos vinculaos al patrimoniu asturianu.<\/p>\n<\/div>\n<div class=\"contenido-article documentacion\">\n<ul>\n<li><a class=\"pdf\" title=\"Nota de prensa del Premio Alfonso Iglesias de C\u00f3mic (asturiano). Abre una nueva ventana\" href=\"https:\/\/actualidad.asturias.es\/documents\/533407\/0\/2025_06_26+NP+Fallo+del+Premio+Alfonso+Iglesias+de+Co%CC%81mic+asturiano+%281%29.pdf\/3b47ea95-9856-7a0f-7df6-61bab3f8047b?t=1750938991642\" target=\"_blank\" rel=\"noopener\">\u00a0Nota de prensa del Premio Alfonso Iglesias de C\u00f3mic (asturiano)<\/a><\/li>\n<\/ul>\n<\/div>\n<\/div>\n<\/div>\n<\/div>\n<\/div>\n<\/div>\n<\/div>\n<\/div>\n<p>&nbsp;<\/p>\n","protected":false},"excerpt":{"rendered":"<p>culturaast\/ Fonte: Actualid\u00e1 Asturies\u00a0 \ud83d\udcda\u2728 \u00a0\u2728\ud83d\udcda La novela gr\u00e1fica d\u2019Agust\u00edn Cernuda del R\u00edo y Alejandro Castrillo Cernuda, alz\u00f3se col Premiu Alfonso Iglesias de c\u00f3mic en llingua asturiana, convoc\u00e1u pola Conseyer\u00eda de Cultura, Pol\u00edtica Lling\u00fc\u00edstica y Deporte. \ud83c\udfc6 El premiu ta dot\u00e1u con 6.000\u20ac y la publicaci\u00f3n de la obra.<\/p>\n","protected":false},"author":117,"featured_media":0,"comment_status":"closed","ping_status":"open","sticky":false,"template":"","format":"standard","meta":{"footnotes":""},"categories":[57,58],"tags":[],"class_list":["post-51797","post","type-post","status-publish","format-standard","hentry","category-comic","category-premios"],"_links":{"self":[{"href":"https:\/\/edublog.educastur.es\/ixuxu\/wp-json\/wp\/v2\/posts\/51797","targetHints":{"allow":["GET"]}}],"collection":[{"href":"https:\/\/edublog.educastur.es\/ixuxu\/wp-json\/wp\/v2\/posts"}],"about":[{"href":"https:\/\/edublog.educastur.es\/ixuxu\/wp-json\/wp\/v2\/types\/post"}],"author":[{"embeddable":true,"href":"https:\/\/edublog.educastur.es\/ixuxu\/wp-json\/wp\/v2\/users\/117"}],"replies":[{"embeddable":true,"href":"https:\/\/edublog.educastur.es\/ixuxu\/wp-json\/wp\/v2\/comments?post=51797"}],"version-history":[{"count":5,"href":"https:\/\/edublog.educastur.es\/ixuxu\/wp-json\/wp\/v2\/posts\/51797\/revisions"}],"predecessor-version":[{"id":51807,"href":"https:\/\/edublog.educastur.es\/ixuxu\/wp-json\/wp\/v2\/posts\/51797\/revisions\/51807"}],"wp:attachment":[{"href":"https:\/\/edublog.educastur.es\/ixuxu\/wp-json\/wp\/v2\/media?parent=51797"}],"wp:term":[{"taxonomy":"category","embeddable":true,"href":"https:\/\/edublog.educastur.es\/ixuxu\/wp-json\/wp\/v2\/categories?post=51797"},{"taxonomy":"post_tag","embeddable":true,"href":"https:\/\/edublog.educastur.es\/ixuxu\/wp-json\/wp\/v2\/tags?post=51797"}],"curies":[{"name":"wp","href":"https:\/\/api.w.org\/{rel}","templated":true}]}}