{"id":51810,"date":"2025-06-27T12:26:36","date_gmt":"2025-06-27T10:26:36","guid":{"rendered":"https:\/\/edublog.educastur.es\/ixuxu\/?p=51810"},"modified":"2025-07-01T22:40:17","modified_gmt":"2025-07-01T20:40:17","slug":"tania-pereira-una-de-les-figures-mas-destacaes-de-la-cancion-dautor-dasturies","status":"publish","type":"post","link":"https:\/\/edublog.educastur.es\/ixuxu\/2025\/06\/tania-pereira-una-de-les-figures-mas-destacaes-de-la-cancion-dautor-dasturies\/","title":{"rendered":"Tania Pereira, una de les figures m\u00e1s destacaes de la canci\u00f3n d\u2019autor d\u2019Asturies"},"content":{"rendered":"<p><a class=\"x1i10hfl xjbqb8w x1ejq31n x18oe1m7 x1sy0etr xstzfhl x972fbf x10w94by x1qhh985 x14e42zd x9f619 x1ypdohk xt0psk2 xe8uvvx xdj266r x14z9mp xat24cr x1lziwak xexx8yu xyri2b x18d9i69 x1c1uobl x16tdsg8 x1hl2dhg xggy1nq x1a2a7pz notranslate _a6hd\" role=\"link\" href=\"https:\/\/www.instagram.com\/taniapear\/\">@taniapear<\/a>\u00a0(Courias, 1988) ye una de les figures m\u00e1s destacaes de la canci\u00f3n d\u2019autor d\u2019Asturies \ud83c\udfb8 Lleva venceyada a la m\u00fasica dende mui moza, cuando particip\u00f3 nel grupu folk Brandal xunto col so p\u00e1, el m\u00fasicu Pedru Pereira. <a href=\"https:\/\/musicasturiana.com\/la-banda-sonora-de-tania-pereira\/\">Musicasturiana.com<\/a><\/p>\n<p style=\"text-align: center\"><span class=\"html-span xexx8yu x4uap5 x18d9i69 xkhd6sd x1hl2dhg x16tdsg8 x1vvkbs x3nfvp2 x1j61x8r x1fcty0u xdj266r xat24cr xgzva0m xhhsvwb xxymvpz xlup9mm x1kky2od\">\n<!-- iframe plugin v.6.0 wordpress.org\/plugins\/iframe\/ -->\n<iframe loading=\"lazy\" src=\"https:\/\/www.instagram.com\/reel\/DLVUIA6M9l0\/embed\" width=\"480\" height=\"640\" 0=\"\/iframe\" scrolling=\"yes\" class=\"iframe-class\" frameborder=\"0\"><\/iframe>\n<\/span><\/p>\n<p><!--more--><\/p>\n<p>\ud83c\udf99\ufe0fLa so carrera como solista y\u00e1 dura m\u00e1s de 10 a\u00f1os y nella l\u2019asturianu siempre tuvo presente cola publicaci\u00f3n de dalgunos cantares nesta llingua. Pr\u00f3ximamente va llanzar el so segundu trabayu de llarga duraci\u00f3n, \u2018Rousa de Xeric\u00f3\u2019.<\/p>\n<p style=\"text-align: center\">\n<!-- iframe plugin v.6.0 wordpress.org\/plugins\/iframe\/ -->\n<iframe style=\"border-radius:12px\" src=\"https:\/\/open.spotify.com\/embed\/playlist\/7AT51g7HleckUsqHKHArJ9?utm_source=generator\" width=\"100%\" height=\"352\" frameborder=\"0\" allowfullscreen allow=\"autoplay; clipboard-write; encrypted-media; fullscreen; picture-in-picture\" loading=\"lazy\" 0=\"\/iframe\" scrolling=\"yes\" class=\"iframe-class\"><\/iframe>\n<\/p>\n<p>Con ella siguimos cola estaya <span style=\"color: #003366\"><strong>La Banda Sonora De.<\/strong><\/span>.., una serie d\u2019entrevistes de personalid\u00e1 acompa\u00f1aes d\u2019una playlist de Spotify na que cada persona entrevistada escueye los 20 cantares que m\u00e1s-y presten.<\/p>\n<p>\ud83d\udcf8\u00a0<a class=\"x1i10hfl xjbqb8w x1ejq31n x18oe1m7 x1sy0etr xstzfhl x972fbf x10w94by x1qhh985 x14e42zd x9f619 x1ypdohk xt0psk2 xe8uvvx xdj266r x14z9mp xat24cr x1lziwak xexx8yu xyri2b x18d9i69 x1c1uobl x16tdsg8 x1hl2dhg xggy1nq x1a2a7pz notranslate _a6hd\" role=\"link\" href=\"https:\/\/www.instagram.com\/saraclemm\/\">@saraclemm<\/a><\/p>\n<p style=\"text-align: center\"><a href=\"https:\/\/musicasturiana.com\/wp-content\/uploads\/2025\/06\/tania-pereira-la-banda-sonora.jpg\"><img loading=\"lazy\" decoding=\"async\" class=\"aligncenter size-large\" src=\"https:\/\/musicasturiana.com\/wp-content\/uploads\/2025\/06\/tania-pereira-la-banda-sonora.jpg\" width=\"1200\" height=\"600\" \/><\/a><\/p>\n<p><strong>Tania Peireira<\/strong>\u00a0(Courias, 1988) ye una de les figures m\u00e1s destacaes de la\u00a0<strong>canci\u00f3n d\u2019autor<\/strong>\u00a0d\u2019Asturies. Lleva venceyada a la m\u00fasica dende mui moza, cuando particip\u00f3 nel grupu folk\u00a0<strong>Brandal\u00a0<\/strong>xunto col so p\u00e1, el m\u00fasicu\u00a0<strong>Pedru Pereira<\/strong>. La so carrera como solista y\u00e1 dura m\u00e1s de 10 a\u00f1os y nella l\u2019asturianu siempre tuvo presente cola publicaci\u00f3n de dalgunos cantares nesta llingua. Pr\u00f3ximamente va llanzar el so\u00a0<strong>segundu trabayu<\/strong>\u00a0de llarga duraci\u00f3n,\u00a0<strong><em>Rousa de Xeric\u00f3<\/em><\/strong>, nel que va sonar canci\u00f3n d\u2019autor electroac\u00fastica entemecida con folk, bases de percusi\u00f3n electr\u00f3nica minimalista, voces, synths y vientos; dando como result\u00e1u una orixinal propuesta.<\/p>\n<p>Con ella siguimos cola estaya\u00a0<strong>La Banda Sonora De\u2026<\/strong>, una serie d\u2019entrevistes de personalid\u00e1 acompa\u00f1aes d\u2019una\u00a0<strong><em>playlist<\/em>\u00a0<\/strong>de Spotify na que cada persona entrevistada escueye los\u00a0<strong>20 cantares<\/strong>\u00a0<strong>que m\u00e1s-y presten<\/strong>.<\/p>\n<div class=\"wp-block-spacer\" aria-hidden=\"true\"><\/div>\n<figure class=\"wp-block-embed is-type-rich is-provider-spotify wp-block-embed-spotify\">\n<ul>\n<li class=\"wp-block-embed__wrapper\">Un discu qu\u2019enxam\u00e1s canses de sentir. <em>Mujeres\u00a0<\/em>de Silvio Rodr\u00edguez<\/li>\n<li class=\"wp-block-embed__wrapper\">Si tuvieres que formar parte d\u2019otru proyectu musical, \u00bfcu\u00e1l ser\u00eda? Agora mesmo Maestro Espada.<\/li>\n<li class=\"wp-block-embed__wrapper\">De los cantares que compusisti o interpretes, \u00bfcu\u00e1l ye\u2019l to prefer\u00edu? \u2018Ef\u00edmero\u2019, \u00a1Ta por salir entov\u00eda!<\/li>\n<\/ul>\n<\/figure>\n<blockquote class=\"wp-block-quote is-style-large is-layout-flow wp-block-quote-is-layout-flow\"><p>\u00ab<em>La primer vez que xub\u00ed a un escenariu foi nun conciertu ben\u00e9ficu en Cangas del Narcea, en sofitu a los mineros en g\u00fcelga del Patatero. Sent\u00ed nervios, nervios y nervios, pero contenta de que la mia voz resonara por dalgo tan xusto\u00bb<\/em><\/p><\/blockquote>\n<ul>\n<li id=\"cuando-foi-la-primer-vez-que-xubisti-a-un-escenariu-y-que-paso-enantes-durante-y-depues\" class=\"wp-block-heading\">\u00bfCu\u00e1ndo foi la primer vez que xubisti a un escenariu y que pas\u00f3 enantes, durante y depu\u00e9s? Foi nun conciertu ben\u00e9ficu en Cangas del Narcea, en sofitu a los mineros en g\u00fcelga del Patatero. Nervios, nervios y nervios, pero contenta de que la mia voz resonara por dalgo tan xusto.<\/li>\n<li class=\"wp-block-heading\">\u00bfQu\u00e9 ye lo m\u00e1s inxusto de ser artista? Que nam\u00e1s cuenten los minutos que tas en pie nel escenariu, ya si l\u2019algoritmu nun te quier, nun te quier naide\u2026.<\/li>\n<li class=\"wp-block-heading\">Si fueres Conseyera de Cultura, \u00bfqu\u00e9 son les primeres coses que fadr\u00edes? Que nun zarren los colexos de m\u00fasica nos sitios m\u00e1s apartaos del centru la rex\u00f3n. Ya que nun zarren sitios cumu La Salvaje, onde la m\u00fasica en directo daba espaciu tanto a artistas emerxentes cumu consolidaos.<\/li>\n<\/ul>\n<blockquote class=\"wp-block-quote is-style-large is-layout-flow wp-block-quote-is-layout-flow\"><p><em>\u00abQue nun zarren los colexos de m\u00fasica nos sitios m\u00e1s apartaos del centru la rex\u00f3n. Ya que nun zarren sitios cumu La Salvaje, onde la m\u00fasica en directo daba espaciu tanto a artistas emerxentes cumu consolidaos\u00bb<\/em><\/p><\/blockquote>\n<ul>\n<li id=\"enantes-de-ser-artista-de-la-musica-asturiana-de-xuru-que-sentisti-o-visti-en-directo-a-mas-companeros-y-companeres-d-esta-escena-quien-te-marco-y-t-animo-a-xubir-al-barcu-de-facer-musica-n-asturianu\" class=\"wp-block-heading\">Enantes de ser artista de la m\u00fasica asturiana, de xuru que sentisti o visti en directo a m\u00e1s compa\u00f1eros y compa\u00f1eres d\u2019esta escena. \u00bfQui\u00e9n te marc\u00f3 y t\u2019anim\u00f3 a xubir al barcu de facer m\u00fasica n\u2019asturianu? Ensin dulda\u2019l miou p\u00e1, Pedru Pereira, ya la moced\u00e1 de Xedr\u00e9, siempres compromet\u00eda cola cultura ya\u2019l folklore.<\/li>\n<\/ul>\n<blockquote class=\"wp-block-quote is-style-large is-layout-flow wp-block-quote-is-layout-flow\"><p><em>\u00abpablopablo ta ayud\u00e1ndome a subime un poucu al tren de la modernid\u00e1, ya escribir cumu si lo fixeras nel diariu\u00bb<\/em><\/p><\/blockquote>\n<ul>\n<li id=\"ya-conocemos-les-tos-recomendaciones-y-influencies-agora-toca-que-te-confieses-cual-ye-esi-cantar-o-esi-grupu-qu-escuches-culposamente-na-intimida\" class=\"wp-block-heading\">Y\u00e1 conocemos les tos recomendaciones y influencies\u2026 agora toca que te confieses: \u00bfcu\u00e1l ye esi cantar o esi grupu qu\u2019escuches culposamente \u201cna intimid\u00e1\u201d? Agora mesmo tengo que reconocer que pablopablo. Viniendo you de buscar na m\u00eda escritura\u2019l sent\u00edu m\u00e1s po\u00e9ticu\u2026 ta ayud\u00e1ndome a subime un poucu al tren de la modernid\u00e1, ya escribir cumu si lo fixeras nel diariu. Eso d\u2019escundese nel doble sent\u00edu, ya met\u00e1foras parez que y\u00e1 nun se l.leva\u2026<\/li>\n<li class=\"wp-block-heading\">\u00bfA qu\u00e9 personaxe p\u00fablicu convidar\u00edes a un conciertu tuyu, a pasar llueu pel <em>backstage\u00a0<\/em>y pa qu\u00e9? Nel equ\u00ed y agora voi tener que dicir el miou prefer\u00edu, Ben Howard, porque la so m\u00fasica foi la pieza que me faltaba por encaxar. Nun-y preguntar\u00eda demasiao, y\u00e1 sabemos, \u00abenxam\u00e1s conozas a los tos \u00eddolos\u00bb. Sicas\u00ed, Luis Eduardo Aute ser\u00eda l\u2019artista col que me tuviere prestao pasar horas sinti\u00e9ndolo falar.<\/li>\n<li class=\"wp-block-heading\">Y\u00e1 qu\u2019escoyisti la to \u201cBanda Sonora Vital\u201d, vamos rematar con una Banda Sonora Orixinal. \u00bfDe qu\u00e9 llibru n\u2019asturianu te prestar\u00eda qu\u2019hubiere una pel\u00edcula a la qu\u2019am\u00e1s pongas-y t\u00fa la BSO? \u00cda una traxi-comedia teatral, <em>Pa\u00eds: Una Tragicomedia asturiana<\/em>\u00a0de Dolfo Camilo D\u00edaz. Nun solo fair\u00eda la m\u00fasica pa salime un pouco de la m\u00eda zona de confort, tami\u00e9n prestar\u00edame la escenograf\u00eda ya decor\u00e1u. Tami\u00e9n imaxinar\u00eda un viaxe atmosf\u00e9ricu de\u00a0<em>loops\u00a0<\/em>de guitarra ya saxu p\u2019acompa\u00f1ar l\u2019amist\u00e1 ya l\u2019aprendizaxe de principiar esnalar na vida na\u00a0<em>Historia d\u2019una gavilueta y del gatu que la deprendi\u00f3 a esnalar<\/em>\u00a0(Ye una traducci\u00f3n ya y\u00e1 tien pel\u00edcula! pero reinterpretar\u00edala).<\/li>\n<\/ul>\n","protected":false},"excerpt":{"rendered":"<p>@taniapear\u00a0(Courias, 1988) ye una de les figures m\u00e1s destacaes de la canci\u00f3n d\u2019autor d\u2019Asturies \ud83c\udfb8 Lleva venceyada a la m\u00fasica dende mui moza, cuando particip\u00f3 nel grupu folk Brandal xunto col so p\u00e1, el m\u00fasicu Pedru Pereira. Musicasturiana.com<\/p>\n","protected":false},"author":117,"featured_media":0,"comment_status":"closed","ping_status":"open","sticky":false,"template":"","format":"standard","meta":{"footnotes":""},"categories":[458,35,125],"tags":[],"class_list":["post-51810","post","type-post","status-publish","format-standard","hentry","category-la-banda-sonora-de","category-musica","category-musicasturiana-com"],"_links":{"self":[{"href":"https:\/\/edublog.educastur.es\/ixuxu\/wp-json\/wp\/v2\/posts\/51810","targetHints":{"allow":["GET"]}}],"collection":[{"href":"https:\/\/edublog.educastur.es\/ixuxu\/wp-json\/wp\/v2\/posts"}],"about":[{"href":"https:\/\/edublog.educastur.es\/ixuxu\/wp-json\/wp\/v2\/types\/post"}],"author":[{"embeddable":true,"href":"https:\/\/edublog.educastur.es\/ixuxu\/wp-json\/wp\/v2\/users\/117"}],"replies":[{"embeddable":true,"href":"https:\/\/edublog.educastur.es\/ixuxu\/wp-json\/wp\/v2\/comments?post=51810"}],"version-history":[{"count":6,"href":"https:\/\/edublog.educastur.es\/ixuxu\/wp-json\/wp\/v2\/posts\/51810\/revisions"}],"predecessor-version":[{"id":51828,"href":"https:\/\/edublog.educastur.es\/ixuxu\/wp-json\/wp\/v2\/posts\/51810\/revisions\/51828"}],"wp:attachment":[{"href":"https:\/\/edublog.educastur.es\/ixuxu\/wp-json\/wp\/v2\/media?parent=51810"}],"wp:term":[{"taxonomy":"category","embeddable":true,"href":"https:\/\/edublog.educastur.es\/ixuxu\/wp-json\/wp\/v2\/categories?post=51810"},{"taxonomy":"post_tag","embeddable":true,"href":"https:\/\/edublog.educastur.es\/ixuxu\/wp-json\/wp\/v2\/tags?post=51810"}],"curies":[{"name":"wp","href":"https:\/\/api.w.org\/{rel}","templated":true}]}}