{"id":51817,"date":"2025-06-27T12:36:03","date_gmt":"2025-06-27T10:36:03","guid":{"rendered":"https:\/\/edublog.educastur.es\/ixuxu\/?p=51817"},"modified":"2025-06-27T12:40:47","modified_gmt":"2025-06-27T10:40:47","slug":"resollu-el-tercer-discu-de-la-banda-de-gaites-llacin","status":"publish","type":"post","link":"https:\/\/edublog.educastur.es\/ixuxu\/2025\/06\/resollu-el-tercer-discu-de-la-banda-de-gaites-llacin\/","title":{"rendered":"\u2018Resollu\u2019, el tercer discu de la banda de gaites Llac\u00edn (Llanes)"},"content":{"rendered":"<div class=\"_aasi\">\n<div class=\"x9f619 xjbqb8w x78zum5 x15mokao x1ga7v0g x16uus16 xbiv7yw x1n2onr6 x1plvlek xryxfnj x1c4vz4f x2lah0s x1q0g3np xqjyukv x6s0dn4 x1oa3qoh x1qughib\">\n<header class=\"_aaqw\">\n<div style=\"text-align: center\"><img loading=\"lazy\" decoding=\"async\" class=\"aligncenter size-large\" src=\"https:\/\/musicasturiana.com\/wp-content\/uploads\/2025\/05\/banda-gaites-llacin.jpg\" width=\"1200\" height=\"600\" \/><\/div>\n<\/header>\n<\/div>\n<\/div>\n<div class=\"x78zum5 xdt5ytf x1q2y9iw x1n2onr6 xh8yej3 x9f619 x1iyjqo2 x13lttk3 x1t7ytsu xpilrb4 xexx8yu xyri2b x18d9i69 x1c1uobl\">\n<div class=\"x78zum5 xdt5ytf x1iyjqo2 xs83m0k x2lwn1j x1odjw0f x1n2onr6 x9ek82g x6ikm8r xdj266r x14z9mp x4ii5y1 x1lziwak xexx8yu xv54qhq x18d9i69 xf7dkkf\">\n<div class=\"x1qjc9v5 x972fbf x10w94by x1qhh985 x14e42zd x9f619 x78zum5 xdt5ytf x2lah0s xk390pu xdj266r x14z9mp xat24cr x1lziwak xexx8yu xyri2b x18d9i69 x1c1uobl x1n2onr6 xggy1nq x11njtxf\" role=\"button\">\n<div class=\"_a9zm\">\n<div class=\"_a9zn _a9zo\">\n<div class=\"\"><a href=\"https:\/\/musicasturiana.com\/la-banda-gaites-llacin-publica-resollu-el-so-trabayu-mas-completu\/\">web Musicasturiana.com<\/a> \/ <a class=\"x1i10hfl xjqpnuy xc5r6h4 xqeqjp1 x1phubyo xdl72j9 x2lah0s xe8uvvx xdj266r x14z9mp xat24cr x1lziwak x2lwn1j xeuugli x1hl2dhg xggy1nq x1ja2u2z x1t137rt x1q0g3np x1a2a7pz x6s0dn4 xjyslct x1ejq31n x18oe1m7 x1sy0etr xstzfhl x9f619 x1ypdohk x1f6kntn xl56j7k x17ydfre x2b8uid xlyipyv x87ps6o x14atkfc x5c86q x18br7mf x1i0vuye x11q7cde xr5sc7 xf8g3cd x20cjte xt0b8zv x568u83 xjbqb8w xr9e8f9 x1e4oeot x1ui04y5 x6en5u8 x972fbf x10w94by x1qhh985 x14e42zd xt0psk2 xt7dq6l xexx8yu xyri2b x18d9i69 x1c1uobl x1n2onr6 x1n5bzlp\" role=\"link\" href=\"https:\/\/www.instagram.com\/musicasturiana\/\">musicasturiana<\/a><\/div>\n<div class=\"_a9zr\">\n<div class=\"xt0psk2\">\n<p class=\"_ap3a _aaco _aacu _aacx _aad7 _aade\" dir=\"auto\">\ud83d\udcbf Y\u00e1 ta na cai \u2018Resollu\u2019, el tercer discu de la\u00a0<a class=\"x1i10hfl xjbqb8w x1ejq31n x18oe1m7 x1sy0etr xstzfhl x972fbf x10w94by x1qhh985 x14e42zd x9f619 x1ypdohk xt0psk2 xe8uvvx xdj266r x14z9mp xat24cr x1lziwak xexx8yu xyri2b x18d9i69 x1c1uobl x16tdsg8 x1hl2dhg xggy1nq x1a2a7pz notranslate _a6hd\" role=\"link\" href=\"https:\/\/www.instagram.com\/bandagaitesllacin\/\">@bandagaitesllacin<\/a>\u00a0\ud83e\udd41 Son 12 temes que afonden na cuidada propuesta d\u2019esta banda \ud83d\udd25 L\u2019agrupaci\u00f3n va presentalo en directo\u2019l 4 de xunetu en Llanes nun conciertu que va axuntar cuasi 100 m\u00fasicos nel escenariu y nel que tami\u00e9n toquen\u00a0<a class=\"x1i10hfl xjbqb8w x1ejq31n x18oe1m7 x1sy0etr xstzfhl x972fbf x10w94by x1qhh985 x14e42zd x9f619 x1ypdohk xt0psk2 xe8uvvx xdj266r x14z9mp xat24cr x1lziwak xexx8yu xyri2b x18d9i69 x1c1uobl x16tdsg8 x1hl2dhg xggy1nq x1a2a7pz notranslate _a6hd\" role=\"link\" href=\"https:\/\/www.instagram.com\/felpeyuoficial\/\">@felpeyuoficial<\/a>\u00a0y\u00a0<a class=\"x1i10hfl xjbqb8w x1ejq31n x18oe1m7 x1sy0etr xstzfhl x972fbf x10w94by x1qhh985 x14e42zd x9f619 x1ypdohk xt0psk2 xe8uvvx xdj266r x14z9mp xat24cr x1lziwak xexx8yu xyri2b x18d9i69 x1c1uobl x16tdsg8 x1hl2dhg xggy1nq x1a2a7pz notranslate _a6hd\" role=\"link\" href=\"https:\/\/www.instagram.com\/baxelrp\/\">@baxelrp<\/a> .\/<a class=\"x1i10hfl xjbqb8w x1ejq31n x18oe1m7 x1sy0etr xstzfhl x972fbf x10w94by x1qhh985 x14e42zd x9f619 x1ypdohk xt0psk2 xe8uvvx xdj266r x14z9mp xat24cr x1lziwak xexx8yu xyri2b x18d9i69 x1c1uobl x16tdsg8 x1hl2dhg xggy1nq x1a2a7pz notranslate _a6hd\" role=\"link\" href=\"https:\/\/www.instagram.com\/vitorcarbajal5\/\">@vitorcarbajal5<\/a>\u00a0<a class=\"x1i10hfl xjbqb8w x1ejq31n x18oe1m7 x1sy0etr xstzfhl x972fbf x10w94by x1qhh985 x14e42zd x9f619 x1ypdohk xt0psk2 xe8uvvx xdj266r x14z9mp xat24cr x1lziwak xexx8yu xyri2b x18d9i69 x1c1uobl x16tdsg8 x1hl2dhg xggy1nq x1a2a7pz notranslate _a6hd\" role=\"link\" href=\"https:\/\/www.instagram.com\/culturallanes\/\">@culturallanes<\/a><\/p>\n<\/div>\n<\/div>\n<\/div>\n<p dir=\"auto\">\n<\/div>\n<\/div>\n<\/div>\n<\/div>\n<p><!--more--><\/p>\n<div class=\"elementor-element elementor-element-72daa04 e-con-full e-flex e-con e-child\" data-id=\"72daa04\" data-element_type=\"container\">\n<div class=\"elementor-element elementor-element-00f4678 elementor-widget__width-inherit elementor-widget elementor-widget-theme-post-excerpt\" data-id=\"00f4678\" data-element_type=\"widget\" data-widget_type=\"theme-post-excerpt.default\">\n<div class=\"elementor-widget-container\">L\u2019agrupaci\u00f3n va presentalo en directo\u2019l 4 de xunetu en Llanes nun conciertu que va axuntar cuasi 100 m\u00fasicos nel escenariu. <a class=\"elementor-post-info__terms-list-item\" href=\"https:\/\/musicasturiana.com\/tag\/banda-gaites-llacin\/\">Banda Gaites Llac\u00edn<\/a>,\u00a0<a class=\"elementor-post-info__terms-list-item\" href=\"https:\/\/musicasturiana.com\/tag\/gaita\/\">Gaita<\/a><\/div>\n<\/div>\n<\/div>\n<div class=\"elementor-element elementor-element-eea4e26 e-con-full e-flex e-con e-child\" data-id=\"eea4e26\" data-element_type=\"container\">\n<div class=\"elementor-element elementor-element-9bc739f e-con-full e-flex e-con e-child\" data-id=\"9bc739f\" data-element_type=\"container\">\n<div class=\"elementor-element elementor-element-2d6b391 elementor-share-buttons--view-icon elementor-share-buttons--skin-minimal elementor-share-buttons--shape-circle elementor-grid-mobile-3 elementor-share-buttons--align-right elementor-share-buttons--color-custom elementor-widget__width-auto elementor-widget-tablet__width-auto elementor-grid-0 elementor-widget elementor-widget-share-buttons\" data-id=\"2d6b391\" data-element_type=\"widget\" data-widget_type=\"share-buttons.default\">\n<div class=\"elementor-widget-container\">\n<div class=\"elementor-grid\">\n<div class=\"elementor-grid-item\">\n<div class=\"elementor-share-btn elementor-share-btn_facebook\" role=\"button\" aria-label=\"Compartir en facebook\"><\/div>\n<\/div>\n<\/div>\n<\/div>\n<\/div>\n<div class=\"elementor-element elementor-element-b2299bd elementor-share-buttons--view-icon elementor-share-buttons--skin-minimal elementor-share-buttons--shape-circle elementor-grid-mobile-3 elementor-share-buttons--align-right elementor-share-buttons--color-custom elementor-widget__width-auto elementor-widget-tablet__width-auto elementor-grid-0 elementor-widget elementor-widget-share-buttons\" data-id=\"b2299bd\" data-element_type=\"widget\" data-widget_type=\"share-buttons.default\">\n<div class=\"elementor-widget-container\">\n<div class=\"elementor-grid\">\n<div class=\"elementor-grid-item\">\n<div class=\"elementor-share-btn elementor-share-btn_x-twitter\" role=\"button\" aria-label=\"Compartir en x-twitter\"><\/div>\n<\/div>\n<\/div>\n<\/div>\n<\/div>\n<\/div>\n<\/div>\n<div class=\"elementor-element elementor-element-a767a8c elementor-widget__width-inherit elementor-widget elementor-widget-theme-post-content\" data-id=\"a767a8c\" data-element_type=\"widget\" data-widget_type=\"theme-post-content.default\">\n<div class=\"elementor-widget-container\">\n<div class=\"wp-block-woocommerce-product-collection is-layout-flow wp-block-product-collection-is-layout-flow\" data-wp-context=\"{&quot;notices&quot;:[],&quot;collection&quot;:&quot;woocommerce\\\/product-collection\\\/hand-picked&quot;}\" data-wp-init=\"callbacks.onRender\" data-wp-interactive=\"woocommerce\/product-collection\" data-wp-router-region=\"wc-product-collection-0\" data-__private-preview-state=\"{&quot;isPreview&quot;:false,&quot;previewMessage&quot;:&quot;Los productos reales pueden diferir en funci\\u00f3n de la p\\u00e1gina en la que se est\\u00e9n viendo.&quot;}\" data-block-name=\"woocommerce\/product-collection\" data-collection=\"woocommerce\/product-collection\/hand-picked\" data-dimensions=\"{&quot;widthType&quot;:&quot;fill&quot;}\" data-display-layout=\"{&quot;type&quot;:&quot;flex&quot;,&quot;columns&quot;:2,&quot;shrinkColumns&quot;:true}\" data-hide-controls=\"[&quot;inherit&quot;,&quot;hand-picked&quot;,&quot;filterable&quot;,&quot;order&quot;]\" data-query-context-includes=\"[&quot;collection&quot;]\" data-query-id=\"0\" data-query=\"{&quot;perPage&quot;:9,&quot;pages&quot;:0,&quot;offset&quot;:0,&quot;postType&quot;:&quot;product&quot;,&quot;order&quot;:&quot;asc&quot;,&quot;orderBy&quot;:&quot;post__in&quot;,&quot;search&quot;:&quot;&quot;,&quot;exclude&quot;:[],&quot;inherit&quot;:false,&quot;taxQuery&quot;:[],&quot;isProductCollectionBlock&quot;:true,&quot;featured&quot;:false,&quot;woocommerceOnSale&quot;:false,&quot;woocommerceStockStatus&quot;:[&quot;instock&quot;,&quot;outofstock&quot;,&quot;onbackorder&quot;],&quot;woocommerceAttributes&quot;:[],&quot;woocommerceHandPickedProducts&quot;:[&quot;40097&quot;,&quot;40101&quot;],&quot;filterable&quot;:false,&quot;relatedBy&quot;:{&quot;categories&quot;:true,&quot;tags&quot;:true}}\" data-tag-name=\"div\">\n<ul class=\"wc-block-product-template__responsive columns-2 wc-block-product-template wp-block-woocommerce-product-template\" data-block-name=\"woocommerce\/product-template\">\n<li class=\"wc-block-product post-40097 product type-product status-publish has-post-thumbnail product_cat-novedaes product_cat-gaita product_tag-banda-gaites-llacin product_tag-folk product_tag-gaita first instock taxable shipping-taxable purchasable product-type-simple\" data-wp-interactive=\"woocommerce\/product-collection\" data-wp-context=\"{&quot;productId&quot;:40097}\" data-wp-key=\"product-item-40097\">\n<div class=\"wc-block-components-product-image wc-block-grid__product-image wp-block-woocommerce-product-image\" data-block-name=\"woocommerce\/product-image\" data-image-sizing=\"thumbnail\" data-is-descendent-of-query-loop=\"true\"><a href=\"https:\/\/musicasturiana.com\/producto\/banda-gaites-fonte-fuecara-cd-gaiteros-copia\/\" data-wp-on--click=\"woocommerce\/product-collection::actions.viewProduct\"><img loading=\"lazy\" decoding=\"async\" class=\"attachment-woocommerce_thumbnail aligncenter\" title=\"bg-llacin-resollu\" src=\"https:\/\/musicasturiana.com\/wp-content\/uploads\/2025\/05\/bg-llacin-resollu.jpg\" alt=\"BANDA GAITES LLAC\u00cdN - CD Resollu\" width=\"257\" height=\"257\" data-testid=\"product-image\" \/><\/a><\/div>\n<h3 class=\"has-text-align-center wp-block-post-title has-medium-font-size\" style=\"text-align: center\"><a href=\"https:\/\/musicasturiana.com\/producto\/banda-gaites-fonte-fuecara-cd-gaiteros-copia\/\" target=\"_self\" rel=\"noopener\" data-wp-on--click=\"woocommerce\/product-collection::actions.viewProduct\">BANDA GAITES LLAC\u00cdN \u2013 CD Resollu<\/a><\/h3>\n<div class=\"wp-block-woocommerce-product-price\" data-block-name=\"woocommerce\/product-price\" data-font-size=\"small\" data-is-descendent-of-query-loop=\"true\" data-text-align=\"center\">\n<div class=\"wc-block-components-product-price wc-block-grid__product-price has-text-align-center has-font-size has-small-font-size has-text-align-center\"><span class=\"woocommerce-Price-amount amount\">15,00<span class=\"woocommerce-Price-currencySymbol\">\u20ac<\/span><\/span><\/div>\n<\/div>\n<div class=\"wp-block-button wc-block-components-product-button align-center wp-block-woocommerce-product-button has-small-font-size\" data-block-name=\"woocommerce\/product-button\" data-font-size=\"small\" data-is-descendent-of-query-loop=\"true\" data-style=\"{&quot;border&quot;:{&quot;radius&quot;:&quot;0px&quot;}}\" data-text-align=\"center\" data-wp-interactive=\"woocommerce\/product-button\" data-wp-context=\"{&quot;quantityToAdd&quot;:1,&quot;productId&quot;:40097,&quot;addToCartText&quot;:&quot;A\\u00f1adir al cestu&quot;,&quot;tempQuantity&quot;:0,&quot;animationStatus&quot;:&quot;IDLE&quot;}\" data-wp-init=\"actions.refreshCartItems\"><button class=\"wp-block-button__link wp-element-button wc-block-components-product-button__button add_to_cart_button ajax_add_to_cart product_type_simple has-font-size has-small-font-size has-text-align-center wc-interactive\" type=\"button\" data-product_id=\"40097\" data-product_sku=\"MUSI40097\" aria-label=\"A\u00f1adir al carrito: \u201cBANDA GAITES LLAC\u00cdN - CD Resollu\u201d\" data-wp-on--click=\"actions.addCartItem\"><span data-wp-text=\"state.addToCartText\" data-wp-class--wc-block-slide-in=\"state.slideInAnimation\" data-wp-class--wc-block-slide-out=\"state.slideOutAnimation\" data-wp-on--animationend=\"actions.handleAnimationEnd\" data-wp-watch=\"callbacks.startAnimation\" data-wp-run=\"callbacks.syncTempQuantityOnLoad\">A\u00f1adir al cestu<\/span><\/button><\/div>\n<\/li>\n<li class=\"wc-block-product post-40101 product type-product status-publish has-post-thumbnail product_cat-novedaes product_cat-gaita product_cat-vinilos product_tag-banda-gaites-llacin product_tag-bandes-de-gaites product_tag-folk product_tag-gaita product_tag-vinilos product_tag-vinilu instock taxable shipping-taxable purchasable product-type-simple\" data-wp-interactive=\"woocommerce\/product-collection\" data-wp-context=\"{&quot;productId&quot;:40101}\" data-wp-key=\"product-item-40101\">\n<div class=\"wc-block-components-product-image wc-block-grid__product-image wp-block-woocommerce-product-image\" data-block-name=\"woocommerce\/product-image\" data-image-sizing=\"thumbnail\" data-is-descendent-of-query-loop=\"true\"><a href=\"https:\/\/musicasturiana.com\/producto\/banda-gaites-llacin-vinilu-resollu\/\" data-wp-on--click=\"woocommerce\/product-collection::actions.viewProduct\"><img loading=\"lazy\" decoding=\"async\" class=\"attachment-woocommerce_thumbnail aligncenter\" title=\"bg-llacin-resollu-vinilu\" src=\"https:\/\/musicasturiana.com\/wp-content\/uploads\/2025\/05\/bg-llacin-resollu-vinilu.jpg\" alt=\"BANDA GAITES LLAC\u00cdN - Vinilu Resollu\" width=\"317\" height=\"317\" data-testid=\"product-image\" \/><\/a><\/div>\n<h3 class=\"has-text-align-center wp-block-post-title has-medium-font-size\" style=\"text-align: center\"><a href=\"https:\/\/musicasturiana.com\/producto\/banda-gaites-llacin-vinilu-resollu\/\" target=\"_self\" rel=\"noopener\" data-wp-on--click=\"woocommerce\/product-collection::actions.viewProduct\">BANDA GAITES LLAC\u00cdN \u2013 Vinilu Resollu<\/a><\/h3>\n<div class=\"wp-block-woocommerce-product-price\" data-block-name=\"woocommerce\/product-price\" data-font-size=\"small\" data-is-descendent-of-query-loop=\"true\" data-text-align=\"center\">\n<div class=\"wc-block-components-product-price wc-block-grid__product-price has-text-align-center has-font-size has-small-font-size has-text-align-center\"><span class=\"woocommerce-Price-amount amount\">25,00<span class=\"woocommerce-Price-currencySymbol\">\u20ac<\/span><\/span><\/div>\n<\/div>\n<div class=\"wp-block-button wc-block-components-product-button align-center wp-block-woocommerce-product-button has-small-font-size\" data-block-name=\"woocommerce\/product-button\" data-font-size=\"small\" data-is-descendent-of-query-loop=\"true\" data-style=\"{&quot;border&quot;:{&quot;radius&quot;:&quot;0px&quot;}}\" data-text-align=\"center\" data-wp-interactive=\"woocommerce\/product-button\" data-wp-context=\"{&quot;quantityToAdd&quot;:1,&quot;productId&quot;:40101,&quot;addToCartText&quot;:&quot;A\\u00f1adir al cestu&quot;,&quot;tempQuantity&quot;:0,&quot;animationStatus&quot;:&quot;IDLE&quot;}\" data-wp-init=\"actions.refreshCartItems\"><button class=\"wp-block-button__link wp-element-button wc-block-components-product-button__button add_to_cart_button ajax_add_to_cart product_type_simple has-font-size has-small-font-size has-text-align-center wc-interactive\" type=\"button\" data-product_id=\"40101\" data-product_sku=\"MUSI40101\" aria-label=\"A\u00f1adir al carrito: \u201cBANDA GAITES LLAC\u00cdN - Vinilu Resollu\u201d\" data-wp-on--click=\"actions.addCartItem\"><span data-wp-text=\"state.addToCartText\" data-wp-class--wc-block-slide-in=\"state.slideInAnimation\" data-wp-class--wc-block-slide-out=\"state.slideOutAnimation\" data-wp-on--animationend=\"actions.handleAnimationEnd\" data-wp-watch=\"callbacks.startAnimation\" data-wp-run=\"callbacks.syncTempQuantityOnLoad\">A\u00f1adir al cestu<\/span><\/button><\/div>\n<\/li>\n<\/ul>\n<\/div>\n<p>Y\u00e1 ta en\u00a0<a href=\"https:\/\/musicasturiana.com\/etiqueta-producto\/banda-gaites-llacin\/\">tiendes\u00a0<\/a>y en plataformes musicales<strong><em>\u00a0<\/em><\/strong><a href=\"https:\/\/orcd.co\/resollu\" target=\"_blank\" rel=\"noopener\"><strong><em>Resollu<\/em><\/strong><\/a>, el tercer discu de la\u00a0<strong>Banda Gaites Llac\u00edn\u00a0<\/strong>qu\u2019asoleyen\u00a0<strong>17 a\u00f1os dempu\u00e9s\u00a0<\/strong>del so anterior trabayu. La reputad\u00edsima formaci\u00f3n llanisca regresa con<strong>\u00a0doce temes<\/strong>\u00a0que van poner enriba l\u2019escenariu el pr\u00f3ximu vienres\u00a0<strong>4 de xunetu\u00a0<\/strong>a les 22h en La Vega La Portilla (Llanes), nun\u00a0<a href=\"https:\/\/musicasturiana.com\/la-banda-gaites-llacin-presenta-resollu-nun-conciertu-nel-que-van-participar-cuasi-100-musicos\/\">conciertu de presentaci\u00f3n<\/a>\u00a0nel que van participar los<strong>\u00a0sesenta componentes\u00a0<\/strong>de Llac\u00edn xunto con una<strong>\u00a0trentena de m\u00fasicos y danzantes\u00a0<\/strong>ente los que s\u2019incl\u00fain dalgunos de los nomes m\u00e1s destacaos del\u00a0<strong>folk asturianu<\/strong>. Am\u00e1s, van tocar\u00a0<strong>Felpeyu\u00a0<\/strong>y\u00a0<strong>Baxel\u00a0<\/strong>pa convertir a esta cita nuna fiesta de la m\u00fasica asturiana.<\/p>\n<p><em>Resollu<\/em>\u00a0ta form\u00e1u por\u00a0<strong>doce temes\u00a0<\/strong>que, en pallabres del codirector de la banda,\u00a0<strong>V\u00edtor Carbajal<\/strong>, ponen \u00abun pie na\u00a0<strong>tradici\u00f3n<\/strong>\u00a0y otru na\u00a0<strong>modernid\u00e1<\/strong>, busquen un\u00a0<strong>son\u00edu m\u00e1s potente\u00a0<\/strong>de la banda y a\u00f1aden\u00a0<strong>propuestes sonores nueves que ruempen\u00a0<\/strong>con tolo anterior\u00bb. L\u2019agrupaci\u00f3n llanisca publica esta obra\u00a0<a href=\"https:\/\/musicasturiana.com\/etiqueta-producto\/banda-gaites-llacin\/\"><strong>en CD y tami\u00e9n en vinilu<\/strong><\/a>, siendo la primer vez en d\u00e9cades que s\u2019edita un discu de gaita asturiana nesti formatu \u00faltimu, faciendo d\u2019\u00e9l cuasique una\u00a0<strong>pieza de coleccionista<\/strong>.<\/p>\n<figure class=\"wp-block-embed is-type-rich is-provider-spotify wp-block-embed-spotify\">\n<div class=\"wp-block-embed__wrapper\" style=\"text-align: center\">\n<!-- iframe plugin v.6.0 wordpress.org\/plugins\/iframe\/ -->\n<iframe style=\"border-radius:12px\" src=\"https:\/\/open.spotify.com\/embed\/album\/6O54OMGPvlXKA3MHhFKoDB?utm_source=generator\" width=\"100%\" height=\"352\" frameborder=\"0\" allowfullscreen allow=\"autoplay; clipboard-write; encrypted-media; fullscreen; picture-in-picture\" loading=\"lazy\" 0=\"\/iframe\" scrolling=\"yes\" class=\"iframe-class\"><\/iframe>\n<\/div>\n<\/figure>\n<p>A lo llargo de<strong>\u00a053 minutos\u00a0<\/strong>esti trabayu axunta dellos estilos, qu\u2019asina presenta Carbajal: per un llau hai \u00absets de\u00a0<strong>pieces propies del repertoriu tradicional asturianu con arreglos de folk ac\u00fasticu<\/strong>, que tami\u00e9n s\u2019amesten a otres melod\u00edes del\u00a0<strong>Arcu Atl\u00e1nticu<\/strong>\u00bb. Tami\u00e9n hai \u00abcomposiciones nes que s\u2019opta por otra llinia de son\u00edu qu\u2019incl\u00fai<strong>\u00a0baxu, bater\u00eda y vientos metales<\/strong>\u00bb. Los dos cenciellos \u2018<a href=\"https:\/\/youtu.be\/WQHNDIYTAdM\" target=\"_blank\" rel=\"noopener\">Cam\u00edn de Glasgow<\/a>\u2018 y \u2018<a href=\"https:\/\/youtu.be\/pW030Mlq5kU\" target=\"_blank\" rel=\"noopener\">Resollu<\/a>\u2018, enm\u00e1rquense nestos sones. \u00abComo contrapuntu presentamos otres propuestes nes qu\u2019a\u00f1adimos una llinia\u00a0<strong>instrumental na que destaca\u2019l pianu y el cuatru<\/strong>\u00bb, un exemplu d\u2019ello ye una versi\u00f3n del m\u00edticu \u2018Chan Chan\u2019 de\u00a0<strong>Compay Segundo<\/strong>.<\/p>\n<p>Am\u00e1s\u00a0<em>Resollu<\/em>\u00a0recueye tami\u00e9n pieces qu\u2019incl\u00fain\u00a0<strong>programaciones electr\u00f3niques<\/strong>\u00a0y entemez temes compuestos por V\u00edtor Carbajal, otros tradicionales y versiones como\u2019l \u00ab<strong>homenaxe mui especial a Igor Medio y Carlos Redondo<\/strong>\u00bb con una reinterpretaci\u00f3n de<strong>\u00a0\u2018Los fayeos de mayo\u2019\u00a0<\/strong>de Felpeyu. Tami\u00e9n destaca \u00abl\u2019<strong>apart\u00e1u vocal en tres de los temes<\/strong>, que nos permiten ufrir una propuesta m\u00e1s abierta de son\u00edu, na que destaquen dos dances: una de Ponga y otra de Santa Marina de Parres (Llanes)\u00bb, a\u00f1ade\u2019l codirector d\u2019esta banda de gaites.<\/p>\n<p style=\"text-align: center\">\n<!-- iframe plugin v.6.0 wordpress.org\/plugins\/iframe\/ -->\n<iframe loading=\"lazy\" width=\"681\" height=\"383\" src=\"https:\/\/www.youtube.com\/embed\/pW030Mlq5kU\" title=\"BANDA GAITES LLAC\u00cdN - Resollu (Videu Oficial)\" frameborder=\"0\" allow=\"accelerometer; autoplay; clipboard-write; encrypted-media; gyroscope; picture-in-picture; web-share\" referrerpolicy=\"strict-origin-when-cross-origin\" 0=\"allowfullscreen\" 1=\"\/iframe\" scrolling=\"yes\" class=\"iframe-class\"><\/iframe>\n<\/p>\n<figure class=\"wp-block-embed is-type-video is-provider-youtube wp-block-embed-youtube wp-embed-aspect-16-9 wp-has-aspect-ratio\">\n<div class=\"wp-block-embed__wrapper\">El discu cunta coles <strong>collaboraciones\u00a0<\/strong>de destacaos nomes de la m\u00fasica asturiana que formen parte d\u2019agrupaciones como\u00a0<strong>Llan de Cubel, Felpeyu, Corqui\u00e9u o Tuenda<\/strong>, ente munches otres:\u00a0<strong>Lisardo Prieto\u00a0<\/strong>(vigul\u00edn),\u00a0<strong>Luis Nicol\u00e1s\u00a0<\/strong>(guitarra),\u00a0<strong>Mois\u00e9s Su\u00e1rez\u00a0<\/strong>(guitarra y bouzuki),\u00a0<strong>Julio Rodr\u00edguez\u00a0<\/strong>(bouzuki),\u00a0<strong>Dani \u00c1lvarez\u00a0<\/strong>(flauta travesa y bodhran),\u00a0<strong>Pep\u00edn de Mu\u00f1al\u00e9n\u00a0<\/strong>(flauta travesera),\u00a0<strong>Miguel Herrero\u00a0<\/strong>(viento metales),\u00a0<strong>Israel S\u00e1nchez\u00a0<\/strong>(bater\u00eda),\u00a0<strong>Sam Rodr\u00edguez\u00a0<\/strong>(piano),\u00a0<strong>Sergio Rodr\u00edguez<\/strong>\u00a0(baxu y programaciones) y\u00a0<strong>Xos\u00e9 Ant\u00f3n Amb\u00e1s\u00a0<\/strong>(voz).<\/div>\n<\/figure>\n<p>Too esto da forma a esti ambiciosu trabayu<em>, Resollu,\u00a0<\/em>que garra\u2019l so nome del<strong>\u00a0fen\u00f3menu natural que se da ente la roca y la mar<\/strong>\u00a0provocando \u00abla espulsi\u00f3n del aire en galer\u00edes, escapando al esterior chorros d\u2019agua de gran presi\u00f3n; una\u00a0<strong>similit\u00fa\u00a0<\/strong>cola fuercia de les gaites, les percusiones y los vientos metales\u00bb, desplica Carbajal al rodiu un discu nel que tuvieron trabayando \u00ab<strong>dos a\u00f1os y mediu<\/strong>\u00bb ente l\u2019estudiu de la\u00a0<strong>Escuela de M\u00fasica Tradicional de Llanes<\/strong>\u00a0y los\u00a0<strong>Tutu Estudios de Corvera<\/strong>, onde cuntaron cola producci\u00f3n de<strong>\u00a0Lisardo Prieto\u00a0<\/strong>y\u00a0<strong>Sergio Rodr\u00edguez<\/strong>.<\/p>\n<div class=\"wp-block-spacer\" style=\"text-align: center\" aria-hidden=\"true\"><a href=\"https:\/\/musicasturiana.com\/wp-content\/uploads\/2025\/06\/cartelu-llacin-4-xunetu.jpg\"><img loading=\"lazy\" decoding=\"async\" class=\"aligncenter \" src=\"https:\/\/musicasturiana.com\/wp-content\/uploads\/2025\/06\/cartelu-llacin-4-xunetu.jpg\" width=\"521\" height=\"651\" \/><\/a><\/div>\n<h2 class=\"wp-block-heading\"><mark class=\"has-inline-color\">Una de les bandes m\u00e1s destacaes<\/mark><\/h2>\n<p>La Banda Gaites Llac\u00edn surdi\u00f3 en\u00a0<strong>1998\u00a0<\/strong>nel conceyu Llanes pente los escolinos de la Escuela de M\u00fasica Tradicional. Ye una de les m\u00e1s destacaes del pa\u00eds, con<strong>\u00a0tres discos\u00a0<\/strong>y\u00e1 publicaos;\u00a0<strong>xires per pa\u00edses como China o Estaos Xun\u00edos<\/strong>; actuaciones nos principales\u00a0<strong>festivales\u00a0<\/strong>del x\u00e9neru y dellos\u00a0<strong>reconocimientos y premios<\/strong>. Dende los sos anicios l\u2019agrupaci\u00f3n ta dirixida por\u00a0<strong>V\u00edtor Carbajal y Nuria Tarodo<\/strong>, y foi medrando a lo llargo\u2019l tiempu de los 28 hasta los\u00a0<strong>65 componentes<\/strong>, convirti\u00e9ndose asina nuna de les bandes m\u00e1s numberoses d\u2019Asturies.<\/p>\n<p>El\u00a0<strong>repertoriu\u00a0<\/strong>qu\u2019executa fai un viaxe pel<strong>\u00a0patrimoniu musical\u00a0<\/strong>asturianu dende los vieyos temes tradicionales a los m\u00e1s actuales, pasando per composiciones propies, y en delles ocasiones fai<strong>\u00a0fusiones musicales<\/strong>\u00a0con pieces de los paises que formen l\u2019<strong>Arcu Atl\u00e1nticu<\/strong>. Nel so tercer discu,\u00a0<em>Resollu<\/em>, afonden nesti llabor qu\u2019abrieron discogr\u00e1ficamente con\u00a0<a href=\"https:\/\/open.spotify.com\/album\/18p3vzWSxNoE0FV94YqbcX?si=e9NAPrJMSWqNlSpB6A_WCg\" target=\"_blank\" rel=\"noopener\"><strong><em>Tornall\u00e1s\u00a0<\/em><\/strong><\/a>(2002) y\u00a0<a href=\"https:\/\/open.spotify.com\/album\/5r4dpDpLrUgoiSmBrYj9MS?si=o021ev1kRASjA29ptN3WyQ\" target=\"_blank\" rel=\"noopener\"><strong><em>Xideces<\/em><\/strong><\/a><strong>\u00a0<\/strong>(2008).<\/p>\n<\/div>\n<\/div>\n","protected":false},"excerpt":{"rendered":"<p>web Musicasturiana.com \/ musicasturiana \ud83d\udcbf Y\u00e1 ta na cai \u2018Resollu\u2019, el tercer discu de la\u00a0@bandagaitesllacin\u00a0\ud83e\udd41 Son 12 temes que afonden na cuidada propuesta d\u2019esta banda \ud83d\udd25 L\u2019agrupaci\u00f3n va presentalo en directo\u2019l 4 de xunetu en Llanes nun conciertu que va axuntar cuasi 100 m\u00fasicos nel escenariu y nel que tami\u00e9n toquen\u00a0@felpeyuoficial\u00a0y\u00a0@baxelrp .\/@vitorcarbajal5\u00a0@culturallanes<\/p>\n","protected":false},"author":117,"featured_media":0,"comment_status":"closed","ping_status":"open","sticky":false,"template":"","format":"standard","meta":{"footnotes":""},"categories":[425,35,125],"tags":[],"class_list":["post-51817","post","type-post","status-publish","format-standard","hentry","category-gaita","category-musica","category-musicasturiana-com"],"_links":{"self":[{"href":"https:\/\/edublog.educastur.es\/ixuxu\/wp-json\/wp\/v2\/posts\/51817","targetHints":{"allow":["GET"]}}],"collection":[{"href":"https:\/\/edublog.educastur.es\/ixuxu\/wp-json\/wp\/v2\/posts"}],"about":[{"href":"https:\/\/edublog.educastur.es\/ixuxu\/wp-json\/wp\/v2\/types\/post"}],"author":[{"embeddable":true,"href":"https:\/\/edublog.educastur.es\/ixuxu\/wp-json\/wp\/v2\/users\/117"}],"replies":[{"embeddable":true,"href":"https:\/\/edublog.educastur.es\/ixuxu\/wp-json\/wp\/v2\/comments?post=51817"}],"version-history":[{"count":4,"href":"https:\/\/edublog.educastur.es\/ixuxu\/wp-json\/wp\/v2\/posts\/51817\/revisions"}],"predecessor-version":[{"id":51821,"href":"https:\/\/edublog.educastur.es\/ixuxu\/wp-json\/wp\/v2\/posts\/51817\/revisions\/51821"}],"wp:attachment":[{"href":"https:\/\/edublog.educastur.es\/ixuxu\/wp-json\/wp\/v2\/media?parent=51817"}],"wp:term":[{"taxonomy":"category","embeddable":true,"href":"https:\/\/edublog.educastur.es\/ixuxu\/wp-json\/wp\/v2\/categories?post=51817"},{"taxonomy":"post_tag","embeddable":true,"href":"https:\/\/edublog.educastur.es\/ixuxu\/wp-json\/wp\/v2\/tags?post=51817"}],"curies":[{"name":"wp","href":"https:\/\/api.w.org\/{rel}","templated":true}]}}