{"id":51822,"date":"2025-06-27T12:44:37","date_gmt":"2025-06-27T10:44:37","guid":{"rendered":"https:\/\/edublog.educastur.es\/ixuxu\/?p=51822"},"modified":"2025-06-27T13:09:59","modified_gmt":"2025-06-27T11:09:59","slug":"51822","status":"publish","type":"post","link":"https:\/\/edublog.educastur.es\/ixuxu\/2025\/06\/51822\/","title":{"rendered":"El branu asturianu pasa por esfrutar de los festivales de m\u00fasica"},"content":{"rendered":"<p style=\"text-align: center\"><a href=\"https:\/\/verasturies.com\/wp-content\/uploads\/2025\/06\/Plantilla-Foto-ACeR-1150x675.png\"><img loading=\"lazy\" decoding=\"async\" class=\"aligncenter size-large\" src=\"https:\/\/verasturies.com\/wp-content\/uploads\/2025\/06\/Plantilla-Foto-ACeR-1150x675.png\" width=\"1150\" height=\"675\" \/><\/a><\/p>\n<ul>\n<li>Fonte:<a href=\"https:\/\/verasturies.com\/el-verano-asturiano-pasa-por-disfrutar-de-los-festivales\/\"> Ver Asturies<\/a> \/<\/li>\n<\/ul>\n<p>Cada branu, Asturies tresformar nun universu paralelu onde la m\u00fasica, la cultura, la creativid\u00e1 y la diversi\u00f3n enxar\u00e9yense. Nesti sent\u00edu, dos de los eventos m\u00e1s prestosos son la Metr\u00f3poli Xix\u00f3n y el Boombastic Festival. <a href=\"https:\/\/www.elcomercio.es\/culturas\/musica\/metropoli-gijon-conciertos-actividades-programa-20250626163225-nt.html\">El Comercio<\/a> \/<\/p>\n<p><!--more--><\/p>\n<ul>\n<li><a href=\"https:\/\/metropoligijon.com\/\"><span style=\"color: #008080\"><strong>Metr\u00f3poli Xix\u00f3n.\u00a0<\/strong><\/span><\/a><\/li>\n<\/ul>\n<p>Metr\u00f3poli ye un festival multidisciplinar qu&#8217;esti 2025 va celebrar la so docena edici\u00f3n, <strong>del 27 de xunu al 6 de xunetu<\/strong> nel Ferial Luis Adaro. El cartelu musical d&#8217;angua\u00f1o ye m\u00e1s ambiciosu que nunca. Encabez\u00e1u por Juan Mag\u00e1n, Fangoria y Molotov, celebrando&#8217;l so 30 aniversariu, incl\u00fai tami\u00e9n a Bacilos, \u00c1lvaro de Lluna, Recycled J, Juancho Marqu\u00e9s o Califato \u00be. El colof\u00f3n final poner Fiesta Bresh, conocida como \u201cla m\u00e1s guapa del mundu\u201d. Pero Metr\u00f3poli ye muncho m\u00e1s que dellos conciertos. La Comic Con va ufiertar esposiciones dedicaes a personaxes ic\u00f3nicos como Superman y Los Cuatro Fant\u00e1sticos, ente qu&#8217;Anime Con va atraer a fans del cosplay y la cultura xaponesa, con invitaos como&#8217;l youtuber LiuTV. En paralelu, International Tatto Expo va citar a tatuadores de prest\u00edu, y el ciclu Metropolitana va presentar charres y cine con enfoque feminista ya inclusivu.<\/p>\n<p>La esperiencia completar col Metropoli Market, un espaciu de 60.000\u202fm\u00b2 llenu de puestos vintage, arte y dise\u00f1u, y una ufierta gastron\u00f3mica variada nes sos food trucks. Para los m\u00e1s pequenos, Metrokids prop\u00f3n talleres, cuentacuentos y actividaes creatives nuna redolada seguro y familiar. Con entraes accesibles, una programaci\u00f3n inclusiva y un ambiente festivo para toles edaes, Metr\u00f3poli 2025 conf\u00edrmase como&#8217;l gran plan del branu. M\u00e1s qu&#8217;un festival, ye una esperiencia total onde conviven m\u00fasica, arte y diversi\u00f3n. Y tu, \u00bfvas perdelo?<\/p>\n<p style=\"text-align: center\"><a href=\"https:\/\/metropoligijon.com\/wp-content\/uploads\/2025\/05\/Cartel-Metropoli-2025_2025-05-14-1-1446x2048.jpg\"><img loading=\"lazy\" decoding=\"async\" class=\"aligncenter \" src=\"https:\/\/metropoligijon.com\/wp-content\/uploads\/2025\/05\/Cartel-Metropoli-2025_2025-05-14-1-1446x2048.jpg\" width=\"465\" height=\"659\" \/><\/a><\/p>\n<ul>\n<li><a href=\"https:\/\/boombasticfestival.com\/asturias-2025\/\"><span style=\"color: #008080\"><strong>Boombastic Festival<\/strong><\/span><\/a><\/li>\n<\/ul>\n<p><strong>Del 17 al 19 de xunetu de 2025<\/strong>, Boombastic Festival va volver a la cortil de Llamorgal en Llanera para celebrar lo que promete ser el m\u00e1s grande de tolos a\u00f1os. Y\u00e1 son m\u00e1s de 35.000 abonos vend\u00edos nun solu d\u00eda, una cifra que prediz un ambiente b\u00e1rbaro. El cartelu combina grandes estrelles urbanes y ritmos tan frescos como variaos. Bad Gyal, reina del dancehall y el reggaet\u00f3n patriu, vuelve a Boombastic con nuevu \u00e1lbum y coreograf\u00edes d&#8217;infartu. Acompa\u00f1ar dos de les voces m\u00e1s potentes del nuevu pop urbanu arxent\u00edn: Tiago PZK y Truenu, quien tami\u00e9n va compartir escenariu con ella tres l&#8217;\u00e9situ de la so reci\u00e9n collaboraci\u00f3n. Completa la xornada del xueves Lit Killah, otru pesu pes\u00e1u del freestyle y el trap llatinu.<\/p>\n<p>El vienres xuben el volume los contrastes. Per un sitiu, Residente, ex Calle 13, va ufiertar el so directu carg\u00e1u de ll\u00edrica y conciencia social. Por otru, la rumba mestiza d&#8217;Estopa promete un llenu absolutu, ente que el DJ internacional Steve Aoki va convertir la nueche n&#8217;una rave a cielu abiertu coles sos llexendaries \u201ccake throws\u201d. Tami\u00e9n van tar Llixa Kali, amiestu de neo soul y rap, y artistes emerxentes como Xavibo, Dani Fern\u00e1ndez o Walls, qu&#8217;ampl\u00eden l&#8217;espectru sonoru de la xornada.<\/p>\n<p>El s\u00e1badu ye un desfile d&#8217;estrelles llatines. Nicky Jam, pioneru del reggaet\u00f3n global, va compartir xornada cola arxentina Emilia, angua\u00f1o nel visu de les llistes col so amiestu de pop y urbanu. S\u00famense tami\u00e9n Khea, L-Gante, Allo\u00f1o, Enol, Saiko, Maikel Delacalle, Funzo &amp; Baby Loud, Samura\u00ef, Pole, J Abecia, ente otros. Xuna alliniaci\u00f3n que garantiza baille, emociones y un mont\u00f3n de hits virales.<\/p>\n<p>&nbsp;<\/p>\n<p>Boombastic 2025 nun ye solamente&#8217;l so cartelu: cinco escenarios tem\u00e1ticos, xuna espectacular zona de piscina (\u201cpool stage\u201d), \u00e1rees de descansu, zona hard-techno, food trucks, merchandising, cashless, y hasta un show de drones nocherniegu que convierte&#8217;l cielu asturianu nun espect\u00e1culu visual. Esti nun ye solo un festival: ye xuna esperiencia inmersiva onde la m\u00fasica urbana, l&#8217;hedonismu visual y la comunid\u00e1 nueva xunir nun branu inolvidable. Y tu, \u00bfvas quedate fuera del que promete ser el fiest\u00f3n del a\u00f1u?<\/p>\n<p style=\"text-align: center\"><a href=\"https:\/\/i0.wp.com\/boombasticfestival.com\/wp-content\/uploads\/2025\/06\/CARTEL_WINAMAX_POST_AST.png?w=1081&amp;ssl=1\"><img loading=\"lazy\" decoding=\"async\" class=\"aligncenter \" src=\"https:\/\/i0.wp.com\/boombasticfestival.com\/wp-content\/uploads\/2025\/06\/CARTEL_WINAMAX_POST_AST.png?w=1081&amp;ssl=1\" width=\"544\" height=\"680\" \/><\/a><\/p>\n<p>&nbsp;<\/p>\n","protected":false},"excerpt":{"rendered":"<p>Fonte: Ver Asturies \/ Cada branu, Asturies tresformar nun universu paralelu onde la m\u00fasica, la cultura, la creativid\u00e1 y la diversi\u00f3n enxar\u00e9yense. Nesti sent\u00edu, dos de los eventos m\u00e1s prestosos son la Metr\u00f3poli Xix\u00f3n y el Boombastic Festival. El Comercio \/<\/p>\n","protected":false},"author":117,"featured_media":0,"comment_status":"closed","ping_status":"open","sticky":false,"template":"","format":"standard","meta":{"footnotes":""},"categories":[204,35,112],"tags":[],"class_list":["post-51822","post","type-post","status-publish","format-standard","hentry","category-festivales","category-musica","category-ver-asturies"],"_links":{"self":[{"href":"https:\/\/edublog.educastur.es\/ixuxu\/wp-json\/wp\/v2\/posts\/51822","targetHints":{"allow":["GET"]}}],"collection":[{"href":"https:\/\/edublog.educastur.es\/ixuxu\/wp-json\/wp\/v2\/posts"}],"about":[{"href":"https:\/\/edublog.educastur.es\/ixuxu\/wp-json\/wp\/v2\/types\/post"}],"author":[{"embeddable":true,"href":"https:\/\/edublog.educastur.es\/ixuxu\/wp-json\/wp\/v2\/users\/117"}],"replies":[{"embeddable":true,"href":"https:\/\/edublog.educastur.es\/ixuxu\/wp-json\/wp\/v2\/comments?post=51822"}],"version-history":[{"count":6,"href":"https:\/\/edublog.educastur.es\/ixuxu\/wp-json\/wp\/v2\/posts\/51822\/revisions"}],"predecessor-version":[{"id":51829,"href":"https:\/\/edublog.educastur.es\/ixuxu\/wp-json\/wp\/v2\/posts\/51822\/revisions\/51829"}],"wp:attachment":[{"href":"https:\/\/edublog.educastur.es\/ixuxu\/wp-json\/wp\/v2\/media?parent=51822"}],"wp:term":[{"taxonomy":"category","embeddable":true,"href":"https:\/\/edublog.educastur.es\/ixuxu\/wp-json\/wp\/v2\/categories?post=51822"},{"taxonomy":"post_tag","embeddable":true,"href":"https:\/\/edublog.educastur.es\/ixuxu\/wp-json\/wp\/v2\/tags?post=51822"}],"curies":[{"name":"wp","href":"https:\/\/api.w.org\/{rel}","templated":true}]}}