{"id":51830,"date":"2025-06-27T13:15:30","date_gmt":"2025-06-27T11:15:30","guid":{"rendered":"https:\/\/edublog.educastur.es\/ixuxu\/?p=51830"},"modified":"2025-06-27T13:23:03","modified_gmt":"2025-06-27T11:23:03","slug":"un-21-mas-de-menaes-de-llobos-nasturies","status":"publish","type":"post","link":"https:\/\/edublog.educastur.es\/ixuxu\/2025\/06\/un-21-mas-de-menaes-de-llobos-nasturies\/","title":{"rendered":"Un 21 % m\u00e1s de menaes de llobos n&#8217;Asturies"},"content":{"rendered":"<ul>\n<li>Fonte:<a href=\"https:\/\/www.elcomercio.es\/asturias\/censo-manadas-lobos-asturias-20250627103944-nt.html\"> El Comercio<\/a> \/ <a href=\"https:\/\/www.lavozdeasturias.es\/noticia\/asturias\/2025\/01\/19\/lobo-asturias-45-manadas-80-territorio\/00031737284359814587868.htm\">La Voz<\/a> \/<\/li>\n<\/ul>\n<p>L&#8217;\u00faltimu censu cifra en 45 les menaes de llobos n&#8217;Asturies, un 21% m\u00e1s. El Ministeriu de Transici\u00f3n Ecol\u00f3xica cuantifica en 333 les menaes de too el territoriu nacional, concentr\u00e1ndose casi la so totalid\u00e1 en Castiella y Lli\u00f3n, Galicia y el Princip\u00e1u. <strong>El llobu ocupa angua\u00f1o&#8217;l 83 per cientu del territoriu asturianu y ta conect\u00e1u col de les autonom\u00edes vecines.<\/strong><\/p>\n<p style=\"text-align: center\"><a href=\"https:\/\/s1.ppllstatics.com\/elcomercio\/www\/multimedia\/2025\/06\/27\/lobo-RxcWcVl6f3O9dHH1WHJZZXI-1200x840@El%20Comercio.jpg\"><img loading=\"lazy\" decoding=\"async\" class=\"aligncenter \" src=\"https:\/\/s1.ppllstatics.com\/elcomercio\/www\/multimedia\/2025\/06\/27\/lobo-RxcWcVl6f3O9dHH1WHJZZXI-1200x840@El%20Comercio.jpg\" width=\"568\" height=\"397\" \/><\/a><\/p>\n<p><!--more--><\/p>\n<p>Un estudiu ellabor\u00e1u poles comunidaes de Galicia, Cantabria y Castiella y Lli\u00f3n xuntu al Princip\u00e1u constata la espansi\u00f3n territorial y la<strong> crecedera del c\u00e1nidu nel noroeste<\/strong>. El Gobiernu d&#8217;Asturies ellabor\u00f3, en collaboraci\u00f3n colos Executivos de Galicia, Cantabria y Castiella y Lli\u00f3n, un estudiu que reflexa la espansi\u00f3n territorial y la crecedera continua de llobos nel noroeste. La ministra alvierte de que se ta \u00abllue\u00f1e\u00bb del oxetivu de 500 que marquen los cient\u00edficos para asegurar la viabilid\u00e1.<\/p>\n<p>Seg\u00fan inform\u00f3&#8217;l Gobiernu del Princip\u00e1u, esti trabayu conxuntu escuerre que la situaci\u00f3n de la especie n&#8217;Espa\u00f1a vuelva considerase favorable de cara a la ellaboraci\u00f3n del informe sexenal 2019-2024.<\/p>\n<p>El Princip\u00e1u apurri\u00f3 la informaci\u00f3n riquida para la execuci\u00f3n d&#8217;esti informe y un anal\u00eds refechu qu&#8217;incl\u00fai datos adicionales sobro l&#8217;est\u00e1u de caltenimientu de la especie, la viabilid\u00e1 poblacional y la conex\u00f3n ecol\u00f3xica del llobu na comunid\u00e1.<\/p>\n<p>Esti enfoque pretende \u00abreforzar\u00bb el marcu t\u00e9cnicu y cient\u00edficu que sofita la xesti\u00f3n de la especie, detall\u00f3 nuna nota de prensa.<\/p>\n<p style=\"text-align: center\"><a href=\"https:\/\/estaticos-cdn.prensaiberica.es\/clip\/fdbe9ec4-1f96-4adb-9bd5-1f148bb35ddc_16-9-discover-aspect-ratio_default_0.webp\"><img loading=\"lazy\" decoding=\"async\" class=\"aligncenter size-large\" src=\"https:\/\/estaticos-cdn.prensaiberica.es\/clip\/fdbe9ec4-1f96-4adb-9bd5-1f148bb35ddc_16-9-discover-aspect-ratio_default_0.webp\" width=\"1200\" height=\"675\" \/><\/a><\/p>\n<p><strong>El llobu ocupa angua\u00f1o&#8217;l 83 per cientu del territoriu asturianu y ta conect\u00e1u col de les autonom\u00edes vecines.<\/strong><\/p>\n<p>L&#8217;h\u00e1bitat, que toma una superficie de 8.300 kil\u00f3metros cuadraos, asegura la sostenibilid\u00e1 de la especie y garantiza el so favorable est\u00e1u de caltenimientu.<\/p>\n<p>Los datos del \u00faltimu sexeniu reflexen xuna meyora \u00absignificativa\u00bb de los indicadores respectu al periodu 2007-2012, cuidao que Asturies cunta agora con 45 menaes, de les cualos 42 son reproductores, de cuenta que la poblaci\u00f3n envalorada asitiar ente los 360 y los 405 exemplares.<\/p>\n<p>El llobu ocupa angua\u00f1o&#8217;l 83% del territoriu asturianu, <strong>llegando a apaecer polos conceyos costeros y causando da\u00f1os na ganader\u00eda n&#8217;esplotaciones de la mari\u00f1a. <\/strong>L&#8217;h\u00e1bitat, que toma una superficie de 8.300 kil\u00f3metros cuadraos, asegura la sostenibilid\u00e1 de la especie y garantiza el so favorable est\u00e1u de caltenimientu.<\/p>\n<p><strong>Esta cantid\u00e1 supon una crecedera del 18,4 per cientu<\/strong> si se compara colos datos del per\u00edodu 2013-2018 y consoliden l&#8217;encl\u00edn d&#8217;espansi\u00f3n de la especie.<\/p>\n<p>L&#8217;Executivu asturianu considera que la decisi\u00f3n de camudar l&#8217;est\u00e1u del llobu a desfavorable nel informe anterior \u00abxener\u00f3 consecuencies negatives\u00bb.<\/p>\n<p>Al so xuiciu, la suspensi\u00f3n d&#8217;acciones de xesti\u00f3n amont\u00f3 les situaciones conflictives rellacionaes cola especie, como ataques al gan\u00e1u y mayor sensaci\u00f3n d&#8217;insegurid\u00e1 ente los habitantes de la redolada rural\u00bb.<\/p>\n<p>Estes circunstancies, a\u00f1edi\u00f3&#8217;l Gobiernu rexonal, \u00abdeterioraron la percepci\u00f3n social\u00bb d&#8217;esti animal y de la fauna polo xeneral, aliment\u00e1u un repique de pr\u00e1ctiques de furtivismo\u00bb.<\/p>\n<p>Esti tipu d&#8217;acciones, \u00abmunches vegaes indiscriminaes\u00bb, como l&#8217;usu de llazos y venenos, non solo afecten al llobu sin\u00f3n que tami\u00e9n ponen en peligru a otres especies protex\u00edes que comparten el mesmu h\u00e1bitat, abond\u00f3 al respeutu.<\/p>\n<p style=\"text-align: center\"><a href=\"https:\/\/s2.ppllstatics.com\/elcomercio\/www\/multimedia\/2025\/01\/19\/lobo-RbwrTWTeKKJaMUq1kqgkxbP-1200x840@El%20Comercio.jpg\"><img loading=\"lazy\" decoding=\"async\" class=\"aligncenter \" src=\"https:\/\/s2.ppllstatics.com\/elcomercio\/www\/multimedia\/2025\/01\/19\/lobo-RbwrTWTeKKJaMUq1kqgkxbP-1200x840@El%20Comercio.jpg\" width=\"521\" height=\"365\" \/><\/a><\/p>\n<p><strong>Asturies, Galicia, Cantabria y Castiella y Lli\u00f3n concentren la inmensa mayor\u00eda de la poblaci\u00f3n de llobos d&#8217;Espa\u00f1a<\/strong> y, a la vista de la bona evoluci\u00f3n de la especie, los gobiernos de toes estes comunidaes defenden que s\u00eda escluyida del r\u00e9xime de protecci\u00f3n especial.<\/p>\n<p>Los datos del estudiu dexen considerar que la especie atopar nun est\u00e1u favorable\u00bb, polo que&#8217;l Gobiernu del Princip\u00e1u ye partidariu de volver a entamar l&#8217;aplicaci\u00f3n del plan de xesti\u00f3n, que garantiza \u00abcriterios t\u00e9cnicos y sostenibles\u00bb.<\/p>\n<p>El so enfoque, similar al d&#8217;otros pa\u00edses europeos, dexa \u00abharmonizar\u00bb el caltenimientu del llobu cola activid\u00e1 ganadera y el desenvolvimientu del mediu rural.<\/p>\n<p>El Gobiernu d&#8217;Asturies entiende que ye \u00abcrucial\u00bb caltener esti equilibriu, garantizando que&#8217;l llobu siga siendo un elementu clave del patrimoniu natural ensin perxudicar la sostenibilid\u00e1 de les comunidaes rurales; inform\u00f3 EFE.<\/p>\n<p>La inclusi\u00f3n del llobu nel <strong>Llist\u00e1u d&#8217;Especies Monteses en R\u00e9xime d&#8217;Especial Protecci\u00f3n (Lespre)<\/strong> nun supunxo una medr\u00eda del n\u00famberu de menaes n&#8217;Asturies.<\/p>\n<p style=\"text-align: center\"><a href=\"https:\/\/static.eldiario.es\/clip\/adcf5653-5e75-430a-a2e6-e59364f4d093_16-9-discover-aspect-ratio_default_0.webp\"><img loading=\"lazy\" decoding=\"async\" class=\"aligncenter size-large\" src=\"https:\/\/static.eldiario.es\/clip\/adcf5653-5e75-430a-a2e6-e59364f4d093_16-9-discover-aspect-ratio_default_0.webp\" width=\"1200\" height=\"675\" \/><\/a><\/p>\n","protected":false},"excerpt":{"rendered":"<p>Fonte: El Comercio \/ La Voz \/ L&#8217;\u00faltimu censu cifra en 45 les menaes de llobos n&#8217;Asturies, un 21% m\u00e1s. El Ministeriu de Transici\u00f3n Ecol\u00f3xica cuantifica en 333 les menaes de too el territoriu nacional, concentr\u00e1ndose casi la so totalid\u00e1 en Castiella y Lli\u00f3n, Galicia y el Princip\u00e1u. El llobu ocupa angua\u00f1o&#8217;l 83 per cientu [&hellip;]<\/p>\n","protected":false},"author":117,"featured_media":0,"comment_status":"closed","ping_status":"open","sticky":false,"template":"","format":"standard","meta":{"footnotes":""},"categories":[1],"tags":[],"class_list":["post-51830","post","type-post","status-publish","format-standard","hentry","category-sin-categoria"],"_links":{"self":[{"href":"https:\/\/edublog.educastur.es\/ixuxu\/wp-json\/wp\/v2\/posts\/51830","targetHints":{"allow":["GET"]}}],"collection":[{"href":"https:\/\/edublog.educastur.es\/ixuxu\/wp-json\/wp\/v2\/posts"}],"about":[{"href":"https:\/\/edublog.educastur.es\/ixuxu\/wp-json\/wp\/v2\/types\/post"}],"author":[{"embeddable":true,"href":"https:\/\/edublog.educastur.es\/ixuxu\/wp-json\/wp\/v2\/users\/117"}],"replies":[{"embeddable":true,"href":"https:\/\/edublog.educastur.es\/ixuxu\/wp-json\/wp\/v2\/comments?post=51830"}],"version-history":[{"count":8,"href":"https:\/\/edublog.educastur.es\/ixuxu\/wp-json\/wp\/v2\/posts\/51830\/revisions"}],"predecessor-version":[{"id":51838,"href":"https:\/\/edublog.educastur.es\/ixuxu\/wp-json\/wp\/v2\/posts\/51830\/revisions\/51838"}],"wp:attachment":[{"href":"https:\/\/edublog.educastur.es\/ixuxu\/wp-json\/wp\/v2\/media?parent=51830"}],"wp:term":[{"taxonomy":"category","embeddable":true,"href":"https:\/\/edublog.educastur.es\/ixuxu\/wp-json\/wp\/v2\/categories?post=51830"},{"taxonomy":"post_tag","embeddable":true,"href":"https:\/\/edublog.educastur.es\/ixuxu\/wp-json\/wp\/v2\/tags?post=51830"}],"curies":[{"name":"wp","href":"https:\/\/api.w.org\/{rel}","templated":true}]}}