{"id":51839,"date":"2025-06-27T08:50:37","date_gmt":"2025-06-27T06:50:37","guid":{"rendered":"https:\/\/edublog.educastur.es\/ixuxu\/?p=51839"},"modified":"2025-06-27T13:39:32","modified_gmt":"2025-06-27T11:39:32","slug":"asturies-nun-se-llibra-de-la-fola-de-calor","status":"publish","type":"post","link":"https:\/\/edublog.educastur.es\/ixuxu\/2025\/06\/asturies-nun-se-llibra-de-la-fola-de-calor\/","title":{"rendered":"Asturies nun se llibra de la fola de calor"},"content":{"rendered":"<p style=\"text-align: center\"><a href=\"https:\/\/imgs.search.brave.com\/Ne-Uu6DfeJ9lhGFmQ--MqfsIasNRoTG6KwI5di4Yjes\/rs:fit:860:0:0:0\/g:ce\/aHR0cHM6Ly93d3cu\/dWd0LmVzL3NpdGVz\/L2RlZmF1bHQvZmls\/ZXMvSW1hZ2VuLW5v\/dGEtcHJlbnNhLmpw\/Zw\"><img loading=\"lazy\" decoding=\"async\" class=\"aligncenter \" src=\"https:\/\/imgs.search.brave.com\/Ne-Uu6DfeJ9lhGFmQ--MqfsIasNRoTG6KwI5di4Yjes\/rs:fit:860:0:0:0\/g:ce\/aHR0cHM6Ly93d3cu\/dWd0LmVzL3NpdGVz\/L2RlZmF1bHQvZmls\/ZXMvSW1hZ2VuLW5v\/dGEtcHJlbnNhLmpw\/Zw\" width=\"414\" height=\"276\" \/><\/a><\/p>\n<p>Asturies nun se llibra de la fola de calor: anque va tar borrinosu, el term\u00f3metru va algamar los 35 graos. A partir del s\u00e1badu 28 les temperatures van ser \u00abcimeres a les normales\u00bb,<a href=\"https:\/\/www.aemet.es\/es\/eltiempo\/prediccion\/destacados\/p5_t?tipo=p52tesp1\"> seg\u00fan l&#8217;Axencia Estatal de Meteorolox\u00eda<\/a>. <a href=\"https:\/\/www.lne.es\/asturias\/2025\/06\/27\/asturias-libra-ola-calor-estara-119121475.html?utm_content=imagen&amp;utm_medium=social&amp;utm_campaign=echobox&amp;utm_source=Facebook#Echobox=1751020964\">LNE<\/a><\/p>\n<p><!--more--><\/p>\n<p><strong>Llega la primer fola de calor del branu a Espa\u00f1a.<\/strong> Una masa d&#8217;aire bien templao va dexar temperatures d&#8217;hasta 42 graos nel sur de la Pen\u00ednsula y nun van baxar de los 23 nin peles nueches. Anque la situaci\u00f3n n&#8217;Asturies nun ye tan estrema, <strong>les temperatures van ser altes.<\/strong> El llunes, por casu, van algamase los 35 graos en Cangas y los 33 n&#8217;Uvi\u00e9u. Les m\u00ednimes s\u00ed dan una tregua nel norte y van baxar a los 17 graos a primer y \u00faltima hora del d\u00eda.<\/p>\n<p>\u00abA partir del s\u00e1badu 28 les temperatures van ser claramente cimeres a les normales\u00bb. Estes son les palabres coles que l&#8217;<strong>Axencia Estatal de Meteorolox\u00eda (Aemet)<\/strong> unvia una \u00abavisu especial\u00bb a la poblaci\u00f3n \u00e9nte la fola de calor que va afectar a tola Pen\u00ednsula, anque en menor midida nel noroeste y l&#8217;\u00e1rea cant\u00e1brica.<\/p>\n<p>N&#8217;Asturies los cielos van tar nublaos mientres tou la fin de selmana y tampoco se refuguen ag\u00fces d\u00e9biles y esvalixaes nel Cordal. Sicas\u00ed, esp\u00e9rense altes temperatures.<\/p>\n<ul>\n<li>El s\u00e1badu los term\u00f3metros van algamar los 24 graos n&#8217;Avil\u00e9s, 26 n&#8217;Uvi\u00e9u, 23 en Xix\u00f3n y 30 en Cangas.<\/li>\n<li>El domingu, m\u00e1s calor. Esp\u00e9rense 26 graos n&#8217;Avil\u00e9s, 28 n&#8217;Uvi\u00e9u, 24 en Xix\u00f3n y 34 en Cangas.<\/li>\n<li>El puntu \u00e1lgido va algamase&#8217;l llunes, l&#8217;\u00faltimu d\u00eda de la fola de calor seg\u00fan la Aemet. Pal entamu de selmana&#8217;l term\u00f3metru va algamar los 27 graos n&#8217;Avil\u00e9s, <strong>los 33 n&#8217;Uvi\u00e9u<\/strong>, 26 en Xix\u00f3n y 35 en Cangas.<\/li>\n<\/ul>\n<p>&nbsp;<\/p>\n<p><strong>Calor estremo pa cerrar xunu<\/strong> Ye probable que se algamar los 40 graos en zones del valle del Guadalquivir y los 38 nel interior de la met\u00e1 sur peninsular y puntos de la depresi\u00f3n del Ebro, va ser a partir del s\u00e1badu cuando s&#8217;espera que se superen de forma xeneralizada los 38, pudiendo algamar los 40-42 graos nos valles del Guadiana, Ebro y Guadalquivir, seg\u00fan nes depresiones del nordeste.<\/p>\n<p>A partir del llunes 30 crez la incertidume sobro la evoluci\u00f3n de les temperatures, deb\u00edu al pasu d&#8217;una perturbaci\u00f3n n&#8217;altor que podr\u00eda aumentar la nubosidad ya inducir nubes en zones del centru y esti peninsular, d&#8217;escasa precipitaci\u00f3n y con posibles raches bien fuertes.<\/p>\n","protected":false},"excerpt":{"rendered":"<p>Asturies nun se llibra de la fola de calor: anque va tar borrinosu, el term\u00f3metru va algamar los 35 graos. A partir del s\u00e1badu 28 les temperatures van ser \u00abcimeres a les normales\u00bb, seg\u00fan l&#8217;Axencia Estatal de Meteorolox\u00eda. LNE<\/p>\n","protected":false},"author":117,"featured_media":0,"comment_status":"closed","ping_status":"open","sticky":false,"template":"","format":"standard","meta":{"footnotes":""},"categories":[5],"tags":[],"class_list":["post-51839","post","type-post","status-publish","format-standard","hentry","category-tiempu"],"_links":{"self":[{"href":"https:\/\/edublog.educastur.es\/ixuxu\/wp-json\/wp\/v2\/posts\/51839","targetHints":{"allow":["GET"]}}],"collection":[{"href":"https:\/\/edublog.educastur.es\/ixuxu\/wp-json\/wp\/v2\/posts"}],"about":[{"href":"https:\/\/edublog.educastur.es\/ixuxu\/wp-json\/wp\/v2\/types\/post"}],"author":[{"embeddable":true,"href":"https:\/\/edublog.educastur.es\/ixuxu\/wp-json\/wp\/v2\/users\/117"}],"replies":[{"embeddable":true,"href":"https:\/\/edublog.educastur.es\/ixuxu\/wp-json\/wp\/v2\/comments?post=51839"}],"version-history":[{"count":1,"href":"https:\/\/edublog.educastur.es\/ixuxu\/wp-json\/wp\/v2\/posts\/51839\/revisions"}],"predecessor-version":[{"id":51840,"href":"https:\/\/edublog.educastur.es\/ixuxu\/wp-json\/wp\/v2\/posts\/51839\/revisions\/51840"}],"wp:attachment":[{"href":"https:\/\/edublog.educastur.es\/ixuxu\/wp-json\/wp\/v2\/media?parent=51839"}],"wp:term":[{"taxonomy":"category","embeddable":true,"href":"https:\/\/edublog.educastur.es\/ixuxu\/wp-json\/wp\/v2\/categories?post=51839"},{"taxonomy":"post_tag","embeddable":true,"href":"https:\/\/edublog.educastur.es\/ixuxu\/wp-json\/wp\/v2\/tags?post=51839"}],"curies":[{"name":"wp","href":"https:\/\/api.w.org\/{rel}","templated":true}]}}