{"id":51841,"date":"2025-06-27T13:45:26","date_gmt":"2025-06-27T11:45:26","guid":{"rendered":"https:\/\/edublog.educastur.es\/ixuxu\/?p=51841"},"modified":"2025-06-27T13:45:26","modified_gmt":"2025-06-27T11:45:26","slug":"un-conducto-dhidroxenu-verde-pasara-per-asturies-los-hidroductos-que-se-contruiran-nasturies","status":"publish","type":"post","link":"https:\/\/edublog.educastur.es\/ixuxu\/2025\/06\/un-conducto-dhidroxenu-verde-pasara-per-asturies-los-hidroductos-que-se-contruiran-nasturies\/","title":{"rendered":"Un conducto d&#8217;hidr\u00f3xenu verde pasar\u00e1 per Asturies. Los hidroductos que se  contruir\u00e1n n&#8217;Asturies"},"content":{"rendered":"<p style=\"text-align: center\"><a href=\"https:\/\/estaticos-cdn.prensaiberica.es\/clip\/0fd95c85-f9bb-4cc9-9a4d-f9f359185380_16-9-discover-aspect-ratio_default_0.webp\"><img loading=\"lazy\" decoding=\"async\" class=\"aligncenter size-large\" src=\"https:\/\/estaticos-cdn.prensaiberica.es\/clip\/0fd95c85-f9bb-4cc9-9a4d-f9f359185380_16-9-discover-aspect-ratio_default_0.webp\" width=\"1200\" height=\"675\" \/><\/a><\/p>\n<p>Estos son los 19 conceyos que va travesar la rede troncal d&#8217;hidr\u00f3xenu n&#8217;Asturies, que va tener ramales para conectar Xix\u00f3n y Avil\u00e9s. Enag\u00e1s va construyir casi 220 kil\u00f3metros de tuber\u00edes que van precisar para la so instalaci\u00f3n ocupar pasiellos de 22 metros d&#8217;anchura. Fonte: <a href=\"https:\/\/www.lne.es\/asturias\/2025\/06\/27\/son-19-concejos-atravesara-red-119106880.html\">LNE<\/a> \/<\/p>\n<p><!--more--><\/p>\n<p><span style=\"color: #008080\"><strong>La rede troncal de tresporte d&#8217;hidr\u00f3xenu verde n&#8217;Espa\u00f1a va tener dos tramos que van travesar Asturies (Lli\u00f3n-Llanera y Llanera-Reonc\u00edn),<\/strong> <\/span>pero am\u00e1s va incluyir dos ramales para dar serviciu a los polos industriales de Xix\u00f3n y Avil\u00e9s y a la regasificadora d&#8217;El Musel, dende la que se preve esportar gas anovable. L&#8217;operador Enag\u00e1s preve instalar casi 220 kil\u00f3metros de tuber\u00edes nueves para tresportar hidr\u00f3xenu al travi\u00e9s de 19 conceyos del Princip\u00e1u.<\/p>\n<p>Enag\u00e1s y\u00e1 ta tramitando por tramu la denominada<strong> \u00abInfraestructura interior d&#8217;hidr\u00f3xenu d&#8217;Espa\u00f1a\u00bb,<\/strong> una rede de hidroductos para conectar los puntos de producci\u00f3n d&#8217;hidr\u00f3xenu verde de la Pen\u00ednsula Ib\u00e9rica colos potenciales polos de consumu asitiaos n&#8217;Espa\u00f1a y actuar, coles mesmes, como tramu del corredor <strong>\u00abH2MED\u00bb<\/strong> que va conectar la Pen\u00ednsula con Europa central para tresportar los escedentes de producci\u00f3n.<\/p>\n<p><strong>Per Asturies pasen dos de el corredores de la Infraestructura interior d&#8217;hidr\u00f3xenu d&#8217;Espa\u00f1a\u00bb, los denominaos Ruta de la Plata y Cant\u00e1bricu.<\/strong> Dientro d&#8217;estos dos corredores hai dellos tramos dalgunos de nueva construcci\u00f3n y otros qu&#8217;aprovechen conducciones de gas y\u00e1 esistente que son afeches\u2013 y dos d&#8217;ellos traviesen el Princip\u00e1u. Son Lli\u00f3n-Llanera, de 161,67 kil\u00f3metros de llargor, y Llanera-Reonc\u00edn (Cantabria), de 156,62 kil\u00f3metros. Dambos van ser de nueva construcci\u00f3n. Am\u00e1s, como noved\u00e1, el plan de Enag\u00e1s incl\u00fai dos ramales nel primeru d&#8217;esos tramos para conectar los polos industriales de Xix\u00f3n y Avil\u00e9s.<\/p>\n<p style=\"text-align: center\"><a href=\"https:\/\/www.lne.es\/estaticos\/graficos\/img\/1751005418-los-hidroductos-que-se-contruiran-en-asturias_1.jpg\"><img loading=\"lazy\" decoding=\"async\" class=\"aligncenter \" src=\"https:\/\/www.lne.es\/estaticos\/graficos\/img\/1751005418-los-hidroductos-que-se-contruiran-en-asturias_1.jpg\" width=\"545\" height=\"575\" \/>Ver gr\u00e1ficu nel enllaz a LNE<\/a><\/p>\n<p>Dientro d&#8217;Asturies van estendese casi 220 kil\u00f3metros de tuber\u00edes que van travesar los conceyos de L.lena, Mieres, Riosa, Morc\u00edn, Uvi\u00e9u, Llangr\u00e9u, Siero, Nore\u00f1a, Llanera, Xix\u00f3n, Carre\u00f1o, Corvera, Sariegu, Nava, Pilo\u00f1a, Parres, Ribesella, Llanes y Ribedeva. Les conducciones van dir soterraes en tol so percorr\u00edu (a un metro, a lo menos, de fondura) y para estendeles va ser necesariu ocupar temporalmente un pasiellu de 22 metros d&#8217;anchor a lo llargo de too el traz\u00e1u. Am\u00e1s de la tuber\u00eda instalar\u00e1nse v\u00e1lvules colos sos suministros el\u00e9ctricos.<\/p>\n<p><strong>Incl\u00fai los ramales a El Musel y Avil\u00e9s<\/strong><\/p>\n<ul>\n<li>El tramu Lli\u00f3n-Llanera Va Entrar n&#8217;Asturies pol puertu de Payares y va escurrir en paralelu al gasoductu Lli\u00f3n-Uvi\u00e9u pol conceyu de L.lena. Esi paralelismu va abandonar en Mieres. El traz\u00e1u va travesar la carretera N-630, el r\u00edu Caudal y l&#8217;autov\u00eda A-66 y va dirixise al nord\u00e9s polos conceyos d&#8217;Uvi\u00e9u y Llangr\u00e9u, onde va cruciar el r\u00edu Nal\u00f3n, les carreteres AS-116 y AS-354 y la ll\u00ednea de ferrocarril Uvi\u00e9u-L&#8217;Apurro. El tramu va siguir pol conceyu de Siero, alternando col de Nore\u00f1a, y va cruciar el r\u00edu Nora, les carreteres As-17 y N-634 y l&#8217;autov\u00eda A-66. Na parte final, el tramu va escurrir en paralelu al gasoductu Burgos-Santander-Asturies y va enfusar en Llanera cruciando l&#8217;autov\u00eda AS-II.<\/li>\n<li><strong>Los ramales a Xix\u00f3n y Avil\u00e9s. <\/strong>Dende Llanera van partir, con un solu tueru, los dos ramales escontra Xix\u00f3n y Avil\u00e9s. El tueru com\u00fan va correr paralelu al gasoductu Llanera-El Musel escontra&#8217;l nord\u00e9s y na poblaci\u00f3n xixonesa de Veranes va encruciase. El ramal d&#8217;Avil\u00e9s de va dirixir al noroeste travesando nel conceyu de Xix\u00f3n l&#8217;autov\u00eda A-8 y la v\u00eda ferrial Uvi\u00e9u-Xix\u00f3n; va enfusar nel conceyu de Carre\u00f1o cruciando les carreteres AS-19 y AS-110 y va enfusase en Corvera rematando&#8217;l traz\u00e1u al pie de la carretera AS-19. Pela so parte, el ramal de Xix\u00f3n va dir paralelu al gasoductu Llanera-El Musel, va cruciar l&#8217;autov\u00eda A-8 y la carretera GJ-10, y va algamar la planta regasificadora d&#8217;El Musel.<\/li>\n<li><strong>El tramu Llanera-Reonc\u00edn<\/strong><br \/>\nPartiendo de Llanera, va dir paralelu al gasoductu Burgos-Santander-Asturies. Va Cruciar l&#8217;Autov\u00eda Minera ( AS-I) en Siero y va enfusase nos conceyos de Sariegu, Nava y Pilo\u00f1a. Pol altu del Fito va dirixir a la mari\u00f1a. Va Cruciar l&#8217;autov\u00eda A-8 y la r\u00eda de Ribesella, va enfusar en Llanes pol valle de Ardisana y va dexar Asturies per Ribedeva.<\/li>\n<\/ul>\n<p><strong>Almac\u00e9n en Cantabria<\/strong> Enag\u00e1s y Solvay roblaron un alcuerdu para desenvolver un almacenamientu d&#8217;hidr\u00f3xenu en Polanco (Cantabria). La esperiencia de Solvay en cu\u00e9vanos salinos (creaes originalmente para producir carbonatu de sodiu) va aprovechase para reconvert\u00edes n&#8217;almacenamientu d&#8217;hidr\u00f3xenu y Enag\u00e1s va apurrir la so esperiencia nel tresporte d&#8217;enerx\u00eda.<\/p>\n","protected":false},"excerpt":{"rendered":"<p>Estos son los 19 conceyos que va travesar la rede troncal d&#8217;hidr\u00f3xenu n&#8217;Asturies, que va tener ramales para conectar Xix\u00f3n y Avil\u00e9s. Enag\u00e1s va construyir casi 220 kil\u00f3metros de tuber\u00edes que van precisar para la so instalaci\u00f3n ocupar pasiellos de 22 metros d&#8217;anchura. Fonte: LNE \/<\/p>\n","protected":false},"author":117,"featured_media":0,"comment_status":"closed","ping_status":"open","sticky":false,"template":"","format":"standard","meta":{"footnotes":""},"categories":[305],"tags":[],"class_list":["post-51841","post","type-post","status-publish","format-standard","hentry","category-enerxia"],"_links":{"self":[{"href":"https:\/\/edublog.educastur.es\/ixuxu\/wp-json\/wp\/v2\/posts\/51841","targetHints":{"allow":["GET"]}}],"collection":[{"href":"https:\/\/edublog.educastur.es\/ixuxu\/wp-json\/wp\/v2\/posts"}],"about":[{"href":"https:\/\/edublog.educastur.es\/ixuxu\/wp-json\/wp\/v2\/types\/post"}],"author":[{"embeddable":true,"href":"https:\/\/edublog.educastur.es\/ixuxu\/wp-json\/wp\/v2\/users\/117"}],"replies":[{"embeddable":true,"href":"https:\/\/edublog.educastur.es\/ixuxu\/wp-json\/wp\/v2\/comments?post=51841"}],"version-history":[{"count":1,"href":"https:\/\/edublog.educastur.es\/ixuxu\/wp-json\/wp\/v2\/posts\/51841\/revisions"}],"predecessor-version":[{"id":51842,"href":"https:\/\/edublog.educastur.es\/ixuxu\/wp-json\/wp\/v2\/posts\/51841\/revisions\/51842"}],"wp:attachment":[{"href":"https:\/\/edublog.educastur.es\/ixuxu\/wp-json\/wp\/v2\/media?parent=51841"}],"wp:term":[{"taxonomy":"category","embeddable":true,"href":"https:\/\/edublog.educastur.es\/ixuxu\/wp-json\/wp\/v2\/categories?post=51841"},{"taxonomy":"post_tag","embeddable":true,"href":"https:\/\/edublog.educastur.es\/ixuxu\/wp-json\/wp\/v2\/tags?post=51841"}],"curies":[{"name":"wp","href":"https:\/\/api.w.org\/{rel}","templated":true}]}}