{"id":51858,"date":"2025-06-28T08:31:54","date_gmt":"2025-06-28T06:31:54","guid":{"rendered":"https:\/\/edublog.educastur.es\/ixuxu\/?p=51858"},"modified":"2025-06-28T13:33:31","modified_gmt":"2025-06-28T11:33:31","slug":"el-tiempu-el-comercio-80","status":"publish","type":"post","link":"https:\/\/edublog.educastur.es\/ixuxu\/2025\/06\/el-tiempu-el-comercio-80\/","title":{"rendered":"El tiempu (El Comercio)"},"content":{"rendered":"<p style=\"text-align: center\"><a href=\"https:\/\/s2.ppllstatics.com\/elcomercio\/www\/multimedia\/2025\/06\/27\/prevision-tiempo-asturias-kClH-U2301948938566Ca-1200x860@El%20Comercio.jpg\"><img loading=\"lazy\" decoding=\"async\" class=\"aligncenter size-large\" src=\"https:\/\/s2.ppllstatics.com\/elcomercio\/www\/multimedia\/2025\/06\/27\/prevision-tiempo-asturias-kClH-U2301948938566Ca-1200x860@El%20Comercio.jpg\" width=\"1200\" height=\"860\" \/><\/a><\/p>\n<p>Esperamos nubes baxes na met\u00e1 norte <strong>mientres les primeres hores de la ma\u00f1ana<\/strong>, ente que nel restu van tar los cielos soleyeros. Conforme meyora la ma\u00f1ana, les nubes baxes dir\u00e1n esten\u00e1ndose anque na mari\u00f1a costar\u00e1-y daqu\u00e9 m\u00e1s de tiempu abrir. Les <strong>temperatures m\u00e1ximes<\/strong> van xubir hasta 3 \u00baC nel cordal, hasta 2 \u00baC nel restu del interior y, de forma m\u00e1s llixera va facer na mari\u00f1a, pudiendo haber zones costeres nes qu&#8217;apenes va haber cambeos coles m\u00e1ximes anotaes el vienres. <strong>Les m\u00ednimes<\/strong> van xubir de forma xeneralizada en tol Princip\u00e1u ente 2 y 3 \u00baC. <strong>Los vientos<\/strong> van ser fluexos pudiendo predominar de nordeste-esti na mari\u00f1a, con dalguna racha moderada ensin importancia pela tarde.<\/p>\n<p><!--more--><\/p>\n<p><strong>El domingu<\/strong> volveremos tener nubes baxes nel norte d&#8217;Asturies, con encl\u00edn a abrir grandes claros polo xeneral, anque nuevamente na mari\u00f1a va ser el sector onde m\u00e1s tiempu puedan permanecer la nubosidad.<strong> Les temperatures m\u00e1ximes<\/strong> van xubir hasta 4 o 5 \u00baC m\u00e1s, polo que va ser un d\u00eda con unos rexistros t\u00e9rmicos bien percima de lo normal. Ello ye que l&#8217;Axencia Estatal de Meteorolox\u00eda tien previstu activar nel suroccidente l&#8217;avisu mariellu por calor ente les 13:00 y les 21:00 hores.<\/p>\n<p><strong>El llunes<\/strong> tami\u00e9n va ser un d\u00eda con temperatures bien altes. El martes van empezar a baxar.<\/p>\n","protected":false},"excerpt":{"rendered":"<p>Esperamos nubes baxes na met\u00e1 norte mientres les primeres hores de la ma\u00f1ana, ente que nel restu van tar los cielos soleyeros. Conforme meyora la ma\u00f1ana, les nubes baxes dir\u00e1n esten\u00e1ndose anque na mari\u00f1a costar\u00e1-y daqu\u00e9 m\u00e1s de tiempu abrir. Les temperatures m\u00e1ximes van xubir hasta 3 \u00baC nel cordal, hasta 2 \u00baC nel restu [&hellip;]<\/p>\n","protected":false},"author":117,"featured_media":0,"comment_status":"closed","ping_status":"open","sticky":false,"template":"","format":"standard","meta":{"footnotes":""},"categories":[5],"tags":[],"class_list":["post-51858","post","type-post","status-publish","format-standard","hentry","category-tiempu"],"_links":{"self":[{"href":"https:\/\/edublog.educastur.es\/ixuxu\/wp-json\/wp\/v2\/posts\/51858","targetHints":{"allow":["GET"]}}],"collection":[{"href":"https:\/\/edublog.educastur.es\/ixuxu\/wp-json\/wp\/v2\/posts"}],"about":[{"href":"https:\/\/edublog.educastur.es\/ixuxu\/wp-json\/wp\/v2\/types\/post"}],"author":[{"embeddable":true,"href":"https:\/\/edublog.educastur.es\/ixuxu\/wp-json\/wp\/v2\/users\/117"}],"replies":[{"embeddable":true,"href":"https:\/\/edublog.educastur.es\/ixuxu\/wp-json\/wp\/v2\/comments?post=51858"}],"version-history":[{"count":1,"href":"https:\/\/edublog.educastur.es\/ixuxu\/wp-json\/wp\/v2\/posts\/51858\/revisions"}],"predecessor-version":[{"id":51859,"href":"https:\/\/edublog.educastur.es\/ixuxu\/wp-json\/wp\/v2\/posts\/51858\/revisions\/51859"}],"wp:attachment":[{"href":"https:\/\/edublog.educastur.es\/ixuxu\/wp-json\/wp\/v2\/media?parent=51858"}],"wp:term":[{"taxonomy":"category","embeddable":true,"href":"https:\/\/edublog.educastur.es\/ixuxu\/wp-json\/wp\/v2\/categories?post=51858"},{"taxonomy":"post_tag","embeddable":true,"href":"https:\/\/edublog.educastur.es\/ixuxu\/wp-json\/wp\/v2\/tags?post=51858"}],"curies":[{"name":"wp","href":"https:\/\/api.w.org\/{rel}","templated":true}]}}