{"id":51867,"date":"2025-06-28T08:46:31","date_gmt":"2025-06-28T06:46:31","guid":{"rendered":"https:\/\/edublog.educastur.es\/ixuxu\/?p=51867"},"modified":"2025-06-28T13:55:34","modified_gmt":"2025-06-28T11:55:34","slug":"un-domo-o-cupula-de-calor-de-record-historicu-primer-fola-de-calor-de-2025","status":"publish","type":"post","link":"https:\/\/edublog.educastur.es\/ixuxu\/2025\/06\/un-domo-o-cupula-de-calor-de-record-historicu-primer-fola-de-calor-de-2025\/","title":{"rendered":"Un domo o c\u00fapula de calor de r\u00e9cord hist\u00f3ricu: primer fola de calor de 2025"},"content":{"rendered":"<ul>\n<li><a href=\"https:\/\/www.tiempo.com\/ram\/domo-cupula-de-calor-primera-ola-de-calor-de.html\">El tiempo<\/a> \/<\/li>\n<\/ul>\n<p style=\"text-align: center\"><a href=\"https:\/\/services.meteored.com\/img\/article\/domo-cupula-de-calor-primera-ola-de-calor-de-1750917406219_1024.png\"><img loading=\"lazy\" decoding=\"async\" class=\"aligncenter size-large\" src=\"https:\/\/services.meteored.com\/img\/article\/domo-cupula-de-calor-primera-ola-de-calor-de-1750917406219_1024.png\" width=\"1024\" height=\"757\" \/><\/a><\/p>\n<p>Un domo o c\u00fapula de calor de r\u00e9cord hist\u00f3ricu va asitiar sobro gran parte d&#8217;Espa\u00f1a: primer fola de calor de 2025. Un anticicl\u00f3n fondu, potente, vastu, templ\u00e1u y secu va asitiase na vertical del suroeste d&#8217;Europa, realzando les altes temperatures en superficie y podr\u00eda desenvolver la primer fola de calor de 2025 n&#8217;Espa\u00f1a y afectar a otres zones d&#8217;Europa. <span style=\"color: #008080\"><strong>A esti tipu d&#8217;anticiclones denominar domo o c\u00fapula de calor.<\/strong><\/span><\/p>\n<p><!--more--><\/p>\n<p>Un potente domo o c\u00fapula de calor va desenvolvese a finales de xunu de 2025 seg\u00fan los modelos: enriba, mapa de 500 hPa y anomal\u00edes de geopotencial en colores, y embaxo anomal\u00edes de temperatura a 1500 m\/850 hPa seg\u00fan escala de colores (templaes n&#8217;escala de colloraos, y fr\u00edes n&#8217;azules) pal 28 de xunu de 2025 15 UTC. Tropicaltidbits<\/p>\n<p style=\"text-align: center\"><a href=\"https:\/\/services.meteored.com\/img\/article\/domo-cupula-de-calor-primera-ola-de-calor-de-1750917415732_1024.png\"><img loading=\"lazy\" decoding=\"async\" class=\"aligncenter size-large\" src=\"https:\/\/services.meteored.com\/img\/article\/domo-cupula-de-calor-primera-ola-de-calor-de-1750917415732_1024.png\" width=\"1024\" height=\"757\" \/><\/a><\/p>\n<p><strong>\u00bfQue ye un domo o c\u00fapula de calor? <\/strong>En determinaes condiciones, nos meses templaos desenvu\u00e9lvese un potente anticicl\u00f3n n&#8217;altor cuasiestacionario qu&#8217;atrapa l&#8217;aire templao en niveles inferiores, nun lo lliberar y, inclusive, xenera los mecanismos por qu&#8217;aumenten les temperatures en capes baxes por subsidencia del aire.<\/p>\n<p>Cuando se forma un domo c\u00fapula de calor, l&#8217;aire que s&#8217;atopa debaxo baxa (subsidencia), f\u00fandese y estr\u00fayese, lo que provoca un aumentu considerable de les temperatures en capes baxes. Los cielos estenos\/despexaos d&#8217;estos anticiclones faen que&#8217;l sol caliente de forma m\u00e1s efectiva, ensin apenes aliviu.<\/p>\n<p style=\"text-align: center\"><a href=\"https:\/\/services.meteored.com\/img\/article\/domo-cupula-de-calor-primera-ola-de-calor-de-1750917429897_1024.png\"><img loading=\"lazy\" decoding=\"async\" class=\"aligncenter size-large\" src=\"https:\/\/services.meteored.com\/img\/article\/domo-cupula-de-calor-primera-ola-de-calor-de-1750917429897_1024.png\" width=\"764\" height=\"590\" \/><\/a><\/p>\n<p>Modelu conceptual y procesos acomu\u00f1aos a les c\u00fapules de calor. Fonte: AFP<\/p>\n<ul>\n<li><strong>Los domos de calor pueden durar dellos d\u00edes<\/strong>, faciendo que&#8217;l calor s\u00eda intensu, estensu y persistente. Les precipitaciones t\u00e1n casi ausentes y delles nubes seques podr\u00eden apaecer en zones de monte.<\/li>\n<li>Esti domo abarca gran parte del suroeste d&#8217;Europa, zona central, \u00e1rees de It\u00e1lia y parte de los Balcanes.<\/li>\n<\/ul>\n<p>Nel casu d&#8217;Espa\u00f1a, los domos o c\u00fapules de calor pueden tener otru elementu complementariu: nel so lladral oeste pueden xenerar entraes de los vientos de componente sur d&#8217;orixe africanu que s&#8217;incorporen al fornu t\u00e9rmicu en capes baxes, apinando&#8217;l calor mientres tol d\u00eda.<\/p>\n<p>Con estes blimes, <strong>los domos o c\u00fapules de calor son peligrosos<\/strong> tantu poles altes temperatures diurnes como poles nocherniegues, onde munchos llugares algamen valores del orde d&#8217;ente 20-25 \u00baC, o m\u00e1s, xeneralizando les nueches tropical y chornizu. <strong>Colos domos de calor, les temperatures en superficie vu\u00e9lvense insanes y peligroses.<\/strong><\/p>\n<p>El calor intenso nun vien solo Cola estabilid\u00e1 atmosf\u00e9rica y los fuertes calores, <strong>apaecen otros efectos nocivos<\/strong>: entraes d&#8217;aire insano con polvu en suspensi\u00f3n, aumentu del ozonu troposf\u00e9rico malu de capes baxes, fortalez les isles de calor urbano, el estr\u00e9s t\u00e9rmicu ensuga la vexetaci\u00f3n, agrava la sal\u00fa humana, golpes de calor, riesgu de quemes forestales, dispara&#8217;l consumu d&#8217;enerx\u00eda el\u00e9ctrica, etc.<\/p>\n","protected":false},"excerpt":{"rendered":"<p>El tiempo \/ Un domo o c\u00fapula de calor de r\u00e9cord hist\u00f3ricu va asitiar sobro gran parte d&#8217;Espa\u00f1a: primer fola de calor de 2025. Un anticicl\u00f3n fondu, potente, vastu, templ\u00e1u y secu va asitiase na vertical del suroeste d&#8217;Europa, realzando les altes temperatures en superficie y podr\u00eda desenvolver la primer fola de calor de 2025 [&hellip;]<\/p>\n","protected":false},"author":117,"featured_media":0,"comment_status":"closed","ping_status":"open","sticky":false,"template":"","format":"standard","meta":{"footnotes":""},"categories":[5],"tags":[],"class_list":["post-51867","post","type-post","status-publish","format-standard","hentry","category-tiempu"],"_links":{"self":[{"href":"https:\/\/edublog.educastur.es\/ixuxu\/wp-json\/wp\/v2\/posts\/51867","targetHints":{"allow":["GET"]}}],"collection":[{"href":"https:\/\/edublog.educastur.es\/ixuxu\/wp-json\/wp\/v2\/posts"}],"about":[{"href":"https:\/\/edublog.educastur.es\/ixuxu\/wp-json\/wp\/v2\/types\/post"}],"author":[{"embeddable":true,"href":"https:\/\/edublog.educastur.es\/ixuxu\/wp-json\/wp\/v2\/users\/117"}],"replies":[{"embeddable":true,"href":"https:\/\/edublog.educastur.es\/ixuxu\/wp-json\/wp\/v2\/comments?post=51867"}],"version-history":[{"count":1,"href":"https:\/\/edublog.educastur.es\/ixuxu\/wp-json\/wp\/v2\/posts\/51867\/revisions"}],"predecessor-version":[{"id":51868,"href":"https:\/\/edublog.educastur.es\/ixuxu\/wp-json\/wp\/v2\/posts\/51867\/revisions\/51868"}],"wp:attachment":[{"href":"https:\/\/edublog.educastur.es\/ixuxu\/wp-json\/wp\/v2\/media?parent=51867"}],"wp:term":[{"taxonomy":"category","embeddable":true,"href":"https:\/\/edublog.educastur.es\/ixuxu\/wp-json\/wp\/v2\/categories?post=51867"},{"taxonomy":"post_tag","embeddable":true,"href":"https:\/\/edublog.educastur.es\/ixuxu\/wp-json\/wp\/v2\/tags?post=51867"}],"curies":[{"name":"wp","href":"https:\/\/api.w.org\/{rel}","templated":true}]}}