{"id":51889,"date":"2025-06-28T09:10:43","date_gmt":"2025-06-28T07:10:43","guid":{"rendered":"https:\/\/edublog.educastur.es\/ixuxu\/?p=51889"},"modified":"2025-06-29T10:23:36","modified_gmt":"2025-06-29T08:23:36","slug":"51889","status":"publish","type":"post","link":"https:\/\/edublog.educastur.es\/ixuxu\/2025\/06\/51889\/","title":{"rendered":"D\u00eda del arguyu&#8230;"},"content":{"rendered":"<div class=\"xyinxu5 xv54qhq x1g2khh7 xf7dkkf\">\n<div class=\"x6s0dn4 x78zum5 x1q0g3np x1nhvcw1 xh8yej3\">\n<div class=\"x9f619 xjbqb8w x78zum5 x15mokao x1ga7v0g x16uus16 xbiv7yw x1uhb9sk x1plvlek xryxfnj x1iyjqo2 x2lwn1j xeuugli x1q0g3np xqjyukv x6s0dn4 x1oa3qoh x1nhvcw1\">\n<div class=\"x9f619 xjbqb8w x78zum5 x15mokao x1ga7v0g x16uus16 xbiv7yw x1n2onr6 x1plvlek xryxfnj x1c4vz4f x2lah0s xdt5ytf xqjyukv x1qjc9v5 x1oa3qoh xl56j7k\">\n<div class=\"x9f619 xjbqb8w x78zum5 x15mokao x1ga7v0g x16uus16 xbiv7yw x1uhb9sk x1plvlek xryxfnj x1c4vz4f x2lah0s x1q0g3np xqjyukv x6s0dn4 x1oa3qoh x1nhvcw1\">\n<div>\n<div class=\"x9f619 xjbqb8w x78zum5 x15mokao x1ga7v0g x16uus16 xbiv7yw x1uhb9sk x1plvlek xryxfnj x1c4vz4f x2lah0s x1q0g3np xqjyukv x6s0dn4 x1oa3qoh x1nhvcw1\">\n<div>\n<div class=\"x9f619 xjbqb8w x1rg5ohu x15mokao x1ga7v0g x16uus16 xbiv7yw x1uhb9sk x1plvlek xryxfnj x1c4vz4f x2lah0s xdt5ytf xqjyukv x1qjc9v5 x1oa3qoh x1nhvcw1\"><\/div>\n<\/div>\n<\/div>\n<\/div>\n<\/div>\n<\/div>\n<\/div>\n<\/div>\n<\/div>\n<div class=\"x5yr21d xw2csxc x1odjw0f x1n2onr6\">\n<div class=\"x9f619 x78zum5 xdt5ytf x5yr21d xexx8yu xv54qhq x1l90r2v xf7dkkf x10l6tqk xh8yej3\">\n<div class=\"x9f619 xjbqb8w x78zum5 x15mokao x1ga7v0g x16uus16 xbiv7yw xsag5q8 xz9dl7a x1uhb9sk x1plvlek xryxfnj x1c4vz4f x2lah0s x1q0g3np xqjyukv x1qjc9v5 x1oa3qoh x1nhvcw1\">\n<div class=\"x9f619 xjbqb8w x78zum5 x15mokao x1ga7v0g x16uus16 xbiv7yw x1uhb9sk x1plvlek xryxfnj x1iyjqo2 x2lwn1j xeuugli x1q0g3np xqjyukv x1qjc9v5 x1oa3qoh x1nhvcw1\">\n<div class=\"x9f619 xjbqb8w x78zum5 x15mokao x1ga7v0g x16uus16 xbiv7yw x1uhb9sk x1plvlek xryxfnj x1iyjqo2 x2lwn1j xeuugli xdt5ytf xqjyukv x1qjc9v5 x1oa3qoh x1nhvcw1\">\n<div class=\"x9f619 xjbqb8w x78zum5 x15mokao x1ga7v0g x16uus16 xbiv7yw x1uhb9sk x1plvlek xryxfnj x1c4vz4f x2lah0s xdt5ytf xqjyukv x1qjc9v5 x1oa3qoh x1nhvcw1\">\n<ul>\n<li>Fonte: <a href=\"https:\/\/fusionasturias.com\/otras-secciones\/asociaciones\/yosune-alvarez-presidenta-de-xega-los-derechos-lgtb-son-una-necesidad-no-un-privilegio.htm\">web ENTREVISTA\u00a0\u00a0<\/a> \/ <a href=\"https:\/\/www.instagram.com\/fusionasturias\/\">fusionasturias\u00a0<\/a><\/li>\n<\/ul>\n<p style=\"text-align: center\"><span class=\"html-span xexx8yu x4uap5 x18d9i69 xkhd6sd x1hl2dhg x16tdsg8 x1vvkbs x3nfvp2 x1j61x8r x1fcty0u xdj266r xat24cr xgzva0m xhhsvwb xxymvpz xlup9mm x1kky2od\">\n<!-- iframe plugin v.6.0 wordpress.org\/plugins\/iframe\/ -->\n<iframe loading=\"lazy\" src=\"https:\/\/www.instagram.com\/reel\/C8wOYvetJdE\/embed\" width=\"480\" height=\"600\" 0=\"\/iframe\" scrolling=\"yes\" class=\"iframe-class\" frameborder=\"0\"><\/iframe>\n<\/span><\/p>\n<p><span class=\"x193iq5w xeuugli x13faqbe x1vvkbs xt0psk2 x1i0vuye xvs91rp xo1l8bm x5n08af x10wh9bi xpm28yp x8viiok x1o7cslx x126k92a\"><span class=\"x193iq5w xeuugli x13faqbe x1vvkbs xt0psk2 x1i0vuye xvs91rp xo1l8bm x5n08af x10wh9bi xpm28yp x8viiok x1o7cslx x126k92a\">Guerrera en m\u00faltiples debates y batallas, <a class=\"x1i10hfl xjbqb8w x1ejq31n x18oe1m7 x1sy0etr xstzfhl x972fbf x10w94by x1qhh985 x14e42zd x9f619 x1ypdohk xt0psk2 xe8uvvx xdj266r x14z9mp xat24cr x1lziwak xexx8yu xyri2b x18d9i69 x1c1uobl x16tdsg8 x1hl2dhg xggy1nq x1a2a7pz notranslate _a6hd\" role=\"link\" href=\"https:\/\/www.instagram.com\/yosunealvarezescritora\/\">@yosunealvarezescritora<\/a>, presidenta de <a class=\"x1i10hfl xjbqb8w x1ejq31n x18oe1m7 x1sy0etr xstzfhl x972fbf x10w94by x1qhh985 x14e42zd x9f619 x1ypdohk xt0psk2 xe8uvvx xdj266r x14z9mp xat24cr x1lziwak xexx8yu xyri2b x18d9i69 x1c1uobl x16tdsg8 x1hl2dhg xggy1nq x1a2a7pz notranslate _a6hd\" role=\"link\" href=\"https:\/\/www.instagram.com\/xega.ast\/\">@xega.ast<\/a>, tiene tras sus espaldas muchos a\u00f1os de militancia LGTB \ud83c\udff3\ufe0f\u200d\ud83c\udf08. <\/span><\/span>Sabe que, por desgracia, llue\u00f1e de menguar av\u00e9rense tiempos dif\u00edciles para la iguald\u00e1. En plenu rifirrafe col Conceyu del so quer\u00edu Xix\u00f3n, pon tol so enfotu en cerrar per tolo alto el mes del Arguyu .<\/p>\n<\/div>\n<div class=\"x9f619 xjbqb8w x78zum5 x15mokao x1ga7v0g x16uus16 xbiv7yw x1uhb9sk x1plvlek xryxfnj x1c4vz4f x2lah0s xdt5ytf xqjyukv x1qjc9v5 x1oa3qoh x1nhvcw1\">\n<p><!--more--><\/p>\n<p>Con o ensin declaraci\u00f3n institucional polos derechos LGTB, la localid\u00e1 xixonesa va celebrar el s\u00e1badu 28 de xunu una manifestaci\u00f3n para reivindicar la visibilid\u00e1 de toes aquelles persones que tuvieron que despintar la so identid\u00e1 de x\u00e9neru y esixir los mesmos derechos para toos, toes y todes con independencia de la so orientaci\u00f3n sexual.<\/p>\n<p><span class=\"x193iq5w xeuugli x13faqbe x1vvkbs xt0psk2 x1i0vuye xvs91rp xo1l8bm x5n08af x10wh9bi xpm28yp x8viiok x1o7cslx x126k92a\"><br \/>\n<a class=\"x1i10hfl xjbqb8w x1ejq31n x18oe1m7 x1sy0etr xstzfhl x972fbf x10w94by x1qhh985 x14e42zd x9f619 x1ypdohk xt0psk2 xe8uvvx xdj266r x14z9mp xat24cr x1lziwak xexx8yu xyri2b x18d9i69 x1c1uobl x16tdsg8 x1hl2dhg xggy1nq x1a2a7pz notranslate _a6hd\" role=\"link\" href=\"https:\/\/www.instagram.com\/orgullindelnorte\/\">@orgullindelnorte<\/a><br \/>\n<a class=\"x1i10hfl xjbqb8w x1ejq31n x18oe1m7 x1sy0etr xstzfhl x972fbf x10w94by x1qhh985 x14e42zd x9f619 x1ypdohk xt0psk2 xe8uvvx xdj266r x14z9mp xat24cr x1lziwak xexx8yu xyri2b x18d9i69 x1c1uobl x16tdsg8 x1hl2dhg xggy1nq x1a2a7pz notranslate _a6hd\" role=\"link\" href=\"https:\/\/www.instagram.com\/campingdevagijon\/\">@campingdevagijon<\/a><\/span><\/p>\n<\/div>\n<\/div>\n<div>\n<p><span style=\"text-decoration: underline\"><span style=\"color: #008080;font-size: 20px;text-decoration: underline\"> \ud83c\udff3\u200d\ud83c\udf08 D\u00eda del Arguyu. Pero\u2026 \u00bfArguyu de qu\u00e9? \u00bfPor qu\u00e9?<\/span><\/span><\/p>\n<ul>\n<li>Arguyu de ser diversos, distintos, pero toos humanos con un coraz\u00f3n que llate de la mesma manera.<\/li>\n<li>Arguyu de compartir un espaciu en que la fusi\u00f3n arriqueznos y fainos meyores, m\u00e1s completos y reales.<\/li>\n<li>Arguyu de sentir, llorar, rir, rellumar y amar de la mesma manera. Con intensid\u00e1, pasi\u00f3n y muncha verd\u00e1.<\/li>\n<li>Arguyu d&#8217;abrazar, besar y amar llibres. D&#8217;aceptar la diferencia y de dexanos a n\u00f3s mesmos mirar de frente ensin neng\u00fan tipu de mieu.<\/li>\n<li>Arguyu d&#8217;atopar tu llugar, tu manera, tu forma, tu acentu. De percorrer un cam\u00edn llenu de curves y de llevantar la mirada porque nun hai nada qu&#8217;esconder.<\/li>\n<li>Arguyu. S\u00ed, arguyu. Nunca una palabra foi tan bien utilizada. Porque l&#8217;amor, seya como quier, s\u00eda escontra quien s\u00eda, nunca puede ser xulg\u00e1u. Nunca puede ser malu.<\/li>\n<li>Mientres siga esistiendo l&#8217;amor, va siguir esistiendo la posibilid\u00e1 d&#8217;un futuru.<\/li>\n<\/ul>\n<p style=\"text-align: center\"><span style=\"color: #008080\">\u00a1Feliz d\u00eda! \u00a1Feliz Arguyu! \u00a1Feliz llibert\u00e1!<\/span><br \/>\n\ud83d\udc99\u2764\ud83d\udc9b\ud83d\udc9c\ud83d\udc9a\ud83e\ude75\ud83e\ude77\ud83d\udda4<\/p>\n<\/div>\n<div class=\"x9f619 xjbqb8w x78zum5 x15mokao x1ga7v0g x16uus16 xbiv7yw x1uhb9sk x1plvlek xryxfnj x1iyjqo2 x2lwn1j xeuugli xdt5ytf xqjyukv x1qjc9v5 x1oa3qoh x1nhvcw1\">\n<div><\/div>\n<div class=\"x9f619 xjbqb8w x78zum5 x15mokao x1ga7v0g x16uus16 xbiv7yw x1uhb9sk x1plvlek xryxfnj x1c4vz4f x2lah0s xdt5ytf xqjyukv x1qjc9v5 x1oa3qoh x1nhvcw1\" style=\"text-align: center\">\n<p><span class=\"x193iq5w xeuugli x13faqbe x1vvkbs xt0psk2 x1i0vuye xvs91rp xo1l8bm x5n08af x10wh9bi xpm28yp x8viiok x1o7cslx x126k92a\"><span class=\"html-span xexx8yu x4uap5 x18d9i69 xkhd6sd x1hl2dhg x16tdsg8 x1vvkbs x3nfvp2 x1j61x8r x1fcty0u xdj266r xat24cr xgzva0m xhhsvwb xxymvpz xlup9mm x1kky2od\">\n<!-- iframe plugin v.6.0 wordpress.org\/plugins\/iframe\/ -->\n<iframe loading=\"lazy\" src=\"https:\/\/www.instagram.com\/reel\/DLbzMQeto94\/embed\" width=\"480\" height=\"640\" 0=\"\/iframe\" scrolling=\"yes\" class=\"iframe-class\" frameborder=\"0\"><\/iframe>\n<\/span><\/span><\/p>\n<p>\ud83d\udd17: https:\/\/fusionasturias.com\/otras-secciones\/asociaciones\/yosune-alvarez-presidenta-de-xega-los-derechos-lgtb-son-una-necesidad-no-un-privilegio.htm<\/p>\n<p><a class=\"x1i10hfl xjbqb8w x1ejq31n x18oe1m7 x1sy0etr xstzfhl x972fbf x10w94by x1qhh985 x14e42zd x9f619 x1ypdohk xt0psk2 xe8uvvx xdj266r x14z9mp xat24cr x1lziwak xexx8yu xyri2b x18d9i69 x1c1uobl x16tdsg8 x1hl2dhg xggy1nq x1a2a7pz _aa9_ _a6hd\" role=\"link\" href=\"https:\/\/www.instagram.com\/explore\/tags\/yosune%C3%A1lvarez\/\">#Yosune\u00c1lvarez<\/a><a class=\"x1i10hfl xjbqb8w x1ejq31n x18oe1m7 x1sy0etr xstzfhl x972fbf x10w94by x1qhh985 x14e42zd x9f619 x1ypdohk xt0psk2 xe8uvvx xdj266r x14z9mp xat24cr x1lziwak xexx8yu xyri2b x18d9i69 x1c1uobl x16tdsg8 x1hl2dhg xggy1nq x1a2a7pz _aa9_ _a6hd\" role=\"link\" href=\"https:\/\/www.instagram.com\/explore\/tags\/presidenta\/\">#presidenta<\/a><a class=\"x1i10hfl xjbqb8w x1ejq31n x18oe1m7 x1sy0etr xstzfhl x972fbf x10w94by x1qhh985 x14e42zd x9f619 x1ypdohk xt0psk2 xe8uvvx xdj266r x14z9mp xat24cr x1lziwak xexx8yu xyri2b x18d9i69 x1c1uobl x16tdsg8 x1hl2dhg xggy1nq x1a2a7pz _aa9_ _a6hd\" role=\"link\" href=\"https:\/\/www.instagram.com\/explore\/tags\/asociacion\/\">#asociacion<\/a><a class=\"x1i10hfl xjbqb8w x1ejq31n x18oe1m7 x1sy0etr xstzfhl x972fbf x10w94by x1qhh985 x14e42zd x9f619 x1ypdohk xt0psk2 xe8uvvx xdj266r x14z9mp xat24cr x1lziwak xexx8yu xyri2b x18d9i69 x1c1uobl x16tdsg8 x1hl2dhg xggy1nq x1a2a7pz _aa9_ _a6hd\" role=\"link\" href=\"https:\/\/www.instagram.com\/explore\/tags\/xega\/\">#XEGA<\/a><a class=\"x1i10hfl xjbqb8w x1ejq31n x18oe1m7 x1sy0etr xstzfhl x972fbf x10w94by x1qhh985 x14e42zd x9f619 x1ypdohk xt0psk2 xe8uvvx xdj266r x14z9mp xat24cr x1lziwak xexx8yu xyri2b x18d9i69 x1c1uobl x16tdsg8 x1hl2dhg xggy1nq x1a2a7pz _aa9_ _a6hd\" role=\"link\" href=\"https:\/\/www.instagram.com\/explore\/tags\/diadelorgullo\/\">#DiadelOrgullo<\/a><a class=\"x1i10hfl xjbqb8w x1ejq31n x18oe1m7 x1sy0etr xstzfhl x972fbf x10w94by x1qhh985 x14e42zd x9f619 x1ypdohk xt0psk2 xe8uvvx xdj266r x14z9mp xat24cr x1lziwak xexx8yu xyri2b x18d9i69 x1c1uobl x16tdsg8 x1hl2dhg xggy1nq x1a2a7pz _aa9_ _a6hd\" role=\"link\" href=\"https:\/\/www.instagram.com\/explore\/tags\/orgullo2024\/\">#Orgullo2024<\/a><a class=\"x1i10hfl xjbqb8w x1ejq31n x18oe1m7 x1sy0etr xstzfhl x972fbf x10w94by x1qhh985 x14e42zd x9f619 x1ypdohk xt0psk2 xe8uvvx xdj266r x14z9mp xat24cr x1lziwak xexx8yu xyri2b x18d9i69 x1c1uobl x16tdsg8 x1hl2dhg xggy1nq x1a2a7pz _aa9_ _a6hd\" role=\"link\" href=\"https:\/\/www.instagram.com\/explore\/tags\/28j\/\">#28j<\/a><a class=\"x1i10hfl xjbqb8w x1ejq31n x18oe1m7 x1sy0etr xstzfhl x972fbf x10w94by x1qhh985 x14e42zd x9f619 x1ypdohk xt0psk2 xe8uvvx xdj266r x14z9mp xat24cr x1lziwak xexx8yu xyri2b x18d9i69 x1c1uobl x16tdsg8 x1hl2dhg xggy1nq x1a2a7pz _aa9_ _a6hd\" role=\"link\" href=\"https:\/\/www.instagram.com\/explore\/tags\/orgullo\/\">#Orgullo<\/a><a class=\"x1i10hfl xjbqb8w x1ejq31n x18oe1m7 x1sy0etr xstzfhl x972fbf x10w94by x1qhh985 x14e42zd x9f619 x1ypdohk xt0psk2 xe8uvvx xdj266r x14z9mp xat24cr x1lziwak xexx8yu xyri2b x18d9i69 x1c1uobl x16tdsg8 x1hl2dhg xggy1nq x1a2a7pz _aa9_ _a6hd\" role=\"link\" href=\"https:\/\/www.instagram.com\/explore\/tags\/orgullolgtbi\/\">#orgulloLGTBI<\/a><a class=\"x1i10hfl xjbqb8w x1ejq31n x18oe1m7 x1sy0etr xstzfhl x972fbf x10w94by x1qhh985 x14e42zd x9f619 x1ypdohk xt0psk2 xe8uvvx xdj266r x14z9mp xat24cr x1lziwak xexx8yu xyri2b x18d9i69 x1c1uobl x16tdsg8 x1hl2dhg xggy1nq x1a2a7pz _aa9_ _a6hd\" role=\"link\" href=\"https:\/\/www.instagram.com\/explore\/tags\/lgtbi\/\">#LGTBI<br \/>\n<\/a><\/p>\n<\/div>\n<\/div>\n<\/div>\n<\/div>\n<\/div>\n<\/div>\n<div class=\"padding-t-35\">\n<p style=\"text-align: center\"><strong><em><span style=\"color: #008080;font-size: 24px\">Miles de persones reclamen en Xix\u00f3n<br \/>\nl&#8217;aprobaci\u00f3n d&#8217;una llei auton\u00f3mica LGTBI+<\/span><\/em><\/strong><\/p>\n<p>La bandera arco\u00edris ondea nun nuevu desfile del Orgull\u00edn del Norte. Miles de persones participaron esti s\u00e1badu na manifestaci\u00f3n del D\u00eda del Arguyu convocada en Xix\u00f3n na que reclamaron l&#8217;aprobaci\u00f3n d&#8217;una Llei LGTBI+ nel Princip\u00e1u d&#8217;Asturies.<\/p>\n<p>Part\u00edos pol\u00edticos d&#8217;esquierda, sindicatos, como UXT, CCOO y CSI, y organizaciones sociales sum\u00e1ronse a la marcha, que percorri\u00f3 les cais del centru de la ciud\u00e1 hasta la plaza del Conceyu, onde se lle\u00f3 un comunic\u00e1u nel que s&#8217;alvirti\u00f3 de que, venti a\u00f1os dempu\u00e9s d&#8217;aprobase la llei del matrimoniu igualitariu, Asturies sigue ensin una Llei LGTBI+.<\/p>\n<p>Concentraos detr\u00e1s d&#8217;una gran bandera con el colores del arcu iris y d&#8217;una pancarta cola lleenda &#8216;Tolos derechos para toles persones&#8217;, los manifestantes partieron pasaes les 18:00 dende&#8217;l Pas\u00e9u de Bego\u00f1a escontra la Plaza Mayor, n&#8217;una columna zarrada por dos carroces.<\/p>\n<p>Asturies y Castiella y Lli\u00f3n son les \u00faniques autonom\u00edes d&#8217;Espa\u00f1a que nun tienen una llei que garantice los derechos de la comunid\u00e1 LGTBI+, a pesar de que&#8217;l presidente Adri\u00e1n Barb\u00f3n dixo na llexislatura pasada que se diba a aprobar, afirm\u00f3 la coordinadora de XEGA (Xente Gai \u00c1stur), \u00c1frica Preus.<\/p>\n<p>En declaraciones a los periodistes mientres la manifestaci\u00f3n, la dirixente de XEGA dixo que van tar pindies de c\u00f3mo queda&#8217;l testu definitivu y del so desenvolvimientu, para evitar que se produzan retayos de derechos y de garant\u00edes nel tr\u00e1mite parlamentariu na Xunta Xeneral del Princip\u00e1u.<\/p>\n<p>Am\u00e1s, Preus demand\u00f3 a les instituciones mid\u00edes para frenar la \u00abcreciente fola reaccionaria que coles sos campa\u00f1es d&#8217;odiu fomenta los ataques y los insultos contra persones que tien otru tipu d&#8217;atracciones sexuales, especialmente nes zones rurales onde t\u00e1n m\u00e1s desarimaes\u00bb.<\/p>\n<p>Los manifestantes entonaron conse\u00f1es como \u201cNin un pasu tras nos nuesos derechos\u201d y \u201cnun hai arguyu con xenocidiu\u201d.<\/p>\n<ul>\n<li><a href=\"https:\/\/www.elcomercio.es\/asturias\/manifestacion-gijon-dia-orgullo-lgtbiq-derechos-asturias-20250628214324-nt.html\"><strong>El Comercio<\/strong><\/a><\/li>\n<\/ul>\n<p><strong>M\u00e1s de 2.000 persones movilicense en Xix\u00f3n polos derechos LGTBIQ+ nel D\u00eda del Arguyu.<\/strong> El fechu de qu&#8217;Asturies ent\u00e1 nun tenga una llei espec\u00edfica foi motivu de cr\u00edtica n&#8217;una manifestaci\u00f3n que record\u00f3&#8217;l 20 aniversariu de l&#8217;aprobaci\u00f3n del matrimoniu igualitariu y que proclam\u00f3 la diversid\u00e1 frente a \u00abquien nun quieren que faigamos ruiu\u00bb<\/p>\n<p style=\"text-align: center\"><a href=\"https:\/\/s3.ppllstatics.com\/elcomercio\/www\/multimedia\/2025\/06\/28\/orgullo%20ms%20barullo-U01717322755THy-1200x851@El%20Comercio.jpg\"><img loading=\"lazy\" decoding=\"async\" class=\"aligncenter size-large\" src=\"https:\/\/s3.ppllstatics.com\/elcomercio\/www\/multimedia\/2025\/06\/28\/orgullo%20ms%20barullo-U01717322755THy-1200x851@El%20Comercio.jpg\" width=\"1200\" height=\"851\" \/><\/a><\/p>\n<p>Venti a\u00f1os dempu\u00e9s de que se fixera hestoria\u00bb cola aprobaci\u00f3n del matrimoniu igualitariu n&#8217;Espa\u00f1a, <strong>Asturies \u00absigue ensin cuntar con una llei LGTBIQ+<\/strong>\u00bb. Ye, ello ye que la \u00fanica comunid\u00e1 aut\u00f3noma, xuntu con Castiella y Lli\u00f3n, qu&#8217;inda nun desenvolvi\u00f3 una normativa territorial espec\u00edfica. Y esta circunstancia tuvo bien presente na manifestaci\u00f3n que se celebr\u00f3 esti s\u00e1badu en Xix\u00f3n con motivu del D\u00eda del Arguyu: <strong>\u00abYe una verg\u00fcenza. Basta y\u00e1 de retrasos, duldes, torgues y resistencies\u00bb.<\/strong><\/p>\n<p>El colectivu reclama, y asina lo fixo constar tantu nes pancartes esplegaes como nel manifiestu que se lle\u00f3 na plaza Mayor,<strong> \u00abuna llei auton\u00f3mica que garantice los derechos y la protecci\u00f3n real de les persones LGTBI+\u00bb<\/strong> frente a la discriminaci\u00f3n y la homofobia esistentes na socied\u00e1 y les instituciones. El Gobiernu auton\u00f3micu \u2013que tuvo represent\u00e1u na manifestaci\u00f3n pola viceconseyera de Derechos Ciudadanos y pola directora de Participaci\u00f3n y Diversid\u00e1 Sexual, comprometi\u00f3se a saldar esta delda\u00bb nes pr\u00f3ximes selmanes. Pero eso nun rest\u00f3 nin un \u00e1pide d&#8217;intensid\u00e1 a una reivindicaci\u00f3n qu&#8217;ent\u00e1 tien que pasar pol Parlamentu asturianu. \u00abNon m\u00e1s promeses, la llei sobro la mesa\u00bb, clamaben los manifestantes.<\/p>\n<p>&nbsp;<\/p>\n<\/div>\n","protected":false},"excerpt":{"rendered":"<p>Fonte: web ENTREVISTA\u00a0\u00a0 \/ fusionasturias\u00a0 Guerrera en m\u00faltiples debates y batallas, @yosunealvarezescritora, presidenta de @xega.ast, tiene tras sus espaldas muchos a\u00f1os de militancia LGTB \ud83c\udff3\ufe0f\u200d\ud83c\udf08. Sabe que, por desgracia, llue\u00f1e de menguar av\u00e9rense tiempos dif\u00edciles para la iguald\u00e1. En plenu rifirrafe col Conceyu del so quer\u00edu Xix\u00f3n, pon tol so enfotu en cerrar per tolo [&hellip;]<\/p>\n","protected":false},"author":117,"featured_media":0,"comment_status":"closed","ping_status":"open","sticky":false,"template":"","format":"standard","meta":{"footnotes":""},"categories":[6,301],"tags":[],"class_list":["post-51889","post","type-post","status-publish","format-standard","hentry","category-dia-de","category-lgbtiq"],"_links":{"self":[{"href":"https:\/\/edublog.educastur.es\/ixuxu\/wp-json\/wp\/v2\/posts\/51889","targetHints":{"allow":["GET"]}}],"collection":[{"href":"https:\/\/edublog.educastur.es\/ixuxu\/wp-json\/wp\/v2\/posts"}],"about":[{"href":"https:\/\/edublog.educastur.es\/ixuxu\/wp-json\/wp\/v2\/types\/post"}],"author":[{"embeddable":true,"href":"https:\/\/edublog.educastur.es\/ixuxu\/wp-json\/wp\/v2\/users\/117"}],"replies":[{"embeddable":true,"href":"https:\/\/edublog.educastur.es\/ixuxu\/wp-json\/wp\/v2\/comments?post=51889"}],"version-history":[{"count":5,"href":"https:\/\/edublog.educastur.es\/ixuxu\/wp-json\/wp\/v2\/posts\/51889\/revisions"}],"predecessor-version":[{"id":51930,"href":"https:\/\/edublog.educastur.es\/ixuxu\/wp-json\/wp\/v2\/posts\/51889\/revisions\/51930"}],"wp:attachment":[{"href":"https:\/\/edublog.educastur.es\/ixuxu\/wp-json\/wp\/v2\/media?parent=51889"}],"wp:term":[{"taxonomy":"category","embeddable":true,"href":"https:\/\/edublog.educastur.es\/ixuxu\/wp-json\/wp\/v2\/categories?post=51889"},{"taxonomy":"post_tag","embeddable":true,"href":"https:\/\/edublog.educastur.es\/ixuxu\/wp-json\/wp\/v2\/tags?post=51889"}],"curies":[{"name":"wp","href":"https:\/\/api.w.org\/{rel}","templated":true}]}}