{"id":51904,"date":"2025-06-29T08:30:03","date_gmt":"2025-06-29T06:30:03","guid":{"rendered":"https:\/\/edublog.educastur.es\/ixuxu\/?p=51904"},"modified":"2025-06-29T09:55:36","modified_gmt":"2025-06-29T07:55:36","slug":"51904","status":"publish","type":"post","link":"https:\/\/edublog.educastur.es\/ixuxu\/2025\/06\/51904\/","title":{"rendered":"El tiempu (El Comercio)"},"content":{"rendered":"<p style=\"text-align: center\"><a href=\"https:\/\/s2.ppllstatics.com\/elcomercio\/www\/multimedia\/2025\/06\/28\/tiempo-asturias-ola-calor-domingo-kODC-U2301948938566Ca-1200x860@El%20Comercio.jpg\"><img loading=\"lazy\" decoding=\"async\" class=\"aligncenter size-large\" src=\"https:\/\/s2.ppllstatics.com\/elcomercio\/www\/multimedia\/2025\/06\/28\/tiempo-asturias-ola-calor-domingo-kODC-U2301948938566Ca-1200x860@El%20Comercio.jpg\" width=\"1200\" height=\"860\" \/><\/a><\/p>\n<p>Esperamos una xornada bien calorosa en pr\u00e1cticamente tol Princip\u00e1u. Ye por ello polo que l&#8217;Axencia Estatal de Meteorolox\u00eda va activar l<strong>&#8216;avisu mariellu a partir de les 13 hores<\/strong> tantu nel suroccidente, como nel cordal y na zona central d&#8217;Asturies.<strong> Les temperatures m\u00e1ximes<\/strong> podr\u00eden llegar a algamar, ya inclusive superar, los 34 \u00baC. En cuanto al est\u00e1u de los<strong> cielos<\/strong>, esperamos cielos pocu nublos o estenos na met\u00e1 sur, ente que na met\u00e1 norte va amanecer con nubes baxes. Asina tou, esta nubosidad r\u00e1pido va dise estenando siendo nam\u00e1 na mari\u00f1a onde m\u00e1s-y costar abrir.<\/p>\n<p><strong>A lo llargo de la tarde<\/strong> va entrar nubosidad d&#8217;evoluci\u00f3n dende&#8217;l cordal que podr\u00eda dexar bastios tormentosos y acompa\u00f1aos de xarazo. El suroeste y el cordal va tar tami\u00e9n so avisu mariellu pola posibilid\u00e1 de diches nubes, anque podr\u00eden afectar a otros puntos de la rex\u00f3n.<strong> Los vientos<\/strong> van ser fluexos.<\/p>\n<p><!--more--><\/p>\n<p><strong>El llunes<\/strong> va ser otru d\u00eda bien calorosu onde volver\u00e1 activase l&#8217;avisu por calor nos mesmos sectores por temperatures que podr\u00eden algamar los 34 \u00baC y, inclusive, nel suroeste podr\u00eden superar los 36 \u00baC. Tami\u00e9n va haber posibilid\u00e1 de bastios tormentosos<\/p>\n","protected":false},"excerpt":{"rendered":"<p>Esperamos una xornada bien calorosa en pr\u00e1cticamente tol Princip\u00e1u. Ye por ello polo que l&#8217;Axencia Estatal de Meteorolox\u00eda va activar l&#8216;avisu mariellu a partir de les 13 hores tantu nel suroccidente, como nel cordal y na zona central d&#8217;Asturies. Les temperatures m\u00e1ximes podr\u00eden llegar a algamar, ya inclusive superar, los 34 \u00baC. En cuanto al [&hellip;]<\/p>\n","protected":false},"author":117,"featured_media":0,"comment_status":"closed","ping_status":"open","sticky":false,"template":"","format":"standard","meta":{"footnotes":""},"categories":[5],"tags":[],"class_list":["post-51904","post","type-post","status-publish","format-standard","hentry","category-tiempu"],"_links":{"self":[{"href":"https:\/\/edublog.educastur.es\/ixuxu\/wp-json\/wp\/v2\/posts\/51904","targetHints":{"allow":["GET"]}}],"collection":[{"href":"https:\/\/edublog.educastur.es\/ixuxu\/wp-json\/wp\/v2\/posts"}],"about":[{"href":"https:\/\/edublog.educastur.es\/ixuxu\/wp-json\/wp\/v2\/types\/post"}],"author":[{"embeddable":true,"href":"https:\/\/edublog.educastur.es\/ixuxu\/wp-json\/wp\/v2\/users\/117"}],"replies":[{"embeddable":true,"href":"https:\/\/edublog.educastur.es\/ixuxu\/wp-json\/wp\/v2\/comments?post=51904"}],"version-history":[{"count":3,"href":"https:\/\/edublog.educastur.es\/ixuxu\/wp-json\/wp\/v2\/posts\/51904\/revisions"}],"predecessor-version":[{"id":51907,"href":"https:\/\/edublog.educastur.es\/ixuxu\/wp-json\/wp\/v2\/posts\/51904\/revisions\/51907"}],"wp:attachment":[{"href":"https:\/\/edublog.educastur.es\/ixuxu\/wp-json\/wp\/v2\/media?parent=51904"}],"wp:term":[{"taxonomy":"category","embeddable":true,"href":"https:\/\/edublog.educastur.es\/ixuxu\/wp-json\/wp\/v2\/categories?post=51904"},{"taxonomy":"post_tag","embeddable":true,"href":"https:\/\/edublog.educastur.es\/ixuxu\/wp-json\/wp\/v2\/tags?post=51904"}],"curies":[{"name":"wp","href":"https:\/\/api.w.org\/{rel}","templated":true}]}}