{"id":51948,"date":"2025-06-30T08:40:01","date_gmt":"2025-06-30T06:40:01","guid":{"rendered":"https:\/\/edublog.educastur.es\/ixuxu\/?p=51948"},"modified":"2025-06-30T09:42:24","modified_gmt":"2025-06-30T07:42:24","slug":"el-tiempu-el-comercio-81","status":"publish","type":"post","link":"https:\/\/edublog.educastur.es\/ixuxu\/2025\/06\/el-tiempu-el-comercio-81\/","title":{"rendered":"El tiempu (El Comercio)"},"content":{"rendered":"<p style=\"text-align: center\"><a href=\"https:\/\/s2.ppllstatics.com\/elcomercio\/www\/multimedia\/2025\/06\/29\/tiempo-asturias-calor-lunes-30-junio-kwnC-U2301948938566Ca-1200x860@El%20Comercio.jpg\"><img loading=\"lazy\" decoding=\"async\" class=\"aligncenter size-large\" src=\"https:\/\/s2.ppllstatics.com\/elcomercio\/www\/multimedia\/2025\/06\/29\/tiempo-asturias-calor-lunes-30-junio-kwnC-U2301948938566Ca-1200x860@El%20Comercio.jpg\" width=\"1200\" height=\"860\" \/><\/a><\/p>\n<p><strong>Esti domingu<\/strong> s&#8217;algamaron los 38 \u00baC n&#8217;Asturies, concretamente en Tin\u00e9u. La gran mayor\u00eda de poblaciones del interior superaron con facilid\u00e1 los 30 \u00baC, ente que na mari\u00f1a superaben los 25 \u00baC. <strong>Para&#8217;l llunes<\/strong> vamos encarar otru d\u00eda d&#8217;enforma calor na rex\u00f3n cuidao que l&#8217;Axencia Estatal de Meteorolox\u00eda volver\u00e1 activar a partir de les 13 hores l&#8217;avisu mariellu por altes temperatures hasta les 21 hores nel suroccidente, cordal y zona central d&#8217;Asturies. En cuanto al est\u00e1u de los cielos, vamos amanecer con nubes baxes na met\u00e1 norte y cielos m\u00e1s soleyeros escontra&#8217;l sur.<\/p>\n<p><!--more--><\/p>\n<p><strong>A lo llargo de la ma\u00f1ana<\/strong>, dir\u00e1n abri\u00e9ndose grandes escamplaes salvu na mari\u00f1a onde, a priori, va costar m\u00e1s trabayu que s&#8217;estenen los cielos pudiendo persistir la bruma. <strong>Pela tarde<\/strong> van apaecer nubes d&#8217;evoluci\u00f3n que van dexar bastios tormentosos nel interior. Tami\u00e9n por esta raz\u00f3n va tar activ\u00e1u l&#8217;avisu mariellu a partir del mediud\u00eda. Los vientos van ser fluexos polo xeneral salvu en momentos de nube nes zones afectaes.<\/p>\n<p><strong>El martes<\/strong> van empezar a baxar les temperatures pero va ser el mi\u00e9rcoles cuando baxen de forma estraordinaria y a dures penes cons\u00edganse algamar los 20 \u00baC.<\/p>\n","protected":false},"excerpt":{"rendered":"<p>Esti domingu s&#8217;algamaron los 38 \u00baC n&#8217;Asturies, concretamente en Tin\u00e9u. La gran mayor\u00eda de poblaciones del interior superaron con facilid\u00e1 los 30 \u00baC, ente que na mari\u00f1a superaben los 25 \u00baC. Para&#8217;l llunes vamos encarar otru d\u00eda d&#8217;enforma calor na rex\u00f3n cuidao que l&#8217;Axencia Estatal de Meteorolox\u00eda volver\u00e1 activar a partir de les 13 hores [&hellip;]<\/p>\n","protected":false},"author":117,"featured_media":0,"comment_status":"closed","ping_status":"open","sticky":false,"template":"","format":"standard","meta":{"footnotes":""},"categories":[5],"tags":[],"class_list":["post-51948","post","type-post","status-publish","format-standard","hentry","category-tiempu"],"_links":{"self":[{"href":"https:\/\/edublog.educastur.es\/ixuxu\/wp-json\/wp\/v2\/posts\/51948","targetHints":{"allow":["GET"]}}],"collection":[{"href":"https:\/\/edublog.educastur.es\/ixuxu\/wp-json\/wp\/v2\/posts"}],"about":[{"href":"https:\/\/edublog.educastur.es\/ixuxu\/wp-json\/wp\/v2\/types\/post"}],"author":[{"embeddable":true,"href":"https:\/\/edublog.educastur.es\/ixuxu\/wp-json\/wp\/v2\/users\/117"}],"replies":[{"embeddable":true,"href":"https:\/\/edublog.educastur.es\/ixuxu\/wp-json\/wp\/v2\/comments?post=51948"}],"version-history":[{"count":3,"href":"https:\/\/edublog.educastur.es\/ixuxu\/wp-json\/wp\/v2\/posts\/51948\/revisions"}],"predecessor-version":[{"id":51951,"href":"https:\/\/edublog.educastur.es\/ixuxu\/wp-json\/wp\/v2\/posts\/51948\/revisions\/51951"}],"wp:attachment":[{"href":"https:\/\/edublog.educastur.es\/ixuxu\/wp-json\/wp\/v2\/media?parent=51948"}],"wp:term":[{"taxonomy":"category","embeddable":true,"href":"https:\/\/edublog.educastur.es\/ixuxu\/wp-json\/wp\/v2\/categories?post=51948"},{"taxonomy":"post_tag","embeddable":true,"href":"https:\/\/edublog.educastur.es\/ixuxu\/wp-json\/wp\/v2\/tags?post=51948"}],"curies":[{"name":"wp","href":"https:\/\/api.w.org\/{rel}","templated":true}]}}