{"id":51952,"date":"2025-06-30T09:43:47","date_gmt":"2025-06-30T07:43:47","guid":{"rendered":"https:\/\/edublog.educastur.es\/ixuxu\/?p=51952"},"modified":"2025-06-30T09:57:26","modified_gmt":"2025-06-30T07:57:26","slug":"lamuravela-en-cuideiru","status":"publish","type":"post","link":"https:\/\/edublog.educastur.es\/ixuxu\/2025\/06\/lamuravela-en-cuideiru\/","title":{"rendered":"L&#8217;Amuravela en Cuideiru"},"content":{"rendered":"<p style=\"text-align: center\"><a href=\"https:\/\/s2.ppllstatics.com\/elcomercio\/www\/multimedia\/2025\/06\/29\/amuravela-cudillero-pardo%20(18).jpg\"><img loading=\"lazy\" decoding=\"async\" class=\"aligncenter size-large\" src=\"https:\/\/s2.ppllstatics.com\/elcomercio\/www\/multimedia\/2025\/06\/29\/amuravela-cudillero-pardo%20(18).jpg\" width=\"1920\" height=\"1280\" \/><\/a><\/p>\n<p>Cuideiru enllen\u00f3se para siguir deb\u00fa de Juan Luis Fern\u00e1ndez recitando&#8217;l tradicional serm\u00f3n laicu n&#8217;honor a San Pedro.<\/p>\n<ul>\n<li>Fonte:<a href=\"https:\/\/www.elcomercio.es\/asturias\/cudillero-vive-amuravela-multitudinaria-san-pedro-20250629170139-ga.html\"> El Comercio<\/a><\/li>\n<\/ul>\n<p><!--more--><\/p>\n<p style=\"text-align: center\"><a href=\"https:\/\/s3.ppllstatics.com\/elcomercio\/www\/multimedia\/2025\/06\/29\/amuravela-cudillero-pardo%20(17).jpg\"><img loading=\"lazy\" decoding=\"async\" class=\"aligncenter size-large\" src=\"https:\/\/s3.ppllstatics.com\/elcomercio\/www\/multimedia\/2025\/06\/29\/amuravela-cudillero-pardo%20(17).jpg\" width=\"1920\" height=\"1280\" \/><\/a><\/p>\n<p style=\"text-align: center\"><a href=\"https:\/\/s3.ppllstatics.com\/elcomercio\/www\/multimedia\/2025\/06\/29\/amuravela-cudillero-pardo%20(2).jpg\"><img loading=\"lazy\" decoding=\"async\" class=\"aligncenter size-large\" src=\"https:\/\/s3.ppllstatics.com\/elcomercio\/www\/multimedia\/2025\/06\/29\/amuravela-cudillero-pardo%20(2).jpg\" width=\"1920\" height=\"1280\" \/><\/a><\/p>\n<p style=\"text-align: center\">\n","protected":false},"excerpt":{"rendered":"<p>Cuideiru enllen\u00f3se para siguir deb\u00fa de Juan Luis Fern\u00e1ndez recitando&#8217;l tradicional serm\u00f3n laicu n&#8217;honor a San Pedro. Fonte: El Comercio<\/p>\n","protected":false},"author":117,"featured_media":0,"comment_status":"closed","ping_status":"open","sticky":false,"template":"","format":"standard","meta":{"footnotes":""},"categories":[21],"tags":[],"class_list":["post-51952","post","type-post","status-publish","format-standard","hentry","category-fiestes"],"_links":{"self":[{"href":"https:\/\/edublog.educastur.es\/ixuxu\/wp-json\/wp\/v2\/posts\/51952","targetHints":{"allow":["GET"]}}],"collection":[{"href":"https:\/\/edublog.educastur.es\/ixuxu\/wp-json\/wp\/v2\/posts"}],"about":[{"href":"https:\/\/edublog.educastur.es\/ixuxu\/wp-json\/wp\/v2\/types\/post"}],"author":[{"embeddable":true,"href":"https:\/\/edublog.educastur.es\/ixuxu\/wp-json\/wp\/v2\/users\/117"}],"replies":[{"embeddable":true,"href":"https:\/\/edublog.educastur.es\/ixuxu\/wp-json\/wp\/v2\/comments?post=51952"}],"version-history":[{"count":4,"href":"https:\/\/edublog.educastur.es\/ixuxu\/wp-json\/wp\/v2\/posts\/51952\/revisions"}],"predecessor-version":[{"id":51956,"href":"https:\/\/edublog.educastur.es\/ixuxu\/wp-json\/wp\/v2\/posts\/51952\/revisions\/51956"}],"wp:attachment":[{"href":"https:\/\/edublog.educastur.es\/ixuxu\/wp-json\/wp\/v2\/media?parent=51952"}],"wp:term":[{"taxonomy":"category","embeddable":true,"href":"https:\/\/edublog.educastur.es\/ixuxu\/wp-json\/wp\/v2\/categories?post=51952"},{"taxonomy":"post_tag","embeddable":true,"href":"https:\/\/edublog.educastur.es\/ixuxu\/wp-json\/wp\/v2\/tags?post=51952"}],"curies":[{"name":"wp","href":"https:\/\/api.w.org\/{rel}","templated":true}]}}