{"id":51959,"date":"2025-06-30T08:20:37","date_gmt":"2025-06-30T06:20:37","guid":{"rendered":"https:\/\/edublog.educastur.es\/ixuxu\/?p=51959"},"modified":"2025-06-30T10:51:31","modified_gmt":"2025-06-30T08:51:31","slug":"estau-del-tiempu-llunes-30-xunu","status":"publish","type":"post","link":"https:\/\/edublog.educastur.es\/ixuxu\/2025\/06\/estau-del-tiempu-llunes-30-xunu\/","title":{"rendered":"Est\u00e1u del tiempu: llunes 30 xunu"},"content":{"rendered":"<div class=\"xu06os2 x1ok221b\">\n<div class=\"html-div xdj266r x14z9mp xat24cr x1lziwak xexx8yu xyri2b x18d9i69 x1c1uobl\" data-ad-rendering-role=\"profile_name\">\n<ul>\n<li id=\"_r_di_\" class=\"html-h2 x14z9mp xat24cr x1lziwak xexx8yu xyri2b x18d9i69 x1c1uobl x1vvkbs x1heor9g x1qlqyl8 x1pd3egz x1a2a7pz x1gslohp x1yc453h\"><span class=\"xt0psk2\"><span class=\"xjp7ctv\"><a class=\"x1i10hfl xjbqb8w x1ejq31n x18oe1m7 x1sy0etr xstzfhl x972fbf x10w94by x1qhh985 x14e42zd x9f619 x1ypdohk xt0psk2 xe8uvvx xdj266r x14z9mp xat24cr x1lziwak xexx8yu xyri2b x18d9i69 x1c1uobl x16tdsg8 x1hl2dhg xggy1nq x1a2a7pz xkrqix3 x1sur9pj xzsf02u x1s688f\" role=\"link\" href=\"https:\/\/www.facebook.com\/eltiempuenasturies?__cft__[0]=AZWtImK8czYv-EO_sNPwnl4kPCpoH9r6ZFKw7detsLMRYZsYwGfnBz9uUt7W3CWtz8KMAz4uqitJdQR89wNcwWfyfcxQXqCi8rP6eHFkkts_3WrnkQe_lv0il7_Ht797GsZ-mKq8V-24bspe61-j7xuttX9W0nKbp0aZ0Gy3y3HUXckkpMD2ZdfVyJrF0ee_2oLY2xf-yt52XOJy5diQSAni&amp;__tn__=-UC%2CP-R\"><strong class=\"html-strong xdj266r x14z9mp xat24cr x1lziwak xexx8yu xyri2b x18d9i69 x1c1uobl x1hl2dhg x16tdsg8 x1vvkbs x1s688f\"><span class=\"html-span xdj266r x14z9mp xat24cr x1lziwak xexx8yu xyri2b x18d9i69 x1c1uobl x1hl2dhg x16tdsg8 x1vvkbs\">El Tiempu n&#8217;Asturies.<\/span><\/strong><\/a><\/span><\/span><\/li>\n<\/ul>\n<\/div>\n<\/div>\n<div class=\"xu06os2 x1ok221b\"><\/div>\n<div class=\"html-div xdj266r x14z9mp xat24cr x1lziwak xexx8yu xyri2b x18d9i69 x1c1uobl\" dir=\"auto\">\n<div class=\"html-div xdj266r x14z9mp xat24cr x1lziwak xexx8yu xyri2b x18d9i69 x1c1uobl\" data-ad-rendering-role=\"story_message\">\n<div id=\"_r_dk_\" class=\"x1l90r2v x1iorvi4 x1g0dm76 xpdmqnj\" data-ad-comet-preview=\"message\" data-ad-preview=\"message\">\n<div class=\"x78zum5 xdt5ytf xz62fqu x16ldp7u\">\n<div class=\"xu06os2 x1ok221b\">\n<div class=\"html-div xdj266r x14z9mp xat24cr x1lziwak xexx8yu xyri2b x18d9i69 x1c1uobl\">\n<div class=\"x14z9mp xat24cr x1lziwak x1vvkbs xtlvy1s x126k92a\">\n<ul>\n<li dir=\"auto\"><span style=\"color: #008080\"><strong>Alborecemos<\/strong><\/span> con escasa nubosid\u00e1 na mayor parte d&#8217;Asturies, sicas\u00ed na costa&#8217;l borr\u00edn y la nublina sigue pegada n&#8217;\u00e9lla con unes temperatures que tan alrodiu de los 19\u00baC, rexistr\u00e1ndose nel puirtu Payares 18,6\u00baC.<\/li>\n<\/ul>\n<\/div>\n<div class=\"x14z9mp xat24cr x1lziwak x1vvkbs xtlvy1s x126k92a\">\n<ul>\n<li dir=\"auto\"><span style=\"color: #008080\"><strong>G\u00fcei<\/strong> <\/span>vamos tener el cielu poco nuboso pela ma\u00f1ana, am\u00e1s les nublines de la costa van dir dixebr\u00e1ndose a lu llargu la ma\u00f1ana anque a media tarde tornar\u00e1n a surdir de nuevu, mentantu nel interior van dir medrando les nubes de desendolque que puen dexar dalg\u00fan xarabatu de calter tormentosu na fastera surocidental d&#8217;Asturies con unes temperatures que van seguir siendo mui altes nel interior con m\u00e1simes perriba de los 30\u00baC, m\u00e1s contenies pela costa por mor de les nublines de advenci\u00f3n.<\/li>\n<\/ul>\n<p><!--more--><\/p>\n<\/div>\n<div class=\"x14z9mp xat24cr x1lziwak x1vvkbs xtlvy1s x126k92a\">\n<ul>\n<li dir=\"auto\"><span style=\"color: #008080\"><strong>Ma\u00f1ana martes<\/strong> <\/span>les nubes baxes van dir ganando terr\u00e9n na met\u00e1 norte d&#8217;Asturies tando m\u00e1s escampl\u00e1u hacia&#8217;l sur anque pela tarde volver\u00e1n a surdir nubes de desendolque per esa fastera con unes temperatures qu&#8217;anicien un descensu.<\/li>\n<\/ul>\n<\/div>\n<div class=\"x14z9mp xat24cr x1lziwak x1vvkbs xtlvy1s x126k92a\">\n<ul>\n<li dir=\"auto\"><strong><span style=\"color: #008080\">El mi\u00e9rcoles<\/span> <\/strong>camudu radical de tiempu con nubosid\u00e1 abondosa y precipitaciones xeneralizaes pero de calter feble en xeneral con unes temperatures en descensu bultable y y\u00e1 con m\u00e1simes que malpenes sobrepasar\u00e1n los 20\u00baC.<\/li>\n<\/ul>\n<\/div>\n<div class=\"x14z9mp xat24cr x1lziwak x1vvkbs xtlvy1s x126k92a\">\n<ul>\n<li dir=\"auto\"><strong><span style=\"color: #008080\">El xueves<\/span> <\/strong>va seguir mui nuboso pero les precipitaciones van tender a reducise o desaparecer con un ascensu llixeru de les temperatures y paez que&#8217;l vienres y s\u00e1badu volveremos a ver el sol pero con temperatures m\u00e1s afayaices con m\u00e1simes alrodiu de los 25\u00baC.<\/li>\n<\/ul>\n<\/div>\n<\/div>\n<\/div>\n<\/div>\n<\/div>\n<\/div>\n<\/div>\n<p>&nbsp;<\/p>\n","protected":false},"excerpt":{"rendered":"<p>El Tiempu n&#8217;Asturies. Alborecemos con escasa nubosid\u00e1 na mayor parte d&#8217;Asturies, sicas\u00ed na costa&#8217;l borr\u00edn y la nublina sigue pegada n&#8217;\u00e9lla con unes temperatures que tan alrodiu de los 19\u00baC, rexistr\u00e1ndose nel puirtu Payares 18,6\u00baC. G\u00fcei vamos tener el cielu poco nuboso pela ma\u00f1ana, am\u00e1s les nublines de la costa van dir dixebr\u00e1ndose a lu [&hellip;]<\/p>\n","protected":false},"author":117,"featured_media":0,"comment_status":"closed","ping_status":"open","sticky":false,"template":"","format":"standard","meta":{"footnotes":""},"categories":[5],"tags":[],"class_list":["post-51959","post","type-post","status-publish","format-standard","hentry","category-tiempu"],"_links":{"self":[{"href":"https:\/\/edublog.educastur.es\/ixuxu\/wp-json\/wp\/v2\/posts\/51959","targetHints":{"allow":["GET"]}}],"collection":[{"href":"https:\/\/edublog.educastur.es\/ixuxu\/wp-json\/wp\/v2\/posts"}],"about":[{"href":"https:\/\/edublog.educastur.es\/ixuxu\/wp-json\/wp\/v2\/types\/post"}],"author":[{"embeddable":true,"href":"https:\/\/edublog.educastur.es\/ixuxu\/wp-json\/wp\/v2\/users\/117"}],"replies":[{"embeddable":true,"href":"https:\/\/edublog.educastur.es\/ixuxu\/wp-json\/wp\/v2\/comments?post=51959"}],"version-history":[{"count":1,"href":"https:\/\/edublog.educastur.es\/ixuxu\/wp-json\/wp\/v2\/posts\/51959\/revisions"}],"predecessor-version":[{"id":51960,"href":"https:\/\/edublog.educastur.es\/ixuxu\/wp-json\/wp\/v2\/posts\/51959\/revisions\/51960"}],"wp:attachment":[{"href":"https:\/\/edublog.educastur.es\/ixuxu\/wp-json\/wp\/v2\/media?parent=51959"}],"wp:term":[{"taxonomy":"category","embeddable":true,"href":"https:\/\/edublog.educastur.es\/ixuxu\/wp-json\/wp\/v2\/categories?post=51959"},{"taxonomy":"post_tag","embeddable":true,"href":"https:\/\/edublog.educastur.es\/ixuxu\/wp-json\/wp\/v2\/tags?post=51959"}],"curies":[{"name":"wp","href":"https:\/\/api.w.org\/{rel}","templated":true}]}}