{"id":5197,"date":"2021-04-06T09:00:18","date_gmt":"2021-04-06T07:00:18","guid":{"rendered":"https:\/\/edublog.educastur.es\/ixuxu\/?p=5197"},"modified":"2021-04-10T17:40:27","modified_gmt":"2021-04-10T15:40:27","slug":"dia-mundial-de-lactivida-fisica","status":"publish","type":"post","link":"https:\/\/edublog.educastur.es\/ixuxu\/2021\/04\/dia-mundial-de-lactivida-fisica\/","title":{"rendered":"D\u00eda Mundial de l\u00b4Activid\u00e1 F\u00edsica"},"content":{"rendered":"<p><a href=\"https:\/\/www.astursalud.es\/documents\/31867\/237711\/Cartel_6abril_DM_ActiFisica_2019.jpg\/f30f6076-10a5-5914-6b29-1a27e424dc1f?t=1554207620050\"><img loading=\"lazy\" decoding=\"async\" class=\"alignnone\" src=\"https:\/\/www.astursalud.es\/documents\/31867\/237711\/Cartel_6abril_DM_ActiFisica_2019.jpg\/f30f6076-10a5-5914-6b29-1a27e424dc1f?t=1554207620050\" alt=\"\" width=\"261\" height=\"369\" \/><\/a> \/ <a href=\"https:\/\/www.educastur.es\/documents\/10531\/579217\/2017-04_efemeride_dia-act-fisica_700.jpg\/dadb8de3-3669-4c72-8e65-e545184f84d3?t=1491385388183\"><img loading=\"lazy\" decoding=\"async\" class=\"alignnone\" src=\"https:\/\/www.educastur.es\/documents\/10531\/579217\/2017-04_efemeride_dia-act-fisica_700.jpg\/dadb8de3-3669-4c72-8e65-e545184f84d3?t=1491385388183\" alt=\"\" width=\"317\" height=\"184\" \/><\/a><\/p>\n<p>Asociada al D\u00eda Mundial de la Sal\u00fa, que se celebra cada a\u00f1u&#8217;l 7 d&#8217;abril, l\u00b4OMS promueve ente los sos estaos socios la celebraci\u00f3n del <span style=\"color: #008080\"><strong>D\u00eda Mundial de l&#8217;Activid\u00e1 F\u00edsica<\/strong><\/span> acald\u00eda 6 d&#8217;abril.<\/p>\n<p>Nel so compromisu cola sal\u00fa de la poblaci\u00f3n asturiana la Direcci\u00f3n Xeneral de Sal\u00fa P\u00fablica de la Conseyer\u00eda de Sanid\u00e1 del Princip\u00e1u d&#8217;Asturies s\u00famase un a\u00f1u m\u00e1s a esta celebraci\u00f3n coles mires d&#8217;aunir esfuerzos y revertir los porcentaxes d&#8217;inactivid\u00e1.<\/p>\n<blockquote>\n<p style=\"text-align: center\"><span style=\"color: #008080\"><strong><em><span style=\"font-size: 20px\">Oxetivu: vivir m\u00e1s y meyor<\/span><\/em><\/strong><\/span><\/p>\n<\/blockquote>\n<p><!--more--><\/p>\n<p>El D\u00eda Mundial de l&#8217;Activid\u00e1 F\u00edsica tuvo dende la so nacencia un oxetivu claru: la sensibilizaci\u00f3n de la poblaci\u00f3n para crear una cultura participativa de vida activa saludable.<\/p>\n<p>Promocionar l&#8217;activid\u00e1 f\u00edsica non solo ye una urxente priorid\u00e1 de sal\u00fa p\u00fablica, sin\u00f3n qu&#8217;am\u00e1s representa una de les inversiones non sanitaries m\u00e1s acertaes y necesaries, porque coles mesmes qu&#8217;ameyoren la sal\u00fa de la poblaci\u00f3n aumenta la rentabilid\u00e1 del sistema sanitariu. Para l\u00b4OMS, l&#8217;activid\u00e1 f\u00edsica ye la forma m\u00e1s senciella y econ\u00f3mica de prevenir enfermedaes y ameyorar la sal\u00fa.<\/p>\n<p>Estudios epidemiol\u00f3xicos demuestren que les persones f\u00edsicamente actives tienen menos probabilid\u00e1 de sufrir enfermedaes cr\u00f3niques como cardiopat\u00eda coronaria, hipertensi\u00f3n arterial, accidentes vasculares, cerebrales, diabetes, c\u00e1ncer de colon y de mama, depresi\u00f3n; tami\u00e9n tienen menos riesgu de sufrir cay\u00edes y quebres vertebrales o de cadril y mayor probabilid\u00e1 de caltener un pesu saludable.<\/p>\n<p><span style=\"color: #008080\"><strong>Contra&#8217;l sedentarismu. <\/strong><\/span>La socied\u00e1 tien de llegar a atalantar que el sedentarismu ye la principal causa b\u00e1sica d&#8217;enfermed\u00e1 y discapacid\u00e1, responsable de m\u00e1s de dos millones de muertes al a\u00f1u y el cuartu factor de riesgu m\u00e1s importante de la mortalid\u00e1 mundial. La llucha contra&#8217;l sedentarismu hai de ser constante y permanente porque, a pesar de que nestos postreros 15 a\u00f1os la socied\u00e1 tom\u00f3 mayor conciencia y rellaciona l&#8217;activid\u00e1 f\u00edsica cola sal\u00fa, el 60% de la poblaci\u00f3n mundial y el 70% de la poblaci\u00f3n europea nun tien una activid\u00e1 f\u00edsica abonda como por que redunde en beneficios para&#8217;l so sal\u00fa.<\/p>\n<p><strong><span style=\"color: #008080\">Encamientos b\u00e1sicos. <\/span><\/strong>Por que l&#8217;activid\u00e1 f\u00edsica s\u00eda saludable l&#8217;encamientu ye qu&#8217;hai de ser regular, moderada y brengosa. Nos adultos encami\u00e9ntense 30 min diarios o 75 min selmanales, si l&#8217;activid\u00e1 ye brengosa, \u00f3 150 min selmanales si ye moderada. Un mayor tiempu d&#8217;activid\u00e1 siempres reporta mayores beneficios para la sal\u00fa, sicas\u00ed, m\u00e1s all\u00e1 de 300 min selmanales, nun hai evidencia de que&#8217;l beneficiu aumente.<\/p>\n<p>Na infancia y adolescencia l&#8217;encamientu ye que l&#8217;activid\u00e1 f\u00edsica diaria s\u00eda de 60 min, part\u00edos ente actividaes rutinaries, programaes y recreatives. Nestes edaes promover una activid\u00e1 f\u00edsica saludable non solo contrib\u00fai a amenorgar el riesgu d&#8217;obesid\u00e1 y sobrepesu, sin\u00f3n qu&#8217;am\u00e1s favorez la sociabilid\u00e1, el desenvolvimientu f\u00edsicu ya intelectual.<\/p>\n<p>La Direcci\u00f3n Xeneral de Sal\u00fa P\u00fablica de la Conseyer\u00eda de Sanid\u00e1 del Princip\u00e1u d&#8217;Asturies estima&#8217;l trabayu y la participaci\u00f3n de tolos axentes sociales, Conceyos, Centros educativos, sociales y de sal\u00fa que d\u00eda ente d\u00eda s&#8217;esforcien en consiguir que la VIDA de los asturianos s\u00eda cada vez m\u00e1s ACTIVA y SALUDABLE.<\/p>\n<p>M\u00e1s informaci\u00f3n.\u00a0<span style=\"font-size: 20px\"><em><a href=\"https:\/\/www.astursalud.es\/noticias\/-\/noticias\/actividad-fisica-por-tu-salud-mueve-1\"> <span style=\"color: #008080\"><strong>Activid\u00e1 f\u00edsica. Pol to sal\u00fa, mu\u00e9vite (Astursalud)<\/strong><\/span><\/a><\/em><\/span><\/p>\n<hr \/>\n<p><strong>\u00a0D\u00eda Mundial de la Actividad F\u00edsica. Conmemoraciones:<\/strong><\/p>\n<ul>\n<li><a href=\"https:\/\/www.astursalud.es\/noticias\/-\/noticias\/dia-mundial-de-la-actividad-fisica-2019\" target=\"_blank\" rel=\"noopener\">D\u00eda Mundial de la Actividad Fisica 2019<\/a><\/li>\n<li><a href=\"https:\/\/www.astursalud.es\/noticias\/-\/noticias\/dia-mundial-de-la-actividad-fisica\" target=\"_blank\" rel=\"noopener\">D\u00eda Mundial de la Actividad Fisica 2018<\/a><\/li>\n<li><a href=\"https:\/\/www.astursalud.es\/noticias\/-\/noticias\/dia-mundial-de-la-actividad-fisica-2017\">D\u00eda Mundial de la Actividad F\u00edsica 2017<\/a><\/li>\n<li><a href=\"https:\/\/www.astursalud.es\/noticias\/-\/noticias\/dia-mundial-de-la-actividad-fisica-2016\" target=\"_blank\" rel=\"noopener\">D\u00eda Mundial de la Actividad F\u00edsica 2016<\/a><\/li>\n<\/ul>\n<p><strong>Cuida tu coraz\u00f3n. Prevenci\u00f3n de las enfermedades cardiovaculares.<\/strong> Vida activa, comida sana con poca sal, evitar tabaco y alcohol.<\/p>\n<div>\n<ul>\n<li>2017\u00a0\u00a0 <strong><a href=\"https:\/\/www.astursalud.es\/documents\/31867\/237913\/cartelcorazon2017.pdf\/e493a64f-390e-92fd-ae16-17bfd1dd7549\">Cartel<\/a><\/strong><\/li>\n<li>2016\u00a0\u00a0 <a href=\"https:\/\/www.astursalud.es\/documents\/31867\/237855\/Cartel+D%C3%ADa+Mundial+del+Coraz%C3%B3n+2016.pdf\/a52ffdf7-cd7e-6ba6-d5b4-7a146d5da4ed\"><strong>Cartel<\/strong><\/a><\/li>\n<li>2015 \u00a0<strong> <a href=\"https:\/\/www.astursalud.es\/documents\/31867\/899643\/cartelcorazon2015.pdf\/771c1ec3-2e97-7b65-bc08-cf3f23a076d8\">Cartel<\/a>\u00a0\u00a0 <a href=\"https:\/\/www.astursalud.es\/documents\/31867\/943169\/Folleto+D%C3%ADa+Mundial+del+Corazon+2015.pdf\/9f7b248d-7a16-4d15-8573-b7e9f8bbf482\">Folleto<\/a><\/strong><\/li>\n<li>2014 \u00a0<a href=\"https:\/\/www.astursalud.es\/documents\/31867\/899643\/Cartel+D%C3%ADa+Mundial+del+Coraz%C3%B3n+2014.pdf\/89ac6756-9f27-e86e-95db-cb7d091ab7ca\"> <strong>Cartel<\/strong><\/a><\/li>\n<\/ul>\n<p><strong>Bicicleta como uso de medio de movilidad saludable<\/strong> y de promocion de la actividad f\u00edsica<\/p>\n<ul>\n<li><strong><a href=\"https:\/\/www.astursalud.es\/documents\/31867\/899672\/Bici+Movilidad+saludable.7z\/b6cae7a4-80c9-b237-c78e-17b2badd8f96\" target=\"_blank\" rel=\"noopener\">Campa\u00f1as de difusi\u00f3n del uso de la bici<\/a><\/strong><\/li>\n<\/ul>\n<\/div>\n","protected":false},"excerpt":{"rendered":"<p>\/ Asociada al D\u00eda Mundial de la Sal\u00fa, que se celebra cada a\u00f1u&#8217;l 7 d&#8217;abril, l\u00b4OMS promueve ente los sos estaos socios la celebraci\u00f3n del D\u00eda Mundial de l&#8217;Activid\u00e1 F\u00edsica acald\u00eda 6 d&#8217;abril. Nel so compromisu cola sal\u00fa de la poblaci\u00f3n asturiana la Direcci\u00f3n Xeneral de Sal\u00fa P\u00fablica de la Conseyer\u00eda de Sanid\u00e1 del Princip\u00e1u [&hellip;]<\/p>\n","protected":false},"author":117,"featured_media":0,"comment_status":"open","ping_status":"open","sticky":false,"template":"","format":"standard","meta":{"footnotes":""},"categories":[6],"tags":[],"class_list":["post-5197","post","type-post","status-publish","format-standard","hentry","category-dia-de"],"_links":{"self":[{"href":"https:\/\/edublog.educastur.es\/ixuxu\/wp-json\/wp\/v2\/posts\/5197","targetHints":{"allow":["GET"]}}],"collection":[{"href":"https:\/\/edublog.educastur.es\/ixuxu\/wp-json\/wp\/v2\/posts"}],"about":[{"href":"https:\/\/edublog.educastur.es\/ixuxu\/wp-json\/wp\/v2\/types\/post"}],"author":[{"embeddable":true,"href":"https:\/\/edublog.educastur.es\/ixuxu\/wp-json\/wp\/v2\/users\/117"}],"replies":[{"embeddable":true,"href":"https:\/\/edublog.educastur.es\/ixuxu\/wp-json\/wp\/v2\/comments?post=5197"}],"version-history":[{"count":4,"href":"https:\/\/edublog.educastur.es\/ixuxu\/wp-json\/wp\/v2\/posts\/5197\/revisions"}],"predecessor-version":[{"id":5202,"href":"https:\/\/edublog.educastur.es\/ixuxu\/wp-json\/wp\/v2\/posts\/5197\/revisions\/5202"}],"wp:attachment":[{"href":"https:\/\/edublog.educastur.es\/ixuxu\/wp-json\/wp\/v2\/media?parent=5197"}],"wp:term":[{"taxonomy":"category","embeddable":true,"href":"https:\/\/edublog.educastur.es\/ixuxu\/wp-json\/wp\/v2\/categories?post=5197"},{"taxonomy":"post_tag","embeddable":true,"href":"https:\/\/edublog.educastur.es\/ixuxu\/wp-json\/wp\/v2\/tags?post=5197"}],"curies":[{"name":"wp","href":"https:\/\/api.w.org\/{rel}","templated":true}]}}