{"id":51987,"date":"2023-10-14T18:00:25","date_gmt":"2023-10-14T16:00:25","guid":{"rendered":"https:\/\/edublog.educastur.es\/ixuxu\/?p=51987"},"modified":"2025-06-30T19:10:56","modified_gmt":"2025-06-30T17:10:56","slug":"51987","status":"publish","type":"post","link":"https:\/\/edublog.educastur.es\/ixuxu\/2023\/10\/51987\/","title":{"rendered":"L&#8217;Asociaci\u00f3n reclama \u00abredolaes segures\u00bb nos centros educativos"},"content":{"rendered":"<p style=\"text-align: center\"><a href=\"https:\/\/estaticos-cdn.prensaiberica.es\/clip\/5caa4395-1ff7-4836-8237-00a1bf509576_16-9-discover-aspect-ratio_default_0.jpg\"><img loading=\"lazy\" decoding=\"async\" class=\"aligncenter size-large\" src=\"https:\/\/estaticos-cdn.prensaiberica.es\/clip\/5caa4395-1ff7-4836-8237-00a1bf509576_16-9-discover-aspect-ratio_default_0.jpg\" width=\"1200\" height=\"675\" \/><\/a><\/p>\n<div class=\"entry-content\">\n<ul>\n<li><a href=\"https:\/\/www.lne.es\/llanera\/2023\/10\/14\/colectivo-lgtbi-reclama-llanera-entornos-93344138.html\">Fuente: LNE<\/a> \/ Luc\u00eda Rodr\u00edguez \/\u00a0<a href=\"https:\/\/migijon.com\/posada-de-llanera-acoge-la-i-jornada-socioeducativa-de-atencion-y-apoyo-al-colectivo-lgtbi\/?fbclid=IwAR0051AQwgYoPiKubJ84_J07L-1HugvjrFO1Lbgd6Gkl0esPvyj_H61VvnQ\">Fuente: Mi Gij\u00f3n<\/a> \/<\/li>\n<\/ul>\n<h1 class=\"h1 headline-article__head\">El colectivu LGTBI+ reclama dende Llanera \u00abredolaes segures\u00bb nos centros educativos<\/h1>\n<p><!--more--><\/p>\n<p>\u00abHai munchos alumnos, sobremanera de Secundaria, que precisen que se-yos escuche\u00bb<\/p>\n<p>&nbsp;<\/p>\n<p>Visibilizar, sofitar, escuchar y crear una redolada segura nos centros educativos. Este ye unu de los grandes oxetivos qu&#8217;escuerre la Rede Educativa d&#8217;Apoyo LGTBI+ d&#8217;Asturies, que naci\u00f3 fai apenes un a\u00f1u <strong>pa coeducar na iguald\u00e1 y la diversid\u00e1 en tolos niveles<\/strong>. Los responsables d&#8217;esta asociaci\u00f3n fueron los encargaos d&#8217;entamar en Llanera una xornada socioeducativa d&#8217;atenci\u00f3n y sofitu al colectivu que tuvo llugar mientres tol d\u00eda d&#8217;ayeri na Escuela de M\u00fasica de Posada.<\/p>\n<p>Pilar Quir\u00f3s, vicecoordinadora de la rede, esplic\u00f3 que \u00abla celebraci\u00f3n d&#8217;estes xornada naz d&#8217;un <strong>proyectu denomin\u00e1u Arcoiris<\/strong>, col qu&#8217;intentamos crear un protocolu d&#8217;actuaci\u00f3n por que el alumn\u00e1u tenga un llugar d&#8217;alcuentru onde se-y sofite, esc\u00fachese-y y que s\u00eda seguru\u00bb. \u00abDende&#8217;l colectivu dimos cuenta de que nun esist\u00eda un marcu organizativo com\u00fan que diera respuesta a les necesidaes reales de les persones LGTBI+ nos centros educativos\u00bb, a\u00f1edi\u00f3 Quir\u00f3s.<\/p>\n<p>N&#8217;esa tesitura surdi\u00f3 la necesid\u00e1 de xuninos pa sofitanos, cooperar y collaborar en acciones coordinaes y conxuntes\u00bb, detall\u00f3 Quir\u00f3s, antes d&#8217;asegurar que \u00abhai numberosos alumnos, sobremanera na etapa de Secundaria, que precisen que se-yos escuche y ent\u00e1 queda enforma por faer\u00bb.<\/p>\n<p>Isabel Lobo perteneciente a la Rede Educativa y profesora de Primaria, destac\u00f3 que \u00ablos profesores somos los primeros influencers. En munches ocasiones, l&#8217;alumn\u00e1u nun tien con qui\u00e9n falar. F\u00e1lta-yos sofitu\u00bb. \u00abTomamos tami\u00e9n l&#8217;atenci\u00f3n al profesor\u00e1u que, en determinaos momentos, puede llegar a sentir coaccion\u00e1u, y tami\u00e9n a les families\u00bb, indic\u00f3 Lobo.<\/p>\n<p><strong>\u00abDiversid\u00e1\u00bb<\/strong><\/p>\n<p>Nesta primeres xornada hubo delles meses constituy\u00edes por toles persones implicaes nel \u00e1mbitu educativu. \u00abIndependientemente de que s\u00edan heteros, lesbianes o trans, porque lo importante ye&#8217;l respetu y l&#8217;educaci\u00f3n na diversid\u00e1\u00bb, sorrayaron los\u00a0 organizadores.<\/p>\n<p>Asina, a lo llargo de la ma\u00f1ana, los docentes falaron sobre los retos, les necesidaes y sofitos necesarios, ente que les families compartieron esperiencies nes que demanden \u00abrespetu y tolerancia cero ante la LGTBIfobia\u00bb.<\/p>\n<p>Mientres la tarde, una mesa d&#8217;alumn\u00e1u trat\u00f3&#8217;l proyectu *Arcoiris que, angua\u00f1o, ta instaur\u00e1u nun institutu de Xix\u00f3n. \u00abEsperamos que llueu se pueda ampliar a munchos m\u00e1s centros educativos de toa Asturies\u00bb, sorray\u00f3 la organizaci\u00f3n.<\/p>\n<p>Am\u00e1s, dientro de la programaci\u00f3n, l&#8217;artista Elena Men\u00e9ndez encargose de pintar en directu varios llenzos que se puyen pa llograr un soporte econ\u00f3micu qu&#8217;ayude a l&#8217;asociaci\u00f3n a llevar el so mensaxe a cada vez m\u00e1s persones de la comunid\u00e1 educativa.<\/p>\n<p>La cita va tener llugar na Escuela de M\u00fasica, y cuenta cola collaboraci\u00f3n de la Direcci\u00f3n Xeneral de Moced\u00e1, Diversid\u00e1 Sexual y Derechos LGTBI del Princip\u00e1u d&#8217;Asturies<\/p>\n<h4><\/h4>\n<div class=\"article-body \">\n<div class=\"article-body--seo-closed\">\n<div id=\"intext-sunmedia-1\">\n<div id=\"sm-it-main-container-1697366443037\" class=\"sm-it-main-container\" data-it=\"b97c30a1-c0dc-48dd-898c-9e20b45b0650\" data-device=\"desktop\" data-index=\"0\"><a href=\"https:\/\/migijon.com\/wp-content\/uploads\/2023\/10\/Portada-youtube_2-1000x459-1.png\"><img loading=\"lazy\" decoding=\"async\" class=\"aligncenter size-full\" src=\"https:\/\/migijon.com\/wp-content\/uploads\/2023\/10\/Portada-youtube_2-1000x459-1.png\" width=\"1000\" height=\"459\" \/><\/a><\/div>\n<\/div>\n<\/div>\n<\/div>\n<\/div>\n<h5><a href=\"https:\/\/drive.google.com\/file\/d\/1jlZ8kjZztQJYnf8Myw1EY7NkshOFrQnA\/view\"><img loading=\"lazy\" decoding=\"async\" class=\"aligncenter wp-image-229\" src=\"http:\/\/edublog.educastur.es\/edulgtbi\/files\/2023\/09\/cabecera_red.jpg\" alt=\"\" width=\"480\" height=\"233\" \/><\/a><\/h5>\n<blockquote>\n<h5>Subvencionada por el Principado de Asturias<\/h5>\n<h5><a href=\"http:\/\/edublog.educastur.es\/edulgtbi\/files\/2023\/09\/Castellano-horizontal-full-color.png\"><img loading=\"lazy\" decoding=\"async\" class=\"aligncenter wp-image-327\" src=\"http:\/\/edublog.educastur.es\/edulgtbi\/files\/2023\/09\/Castellano-horizontal-full-color.png\" alt=\"\" width=\"234\" height=\"93\" \/><\/a><br \/>\n<a href=\"https:\/\/sede.asturias.es\/bopa-disposiciones?p_p_id=pa_sede_bopa_web_portlet_SedeBopaDispositionWeb&amp;p_p_lifecycle=0&amp;_pa_sede_bopa_web_portlet_SedeBopaDispositionWeb_mvcRenderCommandName=%2Fdisposition%2Fdetail&amp;p_r_p_dispositionText=2023-05290&amp;p_r_p_dispositionReference=2023-05290&amp;p_r_p_dispositionDate=19%2F06%2F2023\"><em><strong>Direcci\u00f3n General de Juventud, Diversidad Sexual y Derechos LGTBI<\/strong><\/em><\/a><\/h5>\n<p><a href=\"https:\/\/www.llanera.es\/\"><strong>Nuestro agradecimiento a la colaboraci\u00f3n<br \/>\nespecial por ceder el espacio para la Jornada:<\/strong><\/a><\/p>\n<p><a href=\"https:\/\/www.llanera.es\/\"><img loading=\"lazy\" decoding=\"async\" class=\"aligncenter \" src=\"https:\/\/llanera.transparencialocal.gob.es\/eu_ES\/imagen\/5719\" width=\"276\" height=\"98\" \/><\/a><\/p>\n<p><a href=\"https:\/\/www.google.com\/maps\/dir\/43.3651712,-5.8458112\/escuela+musica+posada+de+llanera\/@43.4038067,-5.8724354,13z\/data=!3m1!4b1!4m9!4m8!1m1!4e1!1m5!1m1!1s0xd368f0e67c2c60b:0x9dd3a93acdfc2d34!2m2!1d-5.8526472!2d43.4413991?entry=ttu\"><em>C\u00f3mo llegar a la Escuela de M\u00fasica de Posada de Llanera<\/em><\/a><\/p>\n<p><a href=\"https:\/\/edublog.educastur.es\/edulgtbi\/jornada-2023\/2-localizacion\/\"><strong>NUEVO: Localizaci\u00f3n, mapas, aparcamientos&#8230;<\/strong><\/a><\/p>\n<ul>\n<li><a href=\"https:\/\/docs.google.com\/forms\/d\/e\/1FAIpQLScwfQFSm2z2U5JgBimwtFZ0rUV4UKMmQRc218Dvs8JzMx9AxA\/viewform?vc=0&amp;c=0&amp;w=1&amp;flr=0\"><strong>FORMULARIO DE INSCRIPCI\u00d3N \ud83d\ude42 <\/strong><\/a><\/li>\n<li><a href=\"https:\/\/edublog.educastur.es\/edulgtbi\/\"><strong>BLOG con toda la informaci\u00f3n de la Red<\/strong><\/a><\/li>\n<li><a href=\"https:\/\/drive.google.com\/file\/d\/1lLOthJ6y9Y6MerykAOhlvSL1B_lZsZO_\/view?usp=sharing\"><strong>Cartel\u00a0 en formato PNG<\/strong><\/a> \/<\/li>\n<li><strong><a href=\"https:\/\/drive.google.com\/file\/d\/1vx7gp_ssJY6OjTpG6kA3pLbJcE6PJd84\/view\">PROGRAMA EN PDF para imprimir<\/a> \/ <a href=\"https:\/\/drive.google.com\/file\/d\/1vx7gp_ssJY6OjTpG6kA3pLbJcE6PJd84\/view\">PDF<\/a><\/strong><\/li>\n<\/ul>\n\n<!-- iframe plugin v.6.0 wordpress.org\/plugins\/iframe\/ -->\n<iframe loading=\"lazy\" src=\"https:\/\/drive.google.com\/file\/d\/1vx7gp_ssJY6OjTpG6kA3pLbJcE6PJd84\/preview\" width=\"650\" height=\"920\" allow=\"autoplay\" 0=\"\/iframe\" scrolling=\"yes\" class=\"iframe-class\" frameborder=\"0\"><\/iframe>\n<\/blockquote>\n<p><a href=\"https:\/\/drive.google.com\/drive\/folders\/1Qq7RCyF_c6lYkHxQz-G9at-cZcnTDGhg\"><img loading=\"lazy\" decoding=\"async\" class=\"aligncenter wp-image-359 size-full\" src=\"http:\/\/edublog.educastur.es\/edulgtbi\/files\/2023\/10\/Flyer_blog.png\" alt=\"\" width=\"466\" height=\"661\" \/><\/a><\/p>\n<p><a href=\"https:\/\/drive.google.com\/drive\/folders\/1Qq7RCyF_c6lYkHxQz-G9at-cZcnTDGhg\"><strong><em>Programaci\u00f3n\u00a0 detallada<\/em><\/strong><\/a><\/p>\n<ul>\n<li>\n<blockquote><p><a href=\"https:\/\/edublog.educastur.es\/edulgtbi\/jornada-2023\/2-ponentes\/mesa-profesorado\"><strong>MESA PROFESORADO<\/strong><\/a><\/p><\/blockquote>\n<\/li>\n<li>\n<blockquote><p><a href=\"https:\/\/edublog.educastur.es\/edulgtbi\/jornada-2023\/2-ponentes\/mesa-familias\"><strong>MESA FAMILIAS<\/strong><\/a><\/p><\/blockquote>\n<\/li>\n<li>\n<blockquote><p><strong><a href=\"https:\/\/edublog.educastur.es\/edulgtbi\/jornada-2023\/2-ponentes\/mesa-alumnado\">MESA ALUMNADO<\/a><\/strong><\/p><\/blockquote>\n<\/li>\n<\/ul>\n<ul>\n<li>Mesa Experiencias profesorado:<br \/>\n<em><strong>\u00abLa doble realidad: el profesorado y el alumnado LGTBI+.<br \/>\nRetos, necesidades y apoyos\u00bb.<\/strong><\/em><\/li>\n<li>Mesa Experiencias familias:<br \/>\n<em><strong>\u00abLas familias queremos respeto y tolerancia cero a la LGTBfobia\u00bb<\/strong><\/em><\/li>\n<li>Ponencia:<br \/>\n<em><strong>\u00abBiolog\u00eda, biologicismos, sexo e identidad de g\u00e9nero. Destapando bulos\u00bb.<\/strong><\/em><\/li>\n<li>Mesa Experiencias alumnado:<br \/>\n<em><strong>Proyecto Arcoiris en el IES n\u00ba 1 de Gij\u00f3n<\/strong><\/em><\/li>\n<li class=\"page_item page-item-65 page_item_has_children current_page_item\"><strong><a href=\"https:\/\/edublog.educastur.es\/edulgtbi\/jornada-2023\/\">JORNADA 2023<\/a><\/strong>\n<ul class=\"children\">\n<li class=\"page_item page-item-20\"><a href=\"https:\/\/edublog.educastur.es\/edulgtbi\/jornada-2023\/0-inscripcion\/\">0. Inscripci\u00f3n<\/a><\/li>\n<\/ul>\n<\/li>\n<\/ul>\n<p><a href=\"https:\/\/docs.google.com\/forms\/d\/e\/1FAIpQLScwfQFSm2z2U5JgBimwtFZ0rUV4UKMmQRc218Dvs8JzMx9AxA\/viewform\"><img loading=\"lazy\" decoding=\"async\" class=\"aligncenter\" src=\"https:\/\/cdn-icons-png.flaticon.com\/512\/6501\/6501050.png\" alt=\"\" width=\"96\" height=\"96\" \/><\/a><\/p>\n<ul>\n<li>\n<ul class=\"children\">\n<li><a href=\"https:\/\/docs.google.com\/forms\/d\/e\/1FAIpQLScwfQFSm2z2U5JgBimwtFZ0rUV4UKMmQRc218Dvs8JzMx9AxA\/viewform\"><strong>ENLACE AL FORMULARIO DE INSCRIPCI\u00d3N<\/strong><\/a><\/li>\n<\/ul>\n<\/li>\n<\/ul>\n\n<!-- iframe plugin v.6.0 wordpress.org\/plugins\/iframe\/ -->\n<iframe loading=\"lazy\" src=\"https:\/\/docs.google.com\/forms\/d\/e\/1FAIpQLScwfQFSm2z2U5JgBimwtFZ0rUV4UKMmQRc218Dvs8JzMx9AxA\/viewform?embedded=true\" width=\"100%\" height=\"1568\" frameborder=\"0\" marginheight=\"0\" marginwidth=\"0\" 0=\"Cargando\u2026\" 1=\"\/iframe\" scrolling=\"yes\" class=\"iframe-class\"><\/iframe>\n\n<blockquote>\n<ul>\n<li><\/li>\n<\/ul>\n<\/blockquote>\n<p><a href=\"https:\/\/edublog.educastur.es\/edulgtbi\/files\/2023\/04\/KARINA_solo-libro1.png\"><img loading=\"lazy\" decoding=\"async\" class=\"aligncenter \" src=\"https:\/\/edublog.educastur.es\/edulgtbi\/files\/2023\/04\/KARINA_solo-libro1.png\" width=\"130\" height=\"72\" \/><\/a><img loading=\"lazy\" decoding=\"async\" class=\"aligncenter \" src=\"https:\/\/encrypted-tbn0.gstatic.com\/images?q=tbn:ANd9GcTR28kVyfgd3qwCkn2ICP6JNBpKea-RZS3fF5sLEuFyAkmWuml3Qyn-alg-FidZmJD8Ug&amp;usqp=CAU\" width=\"178\" height=\"19\" \/><\/p>\n<p><a href=\"https:\/\/studio.youtube.com\/channel\/UCYKiVmyLiKUANcL2HKnlJNg\/videos\/upload?filter=%5B%5D&amp;sort=%7B%22columnType%22%3A%22date%22%2C%22sortOrder%22%3A%22DESCENDING%22%7D\"><strong>S\u00edguenos en streaming a trav\u00e9s<\/strong><\/a><br \/>\n<strong> de nuestro canal de Youtube<\/strong><\/p>\n<p>&nbsp;<\/p>\n<p><a href=\"https:\/\/studio.youtube.com\/channel\/UCYKiVmyLiKUANcL2HKnlJNg\/videos\/upload?filter=%5B%5D&amp;sort=%7B%22columnType%22%3A%22date%22%2C%22sortOrder%22%3A%22DESCENDING%22%7D\"><img loading=\"lazy\" decoding=\"async\" class=\"aligncenter wp-image-360\" src=\"http:\/\/edublog.educastur.es\/edulgtbi\/files\/2023\/10\/Portada-youtube_2.png\" alt=\"\" width=\"653\" height=\"300\" \/><\/a><\/p>\n<blockquote>\n<h5><em>Al igual que en otras provincias existen profesores trabajando altruistamente y conjuntamente\u00a0 por el bienestar del alumnado LGTBI, en Asturias tambi\u00e9n. <\/em><\/h5>\n<\/blockquote>\n<p>&nbsp;<\/p>\n","protected":false},"excerpt":{"rendered":"<p>Fuente: LNE \/ Luc\u00eda Rodr\u00edguez \/\u00a0Fuente: Mi Gij\u00f3n \/ El colectivu LGTBI+ reclama dende Llanera \u00abredolaes segures\u00bb nos centros educativos<\/p>\n","protected":false},"author":117,"featured_media":0,"comment_status":"closed","ping_status":"open","sticky":false,"template":"","format":"standard","meta":{"footnotes":""},"categories":[301],"tags":[],"class_list":["post-51987","post","type-post","status-publish","format-standard","hentry","category-lgbtiq"],"_links":{"self":[{"href":"https:\/\/edublog.educastur.es\/ixuxu\/wp-json\/wp\/v2\/posts\/51987","targetHints":{"allow":["GET"]}}],"collection":[{"href":"https:\/\/edublog.educastur.es\/ixuxu\/wp-json\/wp\/v2\/posts"}],"about":[{"href":"https:\/\/edublog.educastur.es\/ixuxu\/wp-json\/wp\/v2\/types\/post"}],"author":[{"embeddable":true,"href":"https:\/\/edublog.educastur.es\/ixuxu\/wp-json\/wp\/v2\/users\/117"}],"replies":[{"embeddable":true,"href":"https:\/\/edublog.educastur.es\/ixuxu\/wp-json\/wp\/v2\/comments?post=51987"}],"version-history":[{"count":4,"href":"https:\/\/edublog.educastur.es\/ixuxu\/wp-json\/wp\/v2\/posts\/51987\/revisions"}],"predecessor-version":[{"id":51991,"href":"https:\/\/edublog.educastur.es\/ixuxu\/wp-json\/wp\/v2\/posts\/51987\/revisions\/51991"}],"wp:attachment":[{"href":"https:\/\/edublog.educastur.es\/ixuxu\/wp-json\/wp\/v2\/media?parent=51987"}],"wp:term":[{"taxonomy":"category","embeddable":true,"href":"https:\/\/edublog.educastur.es\/ixuxu\/wp-json\/wp\/v2\/categories?post=51987"},{"taxonomy":"post_tag","embeddable":true,"href":"https:\/\/edublog.educastur.es\/ixuxu\/wp-json\/wp\/v2\/tags?post=51987"}],"curies":[{"name":"wp","href":"https:\/\/api.w.org\/{rel}","templated":true}]}}