{"id":52004,"date":"2025-06-30T19:48:24","date_gmt":"2025-06-30T17:48:24","guid":{"rendered":"https:\/\/edublog.educastur.es\/ixuxu\/?p=52004"},"modified":"2025-06-30T19:49:42","modified_gmt":"2025-06-30T17:49:42","slug":"cultura-va-apurrir-la-marca-alfaya-a-les-empreses-que-fomenten-lusu-de-les-llingues-propies","status":"publish","type":"post","link":"https:\/\/edublog.educastur.es\/ixuxu\/2025\/06\/cultura-va-apurrir-la-marca-alfaya-a-les-empreses-que-fomenten-lusu-de-les-llingues-propies\/","title":{"rendered":"Cultura va apurrir la marca Alfaya a les empreses que fomenten l&#8217;usu de les lling\u00fces propies"},"content":{"rendered":"<p style=\"text-align: center\"><a href=\"https:\/\/actualidad.asturias.es\/documents\/537115\/2661895\/Alfaya.jpg\/83012aed-de1f-ff02-e1e7-9bfba0bd394f?t=1751288464519\"><img loading=\"lazy\" decoding=\"async\" class=\"aligncenter \" src=\"https:\/\/actualidad.asturias.es\/documents\/537115\/2661895\/Alfaya.jpg\/83012aed-de1f-ff02-e1e7-9bfba0bd394f?t=1751288464519\" width=\"599\" height=\"323\" \/><\/a><\/p>\n<div id=\"main-content\" class=\"columns-1\" role=\"main\">\n<div class=\"portlet-layout row\">\n<div id=\"column-1\" class=\"col-md-12 portlet-column portlet-column-only\">\n<div id=\"layout-column_column-1\" class=\"portlet-dropzone portlet-column-content portlet-column-content-only\">\n<div id=\"p_p_id_com_liferay_asset_publisher_web_portlet_AssetPublisherPortlet_INSTANCE_DSnKSBdGDt7q_\" class=\"portlet-boundary portlet-boundary_com_liferay_asset_publisher_web_portlet_AssetPublisherPortlet_ portlet-static portlet-static-end portlet-barebone portlet-asset-publisher nota-detalle\">\n<section id=\"portlet_com_liferay_asset_publisher_web_portlet_AssetPublisherPortlet_INSTANCE_DSnKSBdGDt7q\" class=\"portlet\">\n<div class=\"portlet-content\">\n<div class=\" portlet-content-container\">\n<div class=\"portlet-body\">\n<div>\n<div class=\"asset-full-content clearfix default-asset-publisher show-asset-title\">\n<div id=\"_com_liferay_asset_publisher_web_portlet_AssetPublisherPortlet_INSTANCE_DSnKSBdGDt7q_2661905\" class=\"asset-content\">\n<div class=\"clearfix journal-content-article\" data-analytics-asset-id=\"2661892\" data-analytics-asset-title=\"Cultura entregar\u00e1 por primera vez en oto\u00f1o la marca Alfaya, que distingue a las empresas que fomentan el uso de las lenguas propias\" data-analytics-asset-type=\"web-content\">\n<div class=\"nota\">\n<div class=\"description\">\n<p>Cultura va apurrir per primer vegada na seronda la marca <span style=\"color: #008080\"><strong>Alfaya, qu&#8217;estrema a les empreses que fomenten l&#8217;usu de les lling\u00fces propies<\/strong><\/span>. El Gobiernu d&#8217;Asturies va otorgar a\u00f1almente estes reconocencies, estremaos en tr\u00e9s niveles: inicial, entemediu y d&#8217;excelencia. Fonte:<a href=\"https:\/\/actualidad.asturias.es\/-\/cultura-entregar%C3%A1-por-primera-vez-en-oto%C3%B1o-la-marca-alfaya-que-distingue-a-las-empresas-que-fomentan-el-uso-de-las-lenguas-propias?redirect=%2Fnoticias\"> Actualid\u00e1 Asturies<\/a> \/<\/p>\n<p><!--more--><\/p>\n<p>La Conseyer\u00eda de Cultura, Pol\u00edtica Lling\u00fc\u00edstica y Deporte va poner en marcha la pr\u00f3xima seronda la marca <strong>Alfaya, un distintivu que va reconocer el compromisu del tex\u00edu empresarial les lling\u00fces propies de la comunid\u00e1: l&#8217;asturianu y l&#8217;eonaviego<\/strong>. La conseyeranessa Guti\u00e9rrez, anunci\u00f3 g\u00fcei esta iniciativa n&#8217;una xunta con representantes de l&#8217;Asociaci\u00f3n *d\u2019*Empreses y Profesionales pol Asturianu.<\/p>\n<p><strong>La marca Alfaya, creada pol Decretu 21\/2023, de 16 de marzu, busca fomentar l&#8217;usu social de dambes lling\u00fces nel \u00e1mbitu econ\u00f3micu, am\u00e1s de reconocer p\u00fablicamente a les compa\u00f1\u00edes qu&#8217;incorporen bones pr\u00e1ctiques na so activid\u00e1 diaria.<\/strong><\/p>\n<p>Na xunta celebrada esta ma\u00f1ana encet\u00e1ronse los planes para poner en marcha&#8217;l sellu, <em>que va incluyir tr\u00e9s niveles distintos de reconocencia:<\/em><\/p>\n<ul>\n<li><em>Inicial. De bon accesu, por aciu una solicit\u00fa d&#8217;adhesi\u00f3n.<\/em><\/li>\n<li><em>Entemediu. Reflexa un compromisu activu col usu de la llingua.<\/em><\/li>\n<li><em>Excelencia. Ac\u00fatase a aquelles entidaes que demuestren una implicaci\u00f3n destacada y sostenida nel tiempu.<\/em><\/li>\n<\/ul>\n<p>La marca va poder solicitase mientres tol a\u00f1u, pero la so concesi\u00f3n va formalizase nun actu institucional a\u00f1al. Am\u00e1s, va habilitase un espaciu espec\u00edficu na web del Princip\u00e1u y va publicase el cat\u00e1logu d&#8217;empreses distingu\u00edes.<\/p>\n<p>Alfaya va empezar a funcionar esta seronda en collaboraci\u00f3n cola citada asociaci\u00f3n, qu&#8217;amos\u00f3 un firme compromisu cola iniciativa. Con esta midida, el Gobiernu d&#8217;Asturies avanza nel so apueste pola normalizaci\u00f3n lling\u00fc\u00edstica y por fomentar que la comunid\u00e1 valore y promueva la so diversid\u00e1 cultural dende l&#8217;\u00e1mbitu empresarial.<\/p>\n<p style=\"text-align: center\"><a href=\"https:\/\/actualidad.asturias.es\/documents\/537115\/2661895\/2025_06_30+Consejera+Cultura+marca+Alfaya+.jpeg\/1a119fca-af20-9abc-8895-0c34588d2cd6?t=1751290256552\"><img loading=\"lazy\" decoding=\"async\" class=\"aligncenter size-large\" src=\"https:\/\/actualidad.asturias.es\/documents\/537115\/2661895\/2025_06_30+Consejera+Cultura+marca+Alfaya+.jpeg\/1a119fca-af20-9abc-8895-0c34588d2cd6?t=1751290256552\" width=\"4032\" height=\"3024\" \/><\/a><\/p>\n<p><em>En la imagen, de izquierda a derecha: Ant\u00f3n Garc\u00eda, director general de Acci\u00f3n Cultural y Normalizaci\u00f3n Lling\u00fc\u00edstica; Vanessa Guti\u00e9rrez, consejera de Cultura, Pol\u00edtica Lling\u00fc\u00edstica y Deporte; Xos\u00e9 Xicu Mata y Susana Rubio, representantes de la Asociaci\u00f3n d&#8217;Empreses y Profesionales pol asturianu.\u00a0<\/em><\/p>\n<\/div>\n<div class=\"contenido-article documentacion\">\n<ul>\n<li><a class=\"pdf\" title=\"Nota de prensa marca Alfaya. Abre una nueva ventana\" href=\"https:\/\/actualidad.asturias.es\/documents\/533407\/0\/2025_06_30+NP+Marca+Alfaya.pdf\/df3d6c3f-a0a9-d08c-64d8-b7b43ff19661?t=1751288370238\" target=\"_blank\" rel=\"noopener\"> Nota de prensa marca Alfaya <\/a><\/li>\n<\/ul>\n<\/div>\n<\/div>\n<\/div>\n<\/div>\n<\/div>\n<\/div>\n<\/div>\n<\/div>\n<\/div>\n<\/section>\n<\/div>\n<\/div>\n<\/div>\n<\/div>\n<\/div>\n<p>&nbsp;<\/p>\n","protected":false},"excerpt":{"rendered":"<p>Cultura va apurrir per primer vegada na seronda la marca Alfaya, qu&#8217;estrema a les empreses que fomenten l&#8217;usu de les lling\u00fces propies. El Gobiernu d&#8217;Asturies va otorgar a\u00f1almente estes reconocencies, estremaos en tr\u00e9s niveles: inicial, entemediu y d&#8217;excelencia. Fonte: Actualid\u00e1 Asturies \/<\/p>\n","protected":false},"author":117,"featured_media":0,"comment_status":"closed","ping_status":"open","sticky":false,"template":"","format":"standard","meta":{"footnotes":""},"categories":[62],"tags":[],"class_list":["post-52004","post","type-post","status-publish","format-standard","hentry","category-reconocimientu"],"_links":{"self":[{"href":"https:\/\/edublog.educastur.es\/ixuxu\/wp-json\/wp\/v2\/posts\/52004","targetHints":{"allow":["GET"]}}],"collection":[{"href":"https:\/\/edublog.educastur.es\/ixuxu\/wp-json\/wp\/v2\/posts"}],"about":[{"href":"https:\/\/edublog.educastur.es\/ixuxu\/wp-json\/wp\/v2\/types\/post"}],"author":[{"embeddable":true,"href":"https:\/\/edublog.educastur.es\/ixuxu\/wp-json\/wp\/v2\/users\/117"}],"replies":[{"embeddable":true,"href":"https:\/\/edublog.educastur.es\/ixuxu\/wp-json\/wp\/v2\/comments?post=52004"}],"version-history":[{"count":2,"href":"https:\/\/edublog.educastur.es\/ixuxu\/wp-json\/wp\/v2\/posts\/52004\/revisions"}],"predecessor-version":[{"id":52006,"href":"https:\/\/edublog.educastur.es\/ixuxu\/wp-json\/wp\/v2\/posts\/52004\/revisions\/52006"}],"wp:attachment":[{"href":"https:\/\/edublog.educastur.es\/ixuxu\/wp-json\/wp\/v2\/media?parent=52004"}],"wp:term":[{"taxonomy":"category","embeddable":true,"href":"https:\/\/edublog.educastur.es\/ixuxu\/wp-json\/wp\/v2\/categories?post=52004"},{"taxonomy":"post_tag","embeddable":true,"href":"https:\/\/edublog.educastur.es\/ixuxu\/wp-json\/wp\/v2\/tags?post=52004"}],"curies":[{"name":"wp","href":"https:\/\/api.w.org\/{rel}","templated":true}]}}