{"id":52009,"date":"2025-06-30T19:57:21","date_gmt":"2025-06-30T17:57:21","guid":{"rendered":"https:\/\/edublog.educastur.es\/ixuxu\/?p=52009"},"modified":"2025-06-30T19:58:23","modified_gmt":"2025-06-30T17:58:23","slug":"asturies-acueyel-campeonatu-despana-de-selecciones-autonomiques-de-voleibol","status":"publish","type":"post","link":"https:\/\/edublog.educastur.es\/ixuxu\/2025\/06\/asturies-acueyel-campeonatu-despana-de-selecciones-autonomiques-de-voleibol\/","title":{"rendered":"Asturies acueye&#8217;l Campeonatu d&#8217;Espa\u00f1a de selecciones auton\u00f3miques de voleibol"},"content":{"rendered":"<p style=\"text-align: center\"><a href=\"https:\/\/actualidad.asturias.es\/documents\/537115\/2659503\/cartel+voley.jpeg\/b9758638-635e-6458-d186-208337f416eb?t=1751106370539\"><img loading=\"lazy\" decoding=\"async\" class=\"aligncenter \" src=\"https:\/\/actualidad.asturias.es\/documents\/537115\/2659503\/cartel+voley.jpeg\/b9758638-635e-6458-d186-208337f416eb?t=1751106370539\" width=\"521\" height=\"735\" \/><\/a><\/p>\n<p>Asturies acueye&#8217;l Campeonatu d&#8217;Espa\u00f1a de selecciones auton\u00f3miques de voleibol en categor\u00eda infantil y cadete. Avil\u00e9s, Llangr\u00e9u y Corvera van ser hasta esti domingu l&#8217;epicentru del v\u00f3ley nacional. La conseyer\u00eda de Cultura destaca l&#8217;apueste del Gobiernu del Princip\u00e1u pol deporte escolar como ferramienta de sal\u00fa, educaci\u00f3n en valores y cohesi\u00f3n social<\/p>\n<p><!--more--><\/p>\n<p>El Princip\u00e1u d&#8217;Asturies acueye estos d\u00edes el <span style=\"color: #008080\"><strong>Campeonatu d&#8217;Espa\u00f1a n&#8217;Ed\u00e1 Escolar (CESA)<\/strong><\/span> de voleibol nes categor\u00edes infantil y cadete, tantu masculines como femenines. Esti eventu asitia nuevamente a Asturies nel mapa del deporte nacional, al axuntar a los meyores talentos de les federaciones territoriales y a les futures promeses del voleibol espa\u00f1ol.<\/p>\n<p>La competici\u00f3n, que cunta col respaldu de la Conseyer\u00eda de Cultura, Pol\u00edtica Lling\u00fc\u00edstica y Deporte,<strong> cel\u00e9brase hasta&#8217;l domingu nos conceyos d&#8217;Avil\u00e9s, Llangr\u00e9u y Corvera d&#8217;Asturies.<\/strong><\/p>\n<p>Esti campeonatu sumase al y\u00e1 celebr\u00e1u angua\u00f1o nel Centru Deportivu Juan Carlos Beiro de Llangr\u00e9u, onde tuvo llugar el CESA de B\u00e1dminton. Con ello, Asturies allug\u00f3 y\u00e1 dos <strong>Campeonatos d&#8217;Espa\u00f1a n&#8217;Ed\u00e1 Escolar<\/strong> no que va de 2025, gracies a la destacada capacid\u00e1 organizativa de les federaciones territoriales de la rex\u00f3n.<\/p>\n<p>La Conseyer\u00eda de Deporte punxo en valor la celebraci\u00f3n d&#8217;estos eventos, sorrayando que&#8217;l <strong>fomentu de la pr\u00e1ctica deportiva n&#8217;edaes tempranes<\/strong> ye una priorid\u00e1 estrat\u00e9xica del Gobiernu del Princip\u00e1u. Esti apueste pol deporte escolar conc\u00edbese como una ferramienta clave para la sal\u00fa, la educaci\u00f3n en valores y la cohesi\u00f3n social.<\/p>\n<p>La celebraci\u00f3n d&#8217;estos campeonatos enm\u00e1rcase na<strong> designaci\u00f3n d&#8217;Asturies como Rex\u00f3n Europea del Deporte 2025<\/strong>, una reconocencia que refuerza&#8217;l compromisu del Princip\u00e1u cola promoci\u00f3n de l&#8217;activid\u00e1 f\u00edsica y l&#8217;organizaci\u00f3n de grandes eventos deportivos.<\/p>\n<p>&nbsp;<\/p>\n","protected":false},"excerpt":{"rendered":"<p>Asturies acueye&#8217;l Campeonatu d&#8217;Espa\u00f1a de selecciones auton\u00f3miques de voleibol en categor\u00eda infantil y cadete. Avil\u00e9s, Llangr\u00e9u y Corvera van ser hasta esti domingu l&#8217;epicentru del v\u00f3ley nacional. La conseyer\u00eda de Cultura destaca l&#8217;apueste del Gobiernu del Princip\u00e1u pol deporte escolar como ferramienta de sal\u00fa, educaci\u00f3n en valores y cohesi\u00f3n social<\/p>\n","protected":false},"author":117,"featured_media":0,"comment_status":"closed","ping_status":"open","sticky":false,"template":"","format":"standard","meta":{"footnotes":""},"categories":[133],"tags":[],"class_list":["post-52009","post","type-post","status-publish","format-standard","hentry","category-deportes"],"_links":{"self":[{"href":"https:\/\/edublog.educastur.es\/ixuxu\/wp-json\/wp\/v2\/posts\/52009","targetHints":{"allow":["GET"]}}],"collection":[{"href":"https:\/\/edublog.educastur.es\/ixuxu\/wp-json\/wp\/v2\/posts"}],"about":[{"href":"https:\/\/edublog.educastur.es\/ixuxu\/wp-json\/wp\/v2\/types\/post"}],"author":[{"embeddable":true,"href":"https:\/\/edublog.educastur.es\/ixuxu\/wp-json\/wp\/v2\/users\/117"}],"replies":[{"embeddable":true,"href":"https:\/\/edublog.educastur.es\/ixuxu\/wp-json\/wp\/v2\/comments?post=52009"}],"version-history":[{"count":2,"href":"https:\/\/edublog.educastur.es\/ixuxu\/wp-json\/wp\/v2\/posts\/52009\/revisions"}],"predecessor-version":[{"id":52011,"href":"https:\/\/edublog.educastur.es\/ixuxu\/wp-json\/wp\/v2\/posts\/52009\/revisions\/52011"}],"wp:attachment":[{"href":"https:\/\/edublog.educastur.es\/ixuxu\/wp-json\/wp\/v2\/media?parent=52009"}],"wp:term":[{"taxonomy":"category","embeddable":true,"href":"https:\/\/edublog.educastur.es\/ixuxu\/wp-json\/wp\/v2\/categories?post=52009"},{"taxonomy":"post_tag","embeddable":true,"href":"https:\/\/edublog.educastur.es\/ixuxu\/wp-json\/wp\/v2\/tags?post=52009"}],"curies":[{"name":"wp","href":"https:\/\/api.w.org\/{rel}","templated":true}]}}