{"id":52051,"date":"2025-06-30T23:27:07","date_gmt":"2025-06-30T21:27:07","guid":{"rendered":"https:\/\/edublog.educastur.es\/ixuxu\/?p=52051"},"modified":"2025-06-30T23:28:07","modified_gmt":"2025-06-30T21:28:07","slug":"en-mou-mereciu-descansu","status":"publish","type":"post","link":"https:\/\/edublog.educastur.es\/ixuxu\/2025\/06\/en-mou-mereciu-descansu\/","title":{"rendered":"En mou \u00abmereciu descansu\u00bb"},"content":{"rendered":"<p><span style=\"color: #ffff99\"><em>Y\u00e1 en mou \u00abmereciu descansu\u00bb \ud83e\uddd8\ud83c\udffb\u200d\u2640\ufe0f anque&#8217;l mi\u00e9rcoles tengo una xunta importante y la segunda selmana de xunetu un cursu&#8230; \ud83e\udd26\ud83c\udffb\u200d\u2640\ufe0f<\/em><\/span><\/p>\n<p><span style=\"color: #ffff99\"><em>Feliz branu a toos as cuando vos toque desconectar \ud83d\udd0c Hai que cargase d&#8217;enerx\u00eda \ud83d\udd0b que dempu\u00e9s el cursu escolar ye intensu&#8230;<\/em><\/span><\/p>\n<p>&nbsp;<\/p>\n<p style=\"text-align: center\">\n<!-- iframe plugin v.6.0 wordpress.org\/plugins\/iframe\/ -->\n<iframe loading=\"lazy\" src=\"https:\/\/www.facebook.com\/plugins\/post.php?href=https%3A%2F%2Fwww.facebook.com%2Fisa.lobo.35%2Fposts%2Fpfbid0odjtm8kqJRv7L6yJ1pVXV8ZWkvbewaqQH4zEHeKh2kqdLCUy1Hhe3cA9nM4U5gf6l&#038;show_text=false&#038;width=500\" width=\"500\" height=\"304\" style=\"border:none;overflow:hidden\" scrolling=\"no\" frameborder=\"0\" allowfullscreen=\"true\" allow=\"autoplay; clipboard-write; encrypted-media; picture-in-picture; web-share\" 0=\"\/iframe\" class=\"iframe-class\"><\/iframe>\n<\/p>\n<p><span style=\"color: #ffff99\"><em>Voi aprovechar para lleer, pasiar, faer semeyes, visitar familiares y amigos, dir conocer llugares que me prestar\u00eda inmortalizar y \u00e9sti a\u00f1u, s\u00ed, pisar la sablera que y\u00e1 van 4 que nun hai sable&#8230; \u00a1Esti ye&#8217;l plan! \ud83d\ude03<\/em><\/span><\/p>\n","protected":false},"excerpt":{"rendered":"<p>Y\u00e1 en mou \u00abmereciu descansu\u00bb \ud83e\uddd8\ud83c\udffb\u200d\u2640\ufe0f anque&#8217;l mi\u00e9rcoles tengo una xunta importante y la segunda selmana de xunetu un cursu&#8230; \ud83e\udd26\ud83c\udffb\u200d\u2640\ufe0f Feliz branu a toos as cuando vos toque desconectar \ud83d\udd0c Hai que cargase d&#8217;enerx\u00eda \ud83d\udd0b que dempu\u00e9s el cursu escolar ye intensu&#8230; &nbsp; Voi aprovechar para lleer, pasiar, faer semeyes, visitar familiares y amigos, [&hellip;]<\/p>\n","protected":false},"author":117,"featured_media":0,"comment_status":"closed","ping_status":"open","sticky":false,"template":"","format":"aside","meta":{"footnotes":""},"categories":[459],"tags":[],"class_list":["post-52051","post","type-post","status-publish","format-aside","hentry","category-vacaciones","post_format-post-format-aside"],"_links":{"self":[{"href":"https:\/\/edublog.educastur.es\/ixuxu\/wp-json\/wp\/v2\/posts\/52051","targetHints":{"allow":["GET"]}}],"collection":[{"href":"https:\/\/edublog.educastur.es\/ixuxu\/wp-json\/wp\/v2\/posts"}],"about":[{"href":"https:\/\/edublog.educastur.es\/ixuxu\/wp-json\/wp\/v2\/types\/post"}],"author":[{"embeddable":true,"href":"https:\/\/edublog.educastur.es\/ixuxu\/wp-json\/wp\/v2\/users\/117"}],"replies":[{"embeddable":true,"href":"https:\/\/edublog.educastur.es\/ixuxu\/wp-json\/wp\/v2\/comments?post=52051"}],"version-history":[{"count":3,"href":"https:\/\/edublog.educastur.es\/ixuxu\/wp-json\/wp\/v2\/posts\/52051\/revisions"}],"predecessor-version":[{"id":52054,"href":"https:\/\/edublog.educastur.es\/ixuxu\/wp-json\/wp\/v2\/posts\/52051\/revisions\/52054"}],"wp:attachment":[{"href":"https:\/\/edublog.educastur.es\/ixuxu\/wp-json\/wp\/v2\/media?parent=52051"}],"wp:term":[{"taxonomy":"category","embeddable":true,"href":"https:\/\/edublog.educastur.es\/ixuxu\/wp-json\/wp\/v2\/categories?post=52051"},{"taxonomy":"post_tag","embeddable":true,"href":"https:\/\/edublog.educastur.es\/ixuxu\/wp-json\/wp\/v2\/tags?post=52051"}],"curies":[{"name":"wp","href":"https:\/\/api.w.org\/{rel}","templated":true}]}}