{"id":52057,"date":"2025-07-01T08:30:18","date_gmt":"2025-07-01T06:30:18","guid":{"rendered":"https:\/\/edublog.educastur.es\/ixuxu\/?p=52057"},"modified":"2025-06-30T23:32:24","modified_gmt":"2025-06-30T21:32:24","slug":"52057","status":"publish","type":"post","link":"https:\/\/edublog.educastur.es\/ixuxu\/2025\/07\/52057\/","title":{"rendered":"El tiempu (El Comercio)"},"content":{"rendered":"<p style=\"text-align: center\"><a href=\"https:\/\/s1.ppllstatics.com\/elcomercio\/www\/multimedia\/2025\/06\/30\/tiempo-asturias-martes-1-julio-kmW-U2301948938566Ca-1200x860@El%20Comercio.jpg\"><img loading=\"lazy\" decoding=\"async\" class=\"aligncenter size-large\" src=\"https:\/\/s1.ppllstatics.com\/elcomercio\/www\/multimedia\/2025\/06\/30\/tiempo-asturias-martes-1-julio-kmW-U2301948938566Ca-1200x860@El%20Comercio.jpg\" width=\"1200\" height=\"860\" \/><\/a><\/p>\n<ul>\n<li><strong><span style=\"color: #008080\">Esti llunes<\/span><\/strong>, sacantes la esceici\u00f3n de la mari\u00f1a, tuvimos otra xornada de calor n&#8217;Asturies con temperatures que volvieron algamar los 38 \u00baC concretamente nel conceyu de Tin\u00e9u. Munches poblaciones del interior volvieron superar los 35 \u00baC. Sicas\u00ed, la persistente nubosid\u00e1 que s&#8217;enllanc\u00f3 na mari\u00f1a torg\u00f3 que nes poblaciones de la mari\u00f1a algamen los 25 \u00baC cuidao que superaron los 20 \u00baC a dures penes.<\/li>\n<\/ul>\n<p><!--more--><\/p>\n<ul>\n<li><span style=\"color: #008080\"><strong>El martes<\/strong><\/span> van empezar a baxar les temperatures tami\u00e9n nel interior. La nubosid\u00e1 va tar presente na met\u00e1 norte pr\u00e1cticamente mientres tol d\u00eda, pero tami\u00e9n va acabar estendi\u00e9ndose al sur a lo llargo de la tarde. Ye por ello, polo que nam\u00e1 va tar activ\u00e1u l&#8217;avisu mariellu por calor nel suroccidente asturianu. Nesti sector tami\u00e9n va tar activ\u00e1u l&#8217;avisu mariellu pola posibilid\u00e1 de nubes. Hasta 5 o 6 \u00baC menos prevese que baxen les temperatures nel interior respectu al llunes.<\/li>\n<li><strong><span style=\"color: #008080\">El mi\u00e9rcoles<\/span><\/strong> va ser un d\u00eda con cielos bien nublos o cubiertos en tol Princip\u00e1u con precipitaciones xeneralizaes de calter d\u00e9bil que van ser m\u00e1s frecuentes pela ma\u00f1ana. Les temperatures van siguir baxando y van #facer hasta 8 \u00baC menos que&#8217;l martes nel interior y, especialmente, nel cordal. Poro, el mi\u00e9rcoles va haber localidaes que nin siquiamente lleguen a los 20 \u00baC de m\u00e1xima.<\/li>\n<\/ul>\n","protected":false},"excerpt":{"rendered":"<p>Esti llunes, sacantes la esceici\u00f3n de la mari\u00f1a, tuvimos otra xornada de calor n&#8217;Asturies con temperatures que volvieron algamar los 38 \u00baC concretamente nel conceyu de Tin\u00e9u. Munches poblaciones del interior volvieron superar los 35 \u00baC. Sicas\u00ed, la persistente nubosid\u00e1 que s&#8217;enllanc\u00f3 na mari\u00f1a torg\u00f3 que nes poblaciones de la mari\u00f1a algamen los 25 \u00baC [&hellip;]<\/p>\n","protected":false},"author":117,"featured_media":0,"comment_status":"closed","ping_status":"open","sticky":false,"template":"","format":"standard","meta":{"footnotes":""},"categories":[5],"tags":[],"class_list":["post-52057","post","type-post","status-publish","format-standard","hentry","category-tiempu"],"_links":{"self":[{"href":"https:\/\/edublog.educastur.es\/ixuxu\/wp-json\/wp\/v2\/posts\/52057","targetHints":{"allow":["GET"]}}],"collection":[{"href":"https:\/\/edublog.educastur.es\/ixuxu\/wp-json\/wp\/v2\/posts"}],"about":[{"href":"https:\/\/edublog.educastur.es\/ixuxu\/wp-json\/wp\/v2\/types\/post"}],"author":[{"embeddable":true,"href":"https:\/\/edublog.educastur.es\/ixuxu\/wp-json\/wp\/v2\/users\/117"}],"replies":[{"embeddable":true,"href":"https:\/\/edublog.educastur.es\/ixuxu\/wp-json\/wp\/v2\/comments?post=52057"}],"version-history":[{"count":3,"href":"https:\/\/edublog.educastur.es\/ixuxu\/wp-json\/wp\/v2\/posts\/52057\/revisions"}],"predecessor-version":[{"id":52060,"href":"https:\/\/edublog.educastur.es\/ixuxu\/wp-json\/wp\/v2\/posts\/52057\/revisions\/52060"}],"wp:attachment":[{"href":"https:\/\/edublog.educastur.es\/ixuxu\/wp-json\/wp\/v2\/media?parent=52057"}],"wp:term":[{"taxonomy":"category","embeddable":true,"href":"https:\/\/edublog.educastur.es\/ixuxu\/wp-json\/wp\/v2\/categories?post=52057"},{"taxonomy":"post_tag","embeddable":true,"href":"https:\/\/edublog.educastur.es\/ixuxu\/wp-json\/wp\/v2\/tags?post=52057"}],"curies":[{"name":"wp","href":"https:\/\/api.w.org\/{rel}","templated":true}]}}