{"id":52072,"date":"2025-07-01T10:52:14","date_gmt":"2025-07-01T08:52:14","guid":{"rendered":"https:\/\/edublog.educastur.es\/ixuxu\/?p=52072"},"modified":"2025-07-01T11:06:22","modified_gmt":"2025-07-01T09:06:22","slug":"un-festival-desnudu-larte-efimero-de-porrua-en-boles","status":"publish","type":"post","link":"https:\/\/edublog.educastur.es\/ixuxu\/2025\/07\/un-festival-desnudu-larte-efimero-de-porrua-en-boles\/","title":{"rendered":"L&#8217;arte ef\u00edmero de \u00abPorr\u00faa en boles\u00bb, del 10 al 13 de xunetu"},"content":{"rendered":"<p style=\"text-align: center\"><a href=\"https:\/\/estaticos-cdn.prensaiberica.es\/clip\/a4fd27b1-021d-4384-914e-4a849483cc24_16-9-discover-aspect-ratio_default_0.webp\"><img loading=\"lazy\" decoding=\"async\" class=\"aligncenter size-large\" src=\"https:\/\/estaticos-cdn.prensaiberica.es\/clip\/a4fd27b1-021d-4384-914e-4a849483cc24_16-9-discover-aspect-ratio_default_0.webp\" width=\"1200\" height=\"675\" \/><\/a><\/p>\n<p>Un festival desnudu\u00bb: l&#8217;arte ef\u00edmero de<span style=\"color: #008080\"> <strong>\u00abPorr\u00faa en boles\u00bb<\/strong><\/span> vuelve faese visible unos d\u00edes para nun dexar (casi) rastru dempu\u00e9s. Una esposici\u00f3n fotogr\u00e1fica inaugura&#8217;l s\u00e1badu la quinta edici\u00f3n del festival d&#8217;intervenciones art\u00edstiques en boles de silu. Fonte: <a href=\"https:\/\/www.lne.es\/oriente\/2025\/07\/01\/festival-desnudo-arte-efimero-porrua-119229185.html?fbclid=IwY2xjawLQgM1leHRuA2FlbQIxMQBicmlkETA1a082T0J4Qk82VFJ4MXpaAR7YzYL_K6zm4RHyxuFc0oVqiUcUmr-mI_lt9xr8T29v4IBAzNM6Z9OZAz4ehQ_aem_P5b4ik9dLxDDejkvSRyeDA\">LNE<\/a><\/p>\n<p><!--more--><\/p>\n<p>Nada queda, cada a\u00f1u, de les quince boles de silu interven\u00edes por artistes na localid\u00e1 llanisca de Porr\u00faa. Verdaderu festival d&#8217;arte ef\u00edmero, el \u00abPorr\u00faa en boles\u00bb llega esta selmana a la so quinta edici\u00f3n y va facelo precisamente cola inauguraci\u00f3n d&#8217;una esposici\u00f3n fotogr\u00e1fica que recupera parte de los sesenta obres que se producieron a lo llargo de les \u00faltimes cites.<\/p>\n<p style=\"text-align: center\"><span class=\"html-span xexx8yu x4uap5 x18d9i69 xkhd6sd x1hl2dhg x16tdsg8 x1vvkbs x3nfvp2 x1j61x8r x1fcty0u xdj266r xat24cr xgzva0m xhhsvwb xxymvpz xlup9mm x1kky2od\">\n<!-- iframe plugin v.6.0 wordpress.org\/plugins\/iframe\/ -->\n<iframe loading=\"lazy\" src=\"https:\/\/www.instagram.com\/reel\/DLVa76NMMR_\/embed\" width=\"460\" height=\"630\" 0=\"\/iframe\" scrolling=\"yes\" class=\"iframe-class\" frameborder=\"0\"><\/iframe>\n<\/span><\/p>\n<p><strong>Temporalid\u00e1 ef\u00edmera<\/strong><\/p>\n<p>Comisariada por Luis Fe\u00e1s, la esposici\u00f3n ye una forma de recuperar lo que la mesma condici\u00f3n del festival escuende. Porque la cita, espliquen dende la organizaci\u00f3n, <em>\u00abafala una de les dimensiones caracter\u00edstiques del arte contemporaneo, la so temporalid\u00e1, ef\u00edmera\u00bb.<\/em> Am\u00e1s, otru de los valores del alcuentru, nun pretende dexar buelga, y esa desapaici\u00f3n tami\u00e9n apurre un enfoque respetuosu col mediu ambiente.<\/p>\n<p style=\"text-align: center\"><a href=\"https:\/\/estaticos-cdn.prensaiberica.es\/clip\/19eba5c9-3b6d-42f5-a715-d759a35b59ee_source-aspect-ratio_default_0.webp\"><img loading=\"lazy\" decoding=\"async\" class=\"aligncenter size-large\" src=\"https:\/\/estaticos-cdn.prensaiberica.es\/clip\/19eba5c9-3b6d-42f5-a715-d759a35b59ee_source-aspect-ratio_default_0.webp\" width=\"1600\" height=\"900\" \/><\/a><\/p>\n<p style=\"text-align: center\">Porr\u00faa en Boles convida a un pas\u00e9u pola localid\u00e1 llanisca<br \/>\nal travi\u00e9s del arte m\u00e1s rural \/ J.Quince<\/p>\n<p>\u00abAl cabu d&#8217;unes selmanes, o a lo sumo unos meses, nun queden y\u00e1 borrafes, sacantes los reten\u00edos pola memoria nuna activid\u00e1 que tien como principales y m\u00e1s asidues espectadores a les vaques\u00bb, cunten en \u00abPorr\u00faa en boles\u00bb. Pero s\u00ed queda toa esa documentaci\u00f3n gr\u00e1fica qu&#8217;agora va poder vese na Salona del Llac\u00edn.<\/p>\n<p><strong>La inaugraci\u00f3n, el s\u00e1badu<\/strong><\/p>\n<p>La inauguraci\u00f3n de l&#8217;amuesa va ser el s\u00e1badu 5 de xunetu a les 12 hores. Con ella da entamu&#8217;l festival y xusto dempu\u00e9s va presentase<strong><span style=\"color: #008080\"> \u00abUna bola con hestoria\u00bb<\/span><\/strong>, iniciativa conxunta cola marca Puru Remangu, y\u00e1 dientro del Llaciniegu, la romer\u00eda del Llac\u00edn, que se celebra ese mesma fin de selmana.<\/p>\n<p><strong>Un festival desnudu<\/strong><\/p>\n<p>Promovida pola Asociaci\u00f3n Cultural Llac\u00edn y empobinada pola pintora y ilustradora Nieves Gonz\u00e1lez, <span style=\"color: #008080\">\u00abPorr\u00faa en boles\u00bb (del 10 al 13 de xunetu)<\/span> ye un festival desnudu de pretensiones forzaes y con un barafuste decididamente l\u00fadicu y festivu, nel que l&#8217;arte adopta la so aguada m\u00e1s popular y accesible\u00bb. Esta caracter\u00edstica, espliquen los responsables de l&#8217;activid\u00e1, les diferencia d&#8217;otres iniciatives asemeyaes, desenvueltes dientro del \u00e1mbitu rural y fora de los espacios art\u00edsticos convencionales.<\/p>\n<p><strong>Esencia rural y ganadera<\/strong><\/p>\n<p>En Porr\u00faa, una quincena d&#8217;artistes intervien cada a\u00f1u nes boles de silu part\u00edes por <strong>esta localid\u00e1 del conceyu de Llanes,<\/strong> qu&#8217;inda caltien vivu la so esencia rural y ganadera. \u00abYe un festival de pueblu que g\u00fcel a pueblu, al formientu frescu de la yerba reci\u00e9n ensilada\u00bb. Pero tami\u00e9n participen, am\u00e1s de los artistes, ne\u00f1os y mayores, como asocede con programar<span style=\"color: #008080\"><strong> \u00abGuah.es y boles\u00bb<\/strong><\/span> y <strong><span style=\"color: #008080\">\u00abXenti y boles\u00bb<\/span><\/strong>, que busca promover la participaci\u00f3n infantil y l&#8217;activid\u00e1 interxeneracional<\/p>\n<p>&nbsp;<\/p>\n","protected":false},"excerpt":{"rendered":"<p>Un festival desnudu\u00bb: l&#8217;arte ef\u00edmero de \u00abPorr\u00faa en boles\u00bb vuelve faese visible unos d\u00edes para nun dexar (casi) rastru dempu\u00e9s. Una esposici\u00f3n fotogr\u00e1fica inaugura&#8217;l s\u00e1badu la quinta edici\u00f3n del festival d&#8217;intervenciones art\u00edstiques en boles de silu. Fonte: LNE<\/p>\n","protected":false},"author":117,"featured_media":0,"comment_status":"closed","ping_status":"open","sticky":false,"template":"","format":"standard","meta":{"footnotes":""},"categories":[89,204],"tags":[],"class_list":["post-52072","post","type-post","status-publish","format-standard","hentry","category-arte","category-festivales"],"_links":{"self":[{"href":"https:\/\/edublog.educastur.es\/ixuxu\/wp-json\/wp\/v2\/posts\/52072","targetHints":{"allow":["GET"]}}],"collection":[{"href":"https:\/\/edublog.educastur.es\/ixuxu\/wp-json\/wp\/v2\/posts"}],"about":[{"href":"https:\/\/edublog.educastur.es\/ixuxu\/wp-json\/wp\/v2\/types\/post"}],"author":[{"embeddable":true,"href":"https:\/\/edublog.educastur.es\/ixuxu\/wp-json\/wp\/v2\/users\/117"}],"replies":[{"embeddable":true,"href":"https:\/\/edublog.educastur.es\/ixuxu\/wp-json\/wp\/v2\/comments?post=52072"}],"version-history":[{"count":5,"href":"https:\/\/edublog.educastur.es\/ixuxu\/wp-json\/wp\/v2\/posts\/52072\/revisions"}],"predecessor-version":[{"id":52082,"href":"https:\/\/edublog.educastur.es\/ixuxu\/wp-json\/wp\/v2\/posts\/52072\/revisions\/52082"}],"wp:attachment":[{"href":"https:\/\/edublog.educastur.es\/ixuxu\/wp-json\/wp\/v2\/media?parent=52072"}],"wp:term":[{"taxonomy":"category","embeddable":true,"href":"https:\/\/edublog.educastur.es\/ixuxu\/wp-json\/wp\/v2\/categories?post=52072"},{"taxonomy":"post_tag","embeddable":true,"href":"https:\/\/edublog.educastur.es\/ixuxu\/wp-json\/wp\/v2\/tags?post=52072"}],"curies":[{"name":"wp","href":"https:\/\/api.w.org\/{rel}","templated":true}]}}