{"id":52090,"date":"2025-07-01T11:20:14","date_gmt":"2025-07-01T09:20:14","guid":{"rendered":"https:\/\/edublog.educastur.es\/ixuxu\/?p=52090"},"modified":"2025-07-01T11:20:32","modified_gmt":"2025-07-01T09:20:32","slug":"asturies-plato-del-mundu","status":"publish","type":"post","link":"https:\/\/edublog.educastur.es\/ixuxu\/2025\/07\/asturies-plato-del-mundu\/","title":{"rendered":"Asturies, plat\u00f3 del mundu"},"content":{"rendered":"<p style=\"text-align: center\"><span class=\"html-span xexx8yu x4uap5 x18d9i69 xkhd6sd x1hl2dhg x16tdsg8 x1vvkbs x3nfvp2 x1j61x8r x1fcty0u xdj266r xat24cr xgzva0m xhhsvwb xxymvpz xlup9mm x1kky2od\">\n<!-- iframe plugin v.6.0 wordpress.org\/plugins\/iframe\/ -->\n<iframe loading=\"lazy\" src=\"https:\/\/www.instagram.com\/reel\/DLf2Xn1o398\/embed\" width=\"640\" height=\"460\" 0=\"\/iframe\" scrolling=\"yes\" class=\"iframe-class\" frameborder=\"0\"><\/iframe>\n<\/span><\/p>\n<div class=\"x9f619 xjbqb8w x78zum5 x15mokao x1ga7v0g x16uus16 xbiv7yw x2fvf9 x1n2onr6 x1plvlek xryxfnj x1c4vz4f x2lah0s xdt5ytf xqjyukv x1qjc9v5 x1oa3qoh x1nhvcw1\">\n<ul>\n<li>\ud83d\udcf8 Autor: Quim Vives \/<a href=\"https:\/\/www.instagram.com\/culturaast\/\"> https:\/\/www.instagram.com\/culturaast\/<\/a><\/li>\n<\/ul>\n<\/div>\n<div class=\"xt0psk2\">\n<p class=\"_ap3a _aaco _aacu _aacx _aad7 _aade\" dir=\"auto\">\ud83c\udfac Asturies, plat\u00f3 del mundu. \ud83d\udcccEl Princip\u00e1u consol\u00eddase como dest\u00edn de primer nivel pal cine internacional tres atrayer cuasi 3 millones d\u2019inversi\u00f3n en 2024, seg\u00fan l\u2019informe de Profilm present\u00e1u esta selmana en Barcelona. \ud83c\udfdb\ufe0fLa Conseyer\u00eda de Cultura impulsa un sector que nun para de crecer, con ayudes nueves, presencia n\u2019alcuentros europeos y un gran proyectu: el futuru del audiovisual d\u2019Asturies. \ud83d\udcfd\ufe0f Cola marca <span style=\"color: #008080\"><strong>Cine d\u2019Asturies<\/strong><\/span>, la Film Commission y la creaci\u00f3n futura del <strong><span style=\"color: #008080\">Observatoriu del Curtiumetraxe<\/span><\/strong> en collaboraci\u00f3n col Ministeriu, \u00e1brese&#8217;l cam\u00edn hacia una industria cultural asturiana m\u00e1s fuerte, innovadora y conectada colos est\u00e1ndares internacionales.<\/p>\n<\/div>\n","protected":false},"excerpt":{"rendered":"<p>\ud83d\udcf8 Autor: Quim Vives \/ https:\/\/www.instagram.com\/culturaast\/ \ud83c\udfac Asturies, plat\u00f3 del mundu. \ud83d\udcccEl Princip\u00e1u consol\u00eddase como dest\u00edn de primer nivel pal cine internacional tres atrayer cuasi 3 millones d\u2019inversi\u00f3n en 2024, seg\u00fan l\u2019informe de Profilm present\u00e1u esta selmana en Barcelona. \ud83c\udfdb\ufe0fLa Conseyer\u00eda de Cultura impulsa un sector que nun para de crecer, con ayudes nueves, presencia [&hellip;]<\/p>\n","protected":false},"author":117,"featured_media":0,"comment_status":"closed","ping_status":"open","sticky":false,"template":"","format":"standard","meta":{"footnotes":""},"categories":[299],"tags":[],"class_list":["post-52090","post","type-post","status-publish","format-standard","hentry","category-cine"],"_links":{"self":[{"href":"https:\/\/edublog.educastur.es\/ixuxu\/wp-json\/wp\/v2\/posts\/52090","targetHints":{"allow":["GET"]}}],"collection":[{"href":"https:\/\/edublog.educastur.es\/ixuxu\/wp-json\/wp\/v2\/posts"}],"about":[{"href":"https:\/\/edublog.educastur.es\/ixuxu\/wp-json\/wp\/v2\/types\/post"}],"author":[{"embeddable":true,"href":"https:\/\/edublog.educastur.es\/ixuxu\/wp-json\/wp\/v2\/users\/117"}],"replies":[{"embeddable":true,"href":"https:\/\/edublog.educastur.es\/ixuxu\/wp-json\/wp\/v2\/comments?post=52090"}],"version-history":[{"count":2,"href":"https:\/\/edublog.educastur.es\/ixuxu\/wp-json\/wp\/v2\/posts\/52090\/revisions"}],"predecessor-version":[{"id":52092,"href":"https:\/\/edublog.educastur.es\/ixuxu\/wp-json\/wp\/v2\/posts\/52090\/revisions\/52092"}],"wp:attachment":[{"href":"https:\/\/edublog.educastur.es\/ixuxu\/wp-json\/wp\/v2\/media?parent=52090"}],"wp:term":[{"taxonomy":"category","embeddable":true,"href":"https:\/\/edublog.educastur.es\/ixuxu\/wp-json\/wp\/v2\/categories?post=52090"},{"taxonomy":"post_tag","embeddable":true,"href":"https:\/\/edublog.educastur.es\/ixuxu\/wp-json\/wp\/v2\/tags?post=52090"}],"curies":[{"name":"wp","href":"https:\/\/api.w.org\/{rel}","templated":true}]}}