{"id":52119,"date":"2025-07-01T18:39:30","date_gmt":"2025-07-01T16:39:30","guid":{"rendered":"https:\/\/edublog.educastur.es\/ixuxu\/?p=52119"},"modified":"2025-07-01T18:39:30","modified_gmt":"2025-07-01T16:39:30","slug":"aitana-navas-y-santiago-nun-conciertu-intimu-nel-balneariu-de-borines-pilona","status":"publish","type":"post","link":"https:\/\/edublog.educastur.es\/ixuxu\/2025\/07\/aitana-navas-y-santiago-nun-conciertu-intimu-nel-balneariu-de-borines-pilona\/","title":{"rendered":"Aitana Navas y Santiago nun conciertu \u00edntimu nel Balneariu de Borines (Pilo\u00f1a)"},"content":{"rendered":"<div class=\"html-div xdj266r x14z9mp xat24cr x1lziwak xexx8yu x1a8lsjc xf7dkkf xv54qhq\">\n<div class=\"html-div xdj266r x14z9mp xat24cr x1lziwak xexx8yu xyri2b x18d9i69 x1c1uobl x1jx94hy x78zum5 x1q0g3np\">\n<div class=\"x78zum5 xdt5ytf xz62fqu x16ldp7u\">\n<div class=\"xu06os2 x1ok221b\">\n<div class=\"html-div xdj266r x14z9mp xat24cr x1lziwak xexx8yu xyri2b x18d9i69 x1c1uobl\" data-ad-rendering-role=\"profile_name\">\n<ul>\n<li class=\"html-h3 x14z9mp xat24cr x1lziwak xexx8yu xyri2b x18d9i69 x1c1uobl x1vvkbs x1heor9g x1qlqyl8 x1pd3egz x1a2a7pz x1gslohp x1yc453h\"><span class=\"x1lliihq x6ikm8r x10wlt62 x1n2onr6\"><span class=\"xt0psk2\"><a class=\"x1i10hfl xjbqb8w x1ejq31n x18oe1m7 x1sy0etr xstzfhl x972fbf x10w94by x1qhh985 x14e42zd x9f619 x1ypdohk xt0psk2 xe8uvvx xdj266r x14z9mp xat24cr x1lziwak xexx8yu xyri2b x18d9i69 x1c1uobl x16tdsg8 x1hl2dhg xggy1nq x1a2a7pz xkrqix3 x1sur9pj xzsf02u x1s688f\" role=\"link\" href=\"https:\/\/www.facebook.com\/borinescultura?__cft__[0]=AZU9F12-ggPYRxsDT0-5N0WmGVAYbwMIf5K0wBMUvdl4pW27IXf7bhujaL8UEF5D37drWOlbIPGS6L7IU0cvNerXIv-NW0sBbcgwPWBZEIXNEDGtMlMKNmaGlw2phFuaK7vPn9b-djGgx5y1TziKJ-SWx4jVn2d9vVs43cu_6_YqzYX64NcbVrJxpa7w_9_PlUbHJ3BzpG8DqUgvVJVu3aQ4Jr9Ri2v8yUEK2UMuS5GB5g&amp;__tn__=-UC%2CP-y-R\"><strong class=\"html-strong xdj266r x14z9mp xat24cr x1lziwak xexx8yu xyri2b x18d9i69 x1c1uobl x1hl2dhg x16tdsg8 x1vvkbs x1s688f\"><span class=\"html-span xdj266r x14z9mp xat24cr x1lziwak xexx8yu xyri2b x18d9i69 x1c1uobl x1hl2dhg x16tdsg8 x1vvkbs\">Borines<\/span><\/strong><\/a><\/span><\/span><span style=\"font-size: 16px\">\/ <a href=\"https:\/\/scontent-bcn1-1.xx.fbcdn.net\/v\/t39.30808-6\/514321236_1380796930304142_6739138333371008512_n.jpg?_nc_cat=110&amp;ccb=1-7&amp;_nc_sid=127cfc&amp;_nc_ohc=gnTtiA7Jgc8Q7kNvwFlqBx8&amp;_nc_oc=AdlZZB2pwEXaOCWhbrmSHJ1cJnL7ZdiHvPnQlwdnKgwtB4TUOydv9NIG9I6aCtHu1plQYVBtaexgblBlbsVEmFL9&amp;_nc_zt=23&amp;_nc_ht=scontent-bcn1-1.xx&amp;_nc_gid=c9uIvzFzSrqMx0E_M0-8hg&amp;oh=00_AfMFisCYQvg-tSTLXyIYjwWURCI5abYm6VfrfeA1njtfHA&amp;oe=6869F79A\">cartelu<\/a><\/span><\/li>\n<\/ul>\n<p style=\"text-align: center\"><a href=\"https:\/\/cd1.taquilla.com\/data\/images\/t\/c4\/-aitana-navas-santiago-vokram.jpeg\"><img loading=\"lazy\" decoding=\"async\" class=\"aligncenter \" src=\"https:\/\/cd1.taquilla.com\/data\/images\/t\/c4\/-aitana-navas-santiago-vokram.jpeg\" width=\"474\" height=\"671\" \/><\/a><\/p>\n<\/div>\n<\/div>\n<\/div>\n<\/div>\n<\/div>\n<div class=\"html-div xdj266r x14z9mp xat24cr x1lziwak xexx8yu xyri2b x18d9i69 x1c1uobl\" dir=\"auto\">\n<div class=\"html-div xdj266r x14z9mp xat24cr x1lziwak xexx8yu xyri2b x18d9i69 x1c1uobl\" dir=\"auto\">\n<div class=\"html-div xdj266r x14z9mp xat24cr x1lziwak xexx8yu xyri2b x18d9i69 x1c1uobl\" data-ad-rendering-role=\"story_message\">\n<div class=\"x1l90r2v x1iorvi4 x1g0dm76 xpdmqnj\" data-ad-comet-preview=\"message\" data-ad-preview=\"message\">\n<div class=\"x78zum5 xdt5ytf xz62fqu x16ldp7u\">\n<div class=\"xu06os2 x1ok221b\">\n<div class=\"html-div xdj266r x14z9mp xat24cr x1lziwak xexx8yu xyri2b x18d9i69 x1c1uobl\">\n<div class=\"xdj266r x14z9mp xat24cr x1lziwak x1vvkbs x126k92a\">\n<div dir=\"auto\">\u00a1Si tas faciendo planes para esti branu, marca nel to calendariu&#8217;l d\u00eda 9 d&#8217;agostu! Dende Borines, Manantial de Cultura abrimos les puertes del Balneariu a<strong> Aitana Navas y Santiago Vokram<\/strong> nun conciertu \u00edntimu onde la emoci\u00f3n y la m\u00fasica enxar\u00e9yense para rindir homenaxe a les grandes voces femenines de g\u00fcei y a quien les inspiraron, como Amy Winehouse o Etta James.<\/div>\n<div dir=\"auto\"><!--more--><br \/>\nLa cantane nun procesu de sanaci\u00f3n personal, une la so voz al viol\u00edn de Vokram \u2014m\u00fasicu de reconocida trayectoria, con pasos per Magu de Oz, \u201cMalinche\u201d de Nachu Cano y collaboraciones con Diego&#8217;l Cigala ente otros\u2014 pa ufiertar un percorr\u00edu sonoru que transita la vulnerabilid\u00e1, la guapura y la fuerza tresformador del arte.<\/div>\n<div dir=\"auto\" style=\"text-align: center\"><a href=\"https:\/\/media.licdn.com\/dms\/image\/v2\/D4E16AQGPpO7U17esnA\/profile-displaybackgroundimage-shrink_350_1400\/B4EZcni.q1HQAY-\/0\/1748715172604?e=1756944000&amp;v=beta&amp;t=WWIAOv2J4stvQ_ede8-WH5mhLJ43DWlBCIKInoXGZdQ\"><img loading=\"lazy\" decoding=\"async\" class=\"aligncenter size-large\" src=\"https:\/\/media.licdn.com\/dms\/image\/v2\/D4E16AQGPpO7U17esnA\/profile-displaybackgroundimage-shrink_350_1400\/B4EZcni.q1HQAY-\/0\/1748715172604?e=1756944000&amp;v=beta&amp;t=WWIAOv2J4stvQ_ede8-WH5mhLJ43DWlBCIKInoXGZdQ\" width=\"1400\" height=\"350\" \/><\/a><\/div>\n<ul>\n<li dir=\"auto\">Una nueche pa escuchar, sentir y sanar, onde cada nota busca tocar l&#8217;alma: <strong>s\u00e1badu 9 d&#8217;agostu<\/strong><\/li>\n<li dir=\"auto\">Entrada antemanada 18 \u20ac en entradium &#8211; link en refugamos | en puerta 20\u20ac hasta completar l&#8217;aforu (efectivu)<\/li>\n<li dir=\"auto\">Apertura de puertes: 19.00h<\/li>\n<li dir=\"auto\"><strong>Entamu de conciertu: 19.30h<\/strong><\/li>\n<li dir=\"auto\"><strong>Allugamientu: Balneariu de Borines<\/strong>, carretera xeneral s\/n 33583 Borines, Pilo\u00f1a (Asturies)<br \/>\n[Zona d&#8217;aparcamientu llindada encami\u00e9ntase compartir tresporte p&#8217;amenorgar el n\u00famberu de veh\u00edculos.]<\/li>\n<\/ul>\n<p style=\"text-align: center\">\n<!-- iframe plugin v.6.0 wordpress.org\/plugins\/iframe\/ -->\n<iframe loading=\"lazy\" src=\"https:\/\/www.facebook.com\/plugins\/post.php?href=https%3A%2F%2Fwww.facebook.com%2Fborinescultura%2Fposts%2Fpfbid037VNws3eZS9YFBMX45cH5pNB4N7HCnGkjm7Y8tx11JxVbDEWUPTq13qp55uCPKFzkl&#038;show_text=false&#038;width=500\" width=\"500\" height=\"497\" style=\"border:none;overflow:hidden\" scrolling=\"no\" frameborder=\"0\" allowfullscreen=\"true\" allow=\"autoplay; clipboard-write; encrypted-media; picture-in-picture; web-share\" 0=\"\/iframe\" class=\"iframe-class\"><\/iframe>\n<\/p>\n<\/div>\n<\/div>\n<\/div>\n<\/div>\n<\/div>\n<\/div>\n<\/div>\n<\/div>\n<p>&nbsp;<\/p>\n","protected":false},"excerpt":{"rendered":"<p>Borines\/ cartelu \u00a1Si tas faciendo planes para esti branu, marca nel to calendariu&#8217;l d\u00eda 9 d&#8217;agostu! Dende Borines, Manantial de Cultura abrimos les puertes del Balneariu a Aitana Navas y Santiago Vokram nun conciertu \u00edntimu onde la emoci\u00f3n y la m\u00fasica enxar\u00e9yense para rindir homenaxe a les grandes voces femenines de g\u00fcei y a quien [&hellip;]<\/p>\n","protected":false},"author":117,"featured_media":0,"comment_status":"closed","ping_status":"open","sticky":false,"template":"","format":"standard","meta":{"footnotes":""},"categories":[176,35],"tags":[],"class_list":["post-52119","post","type-post","status-publish","format-standard","hentry","category-conciertu","category-musica"],"_links":{"self":[{"href":"https:\/\/edublog.educastur.es\/ixuxu\/wp-json\/wp\/v2\/posts\/52119","targetHints":{"allow":["GET"]}}],"collection":[{"href":"https:\/\/edublog.educastur.es\/ixuxu\/wp-json\/wp\/v2\/posts"}],"about":[{"href":"https:\/\/edublog.educastur.es\/ixuxu\/wp-json\/wp\/v2\/types\/post"}],"author":[{"embeddable":true,"href":"https:\/\/edublog.educastur.es\/ixuxu\/wp-json\/wp\/v2\/users\/117"}],"replies":[{"embeddable":true,"href":"https:\/\/edublog.educastur.es\/ixuxu\/wp-json\/wp\/v2\/comments?post=52119"}],"version-history":[{"count":1,"href":"https:\/\/edublog.educastur.es\/ixuxu\/wp-json\/wp\/v2\/posts\/52119\/revisions"}],"predecessor-version":[{"id":52120,"href":"https:\/\/edublog.educastur.es\/ixuxu\/wp-json\/wp\/v2\/posts\/52119\/revisions\/52120"}],"wp:attachment":[{"href":"https:\/\/edublog.educastur.es\/ixuxu\/wp-json\/wp\/v2\/media?parent=52119"}],"wp:term":[{"taxonomy":"category","embeddable":true,"href":"https:\/\/edublog.educastur.es\/ixuxu\/wp-json\/wp\/v2\/categories?post=52119"},{"taxonomy":"post_tag","embeddable":true,"href":"https:\/\/edublog.educastur.es\/ixuxu\/wp-json\/wp\/v2\/tags?post=52119"}],"curies":[{"name":"wp","href":"https:\/\/api.w.org\/{rel}","templated":true}]}}