{"id":52123,"date":"2025-07-01T18:48:12","date_gmt":"2025-07-01T16:48:12","guid":{"rendered":"https:\/\/edublog.educastur.es\/ixuxu\/?p=52123"},"modified":"2025-07-01T19:27:47","modified_gmt":"2025-07-01T17:27:47","slug":"sabes-por-que-se-cellebren-los-esconxuraos","status":"publish","type":"post","link":"https:\/\/edublog.educastur.es\/ixuxu\/2025\/07\/sabes-por-que-se-cellebren-los-esconxuraos\/","title":{"rendered":"\u00bfSabes por qu\u00e9 se cellebren los Esconxuraos en Llanera?"},"content":{"rendered":"<p style=\"text-align: center\"><span class=\"html-span xexx8yu x4uap5 x18d9i69 xkhd6sd x1hl2dhg x16tdsg8 x1vvkbs x3nfvp2 x1j61x8r x1fcty0u xdj266r xat24cr xgzva0m xhhsvwb xxymvpz xlup9mm x1kky2od\">\n<!-- iframe plugin v.6.0 wordpress.org\/plugins\/iframe\/ -->\n<iframe loading=\"lazy\" src=\"https:\/\/www.instagram.com\/reel\/DLj5-qiMcfh\/embed\" width=\"480\" height=\"640\" 0=\"\/iframe\" scrolling=\"yes\" class=\"iframe-class\" frameborder=\"0\"><\/iframe>\n<\/span><\/p>\n<div class=\"html-div xdj266r x14z9mp xat24cr x1lziwak xexx8yu xyri2b x18d9i69 x1c1uobl xmjcpbm x1n2onr6 x1lku1pv\">\n<div class=\"x9f619 x1ja2u2z x78zum5 x2lah0s x1n2onr6 x1qughib x6s0dn4 xozqiw3 x1q0g3np x1ws5yxj xw01apr xsag5q8 xv54qhq xf7dkkf xz9dl7a\">\n<div class=\"x9f619 x1n2onr6 x1ja2u2z x193iq5w xeuugli x1r8uery x1iyjqo2 xs83m0k x1icxu4v x25sj25\">\n<div class=\"html-div x14z9mp x1lziwak xyri2b x1c1uobl x4vbgl9 x1rdy4ex x6ikm8r x10wlt62 xjkvuk6 x1iorvi4\">\n<div class=\"x78zum5 xdt5ytf xz62fqu x16ldp7u\">\n<div>Tou llistu en Llanera para vivir esta fin de selmana la gran cita de los <strong>Exconxuraos<\/strong>: este ye&#8217;l programa. La fiesta, <strong>del 4 al 6 de xunetu<\/strong>, cuenta angua\u00f1o con un cartelu musical integr\u00e1u por M\u00e4go de Oz, Par\u00eds de Noia y Dani Parrondo, ente otros. <span class=\"x193iq5w xeuugli x13faqbe x1vvkbs x1xmvt09 x1lliihq x1s928wv xhkezso x1gmr53x x1cpjm7i x1fgarty x1943h6x xudqn12 x3x7a5m x1jchvi3 x1lbecb7 x1s688f xzsf02u x1yc453h\" dir=\"auto\"><span class=\"x1lliihq x6ikm8r x10wlt62 x1n2onr6 x1j85h84\"><span class=\"html-span xdj266r x14z9mp xat24cr x1lziwak xexx8yu xyri2b x18d9i69 x1c1uobl x1hl2dhg x16tdsg8 x1vvkbs\" data-ad-rendering-role=\"title\"><span class=\"html-span xdj266r x14z9mp xat24cr x1lziwak xexx8yu xyri2b x18d9i69 x1c1uobl x1hl2dhg x16tdsg8 x1vvkbs\" dir=\"auto\">Esta fiesta, empezada nel 2005, tien muncha hestoria detr\u00e1s. <strong><a href=\"https:\/\/www.llanera.es\/exconsuraos\">Web<\/a> <\/strong>\/\u00a0<a href=\"https:\/\/www.lne.es\/llanera\/2025\/07\/01\/listo-llanera-vivir-semana-gran-119230173.html\">LNE<\/a><\/span><\/span><\/span><\/span><\/div>\n<div><\/div>\n<div style=\"text-align: center\"><a href=\"https:\/\/www.llanera.es\/documents\/5416491\/0\/LUCHA+DE+CABALLEROS+-+EXCONXURAOS\/ad1e6ff2-f9b2-4b88-8a83-89dfe8d84a50?t=1612183208577\"><img loading=\"lazy\" decoding=\"async\" class=\"aligncenter size-large\" src=\"https:\/\/www.llanera.es\/documents\/5416491\/0\/LUCHA+DE+CABALLEROS+-+EXCONXURAOS\/ad1e6ff2-f9b2-4b88-8a83-89dfe8d84a50?t=1612183208577\" width=\"4580\" height=\"3053\" \/><\/a><\/div>\n<div><!--more--><\/div>\n<div>\n<p>Esta fiesta esta declarada d&#8217;INTER\u00c9S TUR\u00cdSTICU DEL PRINCIP\u00c1U D&#8217;ASTURIES.<\/p>\n<p>Mientres tr\u00e9s d\u00edes, ensin dulda, ye una cita imprescindible en Llanera. Cel\u00e9brase la primer fin de selmana de xunetu na Cortil Ferial, que <strong>convi\u00e9rtese n&#8217;una aut\u00e9ntica recreaci\u00f3n de la vida medieval de la d\u00f3mina para celebrar la rebeli\u00f3n de los habitantes del conceyu nel a\u00f1u 1408<\/strong>, cansaos de los abusos del obispu uvie\u00edn en forma d&#8217;impuestos abusivos, que-yos vali\u00f3 la pena d&#8217;escomuni\u00f3n hasta 1412.<\/p>\n<p>Un torn\u00e9u ente cuatro caballeros, xuna cena pa m\u00e1s de mil persones, y un desfile de participantes vist\u00edos de sacu son dalgunos de los elementos m\u00e1s llamativos.<\/p>\n<\/div>\n<div style=\"text-align: center\"><a href=\"https:\/\/estaticos-cdn.prensaiberica.es\/clip\/e83d1c76-3b42-45a4-b35d-0a6a30ace137_16-9-aspect-ratio_default_0.webp\"><img loading=\"lazy\" decoding=\"async\" class=\"aligncenter size-large\" src=\"https:\/\/estaticos-cdn.prensaiberica.es\/clip\/e83d1c76-3b42-45a4-b35d-0a6a30ace137_16-9-aspect-ratio_default_0.webp\" width=\"880\" height=\"495\" \/><\/a><\/div>\n<\/div>\n<\/div>\n<\/div>\n<\/div>\n<\/div>\n<p>Tou llistu en Llanera para la gran fiesta de los Exconxuraos d&#8217;esta fin de selmana. Nel ferial del conceyu, en Ables, va haber enforma de lo qu&#8217;esfrutar, ente otres coses, <span style=\"color: #008080\"><strong>esposici\u00f3n de cetrer\u00eda, talleres artesanales, demostraciones de combates y torneos medievales, am\u00e1s de muncha m\u00fasica y zona infantil con xuegos<\/strong><\/span>. La ocasi\u00f3n merecer siempres y m\u00e1s angua\u00f1o nel que se festexa&#8217;l 25\u00ba aniversariu d&#8217;una cita que se convirti\u00f3 n&#8217;emblema del conceyu.<\/p>\n<p>Les celebraciones van tener llugar del vienres 4 al domingu 6 de xunetu, anque dientro de les actividaes programaes tami\u00e9n ayeri inaugur\u00f3se y\u00e1 xuna esposici\u00f3n na Plaza de L&#8217;Habana de Posada qu&#8217;arrexunta fotograf\u00edes y elementos sobro la festivid\u00e1 como carteler\u00eda, programes o, inclusive, la cac\u00eda tradicional de la cena medieval.<\/p>\n<p style=\"text-align: center\">\n<!-- iframe plugin v.6.0 wordpress.org\/plugins\/iframe\/ -->\n<iframe loading=\"lazy\" src=\"https:\/\/www.facebook.com\/plugins\/post.php?href=https%3A%2F%2Fwww.facebook.com%2Fmusicalsporteventos%2Fposts%2Fpfbid026eLytWK1sQgS2LjxHEhLDnmY2EQT2F7xA7aV6iXeHLF4a2gJjRLYSQ1A7Yx2Xhhql&#038;show_text=true&#038;width=500\" width=\"500\" height=\"659\" style=\"border:none;overflow:hidden\" scrolling=\"no\" frameborder=\"0\" allowfullscreen=\"true\" allow=\"autoplay; clipboard-write; encrypted-media; picture-in-picture; web-share\" 0=\"\/iframe\" class=\"iframe-class\"><\/iframe>\n<\/p>\n","protected":false},"excerpt":{"rendered":"<p>Tou llistu en Llanera para vivir esta fin de selmana la gran cita de los Exconxuraos: este ye&#8217;l programa. La fiesta, del 4 al 6 de xunetu, cuenta angua\u00f1o con un cartelu musical integr\u00e1u por M\u00e4go de Oz, Par\u00eds de Noia y Dani Parrondo, ente otros. Esta fiesta, empezada nel 2005, tien muncha hestoria detr\u00e1s. [&hellip;]<\/p>\n","protected":false},"author":117,"featured_media":0,"comment_status":"closed","ping_status":"open","sticky":false,"template":"","format":"standard","meta":{"footnotes":""},"categories":[21,112],"tags":[],"class_list":["post-52123","post","type-post","status-publish","format-standard","hentry","category-fiestes","category-ver-asturies"],"_links":{"self":[{"href":"https:\/\/edublog.educastur.es\/ixuxu\/wp-json\/wp\/v2\/posts\/52123","targetHints":{"allow":["GET"]}}],"collection":[{"href":"https:\/\/edublog.educastur.es\/ixuxu\/wp-json\/wp\/v2\/posts"}],"about":[{"href":"https:\/\/edublog.educastur.es\/ixuxu\/wp-json\/wp\/v2\/types\/post"}],"author":[{"embeddable":true,"href":"https:\/\/edublog.educastur.es\/ixuxu\/wp-json\/wp\/v2\/users\/117"}],"replies":[{"embeddable":true,"href":"https:\/\/edublog.educastur.es\/ixuxu\/wp-json\/wp\/v2\/comments?post=52123"}],"version-history":[{"count":10,"href":"https:\/\/edublog.educastur.es\/ixuxu\/wp-json\/wp\/v2\/posts\/52123\/revisions"}],"predecessor-version":[{"id":52142,"href":"https:\/\/edublog.educastur.es\/ixuxu\/wp-json\/wp\/v2\/posts\/52123\/revisions\/52142"}],"wp:attachment":[{"href":"https:\/\/edublog.educastur.es\/ixuxu\/wp-json\/wp\/v2\/media?parent=52123"}],"wp:term":[{"taxonomy":"category","embeddable":true,"href":"https:\/\/edublog.educastur.es\/ixuxu\/wp-json\/wp\/v2\/categories?post=52123"},{"taxonomy":"post_tag","embeddable":true,"href":"https:\/\/edublog.educastur.es\/ixuxu\/wp-json\/wp\/v2\/tags?post=52123"}],"curies":[{"name":"wp","href":"https:\/\/api.w.org\/{rel}","templated":true}]}}