{"id":52139,"date":"2025-07-01T18:45:27","date_gmt":"2025-07-01T16:45:27","guid":{"rendered":"https:\/\/edublog.educastur.es\/ixuxu\/?p=52139"},"modified":"2025-07-01T19:28:06","modified_gmt":"2025-07-01T17:28:06","slug":"52139","status":"publish","type":"post","link":"https:\/\/edublog.educastur.es\/ixuxu\/2025\/07\/52139\/","title":{"rendered":""},"content":{"rendered":"<p style=\"text-align: center\"><span style=\"color: #800080;font-size: 28px\"><strong><em>\u00abLa to xera <\/em><\/strong><\/span><br \/>\n<span style=\"color: #800080;font-size: 28px\"><strong><em>ye llevar la vida n&#8217;alto, <\/em><\/strong><\/span><br \/>\n<span style=\"color: #800080;font-size: 28px\"><strong><em>xugar con ella, llanzala <\/em><\/strong><\/span><br \/>\n<span style=\"color: #800080;font-size: 28px\"><strong><em>como una voz a les nubes, <\/em><\/strong><\/span><br \/>\n<span style=\"color: #800080;font-size: 28px\"><strong><em>a que recueya les lluces<\/em><\/strong><\/span><br \/>\n<span style=\"color: #800080;font-size: 28px\"><strong><em>que nos colaron y\u00e1.<\/em><\/strong><\/span><\/p>\n<p style=\"text-align: center\"><span style=\"color: #800080;font-size: 28px\"><strong><em>Ese ye la to sin\u00f3n: vivite.<\/em><\/strong><\/span><br \/>\n<span style=\"color: #800080;font-size: 28px\"><strong><em>Nun faigas nada.<\/em><\/strong><\/span><br \/>\n<span style=\"color: #800080;font-size: 28px\"><strong><em>La to obra yes tu, nam\u00e1s\u00bb.<\/em><\/strong><\/span><br \/>\nPedro Salinas<\/p>\n<p>&nbsp;<\/p>\n<div dir=\"auto\"><\/div>\n","protected":false},"excerpt":{"rendered":"<p>\u00abLa to xera ye llevar la vida n&#8217;alto, xugar con ella, llanzala como una voz a les nubes, a que recueya les lluces que nos colaron y\u00e1. Ese ye la to sin\u00f3n: vivite. Nun faigas nada. La to obra yes tu, nam\u00e1s\u00bb. Pedro Salinas &nbsp;<\/p>\n","protected":false},"author":117,"featured_media":0,"comment_status":"closed","ping_status":"open","sticky":false,"template":"","format":"quote","meta":{"footnotes":""},"categories":[1],"tags":[],"class_list":["post-52139","post","type-post","status-publish","format-quote","hentry","category-sin-categoria","post_format-post-format-quote"],"_links":{"self":[{"href":"https:\/\/edublog.educastur.es\/ixuxu\/wp-json\/wp\/v2\/posts\/52139","targetHints":{"allow":["GET"]}}],"collection":[{"href":"https:\/\/edublog.educastur.es\/ixuxu\/wp-json\/wp\/v2\/posts"}],"about":[{"href":"https:\/\/edublog.educastur.es\/ixuxu\/wp-json\/wp\/v2\/types\/post"}],"author":[{"embeddable":true,"href":"https:\/\/edublog.educastur.es\/ixuxu\/wp-json\/wp\/v2\/users\/117"}],"replies":[{"embeddable":true,"href":"https:\/\/edublog.educastur.es\/ixuxu\/wp-json\/wp\/v2\/comments?post=52139"}],"version-history":[{"count":2,"href":"https:\/\/edublog.educastur.es\/ixuxu\/wp-json\/wp\/v2\/posts\/52139\/revisions"}],"predecessor-version":[{"id":52141,"href":"https:\/\/edublog.educastur.es\/ixuxu\/wp-json\/wp\/v2\/posts\/52139\/revisions\/52141"}],"wp:attachment":[{"href":"https:\/\/edublog.educastur.es\/ixuxu\/wp-json\/wp\/v2\/media?parent=52139"}],"wp:term":[{"taxonomy":"category","embeddable":true,"href":"https:\/\/edublog.educastur.es\/ixuxu\/wp-json\/wp\/v2\/categories?post=52139"},{"taxonomy":"post_tag","embeddable":true,"href":"https:\/\/edublog.educastur.es\/ixuxu\/wp-json\/wp\/v2\/tags?post=52139"}],"curies":[{"name":"wp","href":"https:\/\/api.w.org\/{rel}","templated":true}]}}