{"id":52161,"date":"2025-07-02T08:35:39","date_gmt":"2025-07-02T06:35:39","guid":{"rendered":"https:\/\/edublog.educastur.es\/ixuxu\/?p=52161"},"modified":"2025-07-02T20:46:28","modified_gmt":"2025-07-02T18:46:28","slug":"el-tiempu-el-comercio-82","status":"publish","type":"post","link":"https:\/\/edublog.educastur.es\/ixuxu\/2025\/07\/el-tiempu-el-comercio-82\/","title":{"rendered":"El tiempu (El Comercio)"},"content":{"rendered":"<p style=\"text-align: center\"><a href=\"https:\/\/s1.ppllstatics.com\/elcomercio\/www\/multimedia\/2025\/07\/01\/tiempo-asturias-miercoles-3-julio-ksRC-U2301948938566Ca-1200x860@El%20Comercio.jpg\"><img loading=\"lazy\" decoding=\"async\" class=\"aligncenter size-large\" src=\"https:\/\/s1.ppllstatics.com\/elcomercio\/www\/multimedia\/2025\/07\/01\/tiempo-asturias-miercoles-3-julio-ksRC-U2301948938566Ca-1200x860@El%20Comercio.jpg\" width=\"1200\" height=\"860\" \/><\/a><\/p>\n<p>El mi\u00e9rcoles va ser un d\u00eda que, no meteorol\u00f3xico, nada va tener que ver colo viv\u00edo va unos d\u00edes cuando se superaben en demas\u00eda los 30 \u00baC na mayor\u00eda de poblaciones asturianes. <span style=\"color: #008080\"><strong>Vamos tener cielos<\/strong><\/span> bien nublos o cubiertos de norte a sur y d&#8217;este a oeste mientres tola xornada. Esta nubosidad, am\u00e1s, va dexar precipitaciones xeneralizaes que, anque van poder tar presentes mientres tol d\u00eda, van ser m\u00e1s frecuentes pela ma\u00f1ana y n&#8217;hores centrales.<span style=\"color: #008080\"><strong> Los vientos<\/strong> <\/span>van predominar de norte tendiendo a nordeste col intre de les hores. Van ser vientos fluexos pero con delles raches moderaes sobremanera na mari\u00f1a. <span style=\"color: #008080\"><strong>Les temperatures<\/strong><\/span> van baxar de forma estraordinaria nel cordal (hasta 8 o 9 \u00baC menos), de forma notable nel restu del interior (hasta 6 \u00baC) y de forma m\u00e1s llixera na mari\u00f1a (hasta 2 o 3 \u00baC). Poro, va haber poblaciones que nun consigan algamar los 20 \u00baC, y les que los algamar, a dures penes van superar.<\/p>\n<p><!--more--><\/p>\n<p><span style=\"color: #008080\"><strong>El xueves<\/strong><\/span> tami\u00e9n va ser un d\u00eda con abondosu nubosidad. La probabilid\u00e1 de precipitaciones va ser baxa pela ma\u00f1ana pero nun se refuguen bastios pela tarde. Los vientos van soplar de nordeste con posibles raches moderaes y les temperatures van recuperase llixeramente nel casu de les m\u00e1ximes.<\/p>\n","protected":false},"excerpt":{"rendered":"<p>El mi\u00e9rcoles va ser un d\u00eda que, no meteorol\u00f3xico, nada va tener que ver colo viv\u00edo va unos d\u00edes cuando se superaben en demas\u00eda los 30 \u00baC na mayor\u00eda de poblaciones asturianes. Vamos tener cielos bien nublos o cubiertos de norte a sur y d&#8217;este a oeste mientres tola xornada. Esta nubosidad, am\u00e1s, va dexar [&hellip;]<\/p>\n","protected":false},"author":117,"featured_media":0,"comment_status":"closed","ping_status":"open","sticky":false,"template":"","format":"standard","meta":{"footnotes":""},"categories":[5],"tags":[],"class_list":["post-52161","post","type-post","status-publish","format-standard","hentry","category-tiempu"],"_links":{"self":[{"href":"https:\/\/edublog.educastur.es\/ixuxu\/wp-json\/wp\/v2\/posts\/52161","targetHints":{"allow":["GET"]}}],"collection":[{"href":"https:\/\/edublog.educastur.es\/ixuxu\/wp-json\/wp\/v2\/posts"}],"about":[{"href":"https:\/\/edublog.educastur.es\/ixuxu\/wp-json\/wp\/v2\/types\/post"}],"author":[{"embeddable":true,"href":"https:\/\/edublog.educastur.es\/ixuxu\/wp-json\/wp\/v2\/users\/117"}],"replies":[{"embeddable":true,"href":"https:\/\/edublog.educastur.es\/ixuxu\/wp-json\/wp\/v2\/comments?post=52161"}],"version-history":[{"count":1,"href":"https:\/\/edublog.educastur.es\/ixuxu\/wp-json\/wp\/v2\/posts\/52161\/revisions"}],"predecessor-version":[{"id":52162,"href":"https:\/\/edublog.educastur.es\/ixuxu\/wp-json\/wp\/v2\/posts\/52161\/revisions\/52162"}],"wp:attachment":[{"href":"https:\/\/edublog.educastur.es\/ixuxu\/wp-json\/wp\/v2\/media?parent=52161"}],"wp:term":[{"taxonomy":"category","embeddable":true,"href":"https:\/\/edublog.educastur.es\/ixuxu\/wp-json\/wp\/v2\/categories?post=52161"},{"taxonomy":"post_tag","embeddable":true,"href":"https:\/\/edublog.educastur.es\/ixuxu\/wp-json\/wp\/v2\/tags?post=52161"}],"curies":[{"name":"wp","href":"https:\/\/api.w.org\/{rel}","templated":true}]}}