{"id":52166,"date":"2025-07-04T19:57:48","date_gmt":"2025-07-04T17:57:48","guid":{"rendered":"https:\/\/edublog.educastur.es\/ixuxu\/?p=52166"},"modified":"2025-07-05T12:29:58","modified_gmt":"2025-07-05T10:29:58","slug":"ultimes-dies-desta-interesante-esposicion-nel-pozu-de-turon","status":"publish","type":"post","link":"https:\/\/edublog.educastur.es\/ixuxu\/2025\/07\/ultimes-dies-desta-interesante-esposicion-nel-pozu-de-turon\/","title":{"rendered":"\u00daltimes d\u00edes d&#8217;esta interesante esposici\u00f3n nel Pozu de Tur\u00f3n"},"content":{"rendered":"<p style=\"text-align: center\"><a href=\"https:\/\/www.mieres.es\/wp-content\/uploads\/2025\/03\/Ficha-WEB-SPECULUM-2025-PZSB.jpg\"><img loading=\"lazy\" decoding=\"async\" class=\"aligncenter size-large\" src=\"https:\/\/www.mieres.es\/wp-content\/uploads\/2025\/03\/Ficha-WEB-SPECULUM-2025-PZSB.jpg\" width=\"1200\" height=\"675\" \/><\/a><\/p>\n<p style=\"text-align: center\"><span style=\"font-size: 20px\"><strong><em><span style=\"color: #008080\">Intervenci\u00f3n art\u00edstica audiovisual, SPECULUM, <\/span><\/em><\/strong><\/span><br \/>\n<em><span style=\"color: #008080\">del colectivu d&#8217;artistes SMACK: Ton Meijdan, Thom Snels y B\u00e9la Zsigmond<\/span><\/em><\/p>\n<ul>\n<li>Pozu Santa Barbara (PZSB). Centru d&#8217;Intervenciones Art\u00edstiques<\/li>\n<li>Del 10 d&#8217;abril al 13 de xunetu de 2025 \/ Entrada gratuita<\/li>\n<li>Mi\u00e9rcoles, xueves y vienres de 16:30 a 21:00 h .\/\u00a0 S\u00e1bados, domingos y festivos de 11:00 a 14:00 h. y de 16:30 a 21:00 h.<\/li>\n<\/ul>\n","protected":false},"excerpt":{"rendered":"<p>Intervenci\u00f3n art\u00edstica audiovisual, SPECULUM, del colectivu d&#8217;artistes SMACK: Ton Meijdan, Thom Snels y B\u00e9la Zsigmond Pozu Santa Barbara (PZSB). Centru d&#8217;Intervenciones Art\u00edstiques Del 10 d&#8217;abril al 13 de xunetu de 2025 \/ Entrada gratuita Mi\u00e9rcoles, xueves y vienres de 16:30 a 21:00 h .\/\u00a0 S\u00e1bados, domingos y festivos de 11:00 a 14:00 h. y de [&hellip;]<\/p>\n","protected":false},"author":117,"featured_media":0,"comment_status":"closed","ping_status":"open","sticky":false,"template":"","format":"standard","meta":{"footnotes":""},"categories":[89,14],"tags":[],"class_list":["post-52166","post","type-post","status-publish","format-standard","hentry","category-arte","category-esposiciones"],"_links":{"self":[{"href":"https:\/\/edublog.educastur.es\/ixuxu\/wp-json\/wp\/v2\/posts\/52166","targetHints":{"allow":["GET"]}}],"collection":[{"href":"https:\/\/edublog.educastur.es\/ixuxu\/wp-json\/wp\/v2\/posts"}],"about":[{"href":"https:\/\/edublog.educastur.es\/ixuxu\/wp-json\/wp\/v2\/types\/post"}],"author":[{"embeddable":true,"href":"https:\/\/edublog.educastur.es\/ixuxu\/wp-json\/wp\/v2\/users\/117"}],"replies":[{"embeddable":true,"href":"https:\/\/edublog.educastur.es\/ixuxu\/wp-json\/wp\/v2\/comments?post=52166"}],"version-history":[{"count":1,"href":"https:\/\/edublog.educastur.es\/ixuxu\/wp-json\/wp\/v2\/posts\/52166\/revisions"}],"predecessor-version":[{"id":52167,"href":"https:\/\/edublog.educastur.es\/ixuxu\/wp-json\/wp\/v2\/posts\/52166\/revisions\/52167"}],"wp:attachment":[{"href":"https:\/\/edublog.educastur.es\/ixuxu\/wp-json\/wp\/v2\/media?parent=52166"}],"wp:term":[{"taxonomy":"category","embeddable":true,"href":"https:\/\/edublog.educastur.es\/ixuxu\/wp-json\/wp\/v2\/categories?post=52166"},{"taxonomy":"post_tag","embeddable":true,"href":"https:\/\/edublog.educastur.es\/ixuxu\/wp-json\/wp\/v2\/tags?post=52166"}],"curies":[{"name":"wp","href":"https:\/\/api.w.org\/{rel}","templated":true}]}}