{"id":52180,"date":"2025-07-02T16:00:17","date_gmt":"2025-07-02T14:00:17","guid":{"rendered":"https:\/\/edublog.educastur.es\/ixuxu\/?p=52180"},"modified":"2025-07-02T21:50:15","modified_gmt":"2025-07-02T19:50:15","slug":"52180","status":"publish","type":"post","link":"https:\/\/edublog.educastur.es\/ixuxu\/2025\/07\/52180\/","title":{"rendered":"Festival de Monte, con actividaes deportives, l\u00fadiques, gastron\u00f3miques y musicales"},"content":{"rendered":"<p><a href=\"https:\/\/actualidad.asturias.es\/documents\/537115\/2666550\/Cartel+General+asturiano.png\/1f6b0953-c612-7916-a520-110007ec941d?t=1751473446948\"><img loading=\"lazy\" decoding=\"async\" class=\"aligncenter \" src=\"https:\/\/actualidad.asturias.es\/documents\/537115\/2666550\/Cartel+General+asturiano.png\/1f6b0953-c612-7916-a520-110007ec941d?t=1751473446948\" width=\"630\" height=\"891\" \/><\/a><\/p>\n<p>ValgrandePajares acueye&#8217;l s\u00e1badu&#8217;l <span style=\"color: #008080\"><strong>Festival de Monte, con actividaes deportives, l\u00fadiques, gastron\u00f3miques y musicales para tola familia.<\/strong><\/span> La Conseyer\u00eda de Cultura va entamar dellos eventos gratuitos toos les fines de selmana hasta&#8217;l 14 de setiembre. El programa Veranu en Payares, qu&#8217;incl\u00fai la posibilid\u00e1 d&#8217;usar la telecabina, busca fomentar l&#8217;usu del equipamientu fora de la temporada de nieve.<\/p>\n<p><!--more--><\/p>\n<p><a href=\"https:\/\/actualidad.asturias.es\/documents\/537115\/2666550\/Programacion+asturiano.png\/ca60339d-ddac-2211-8d85-67c7a82175d8?t=1751473447103\"><img loading=\"lazy\" decoding=\"async\" class=\"aligncenter size-large\" src=\"https:\/\/actualidad.asturias.es\/documents\/537115\/2666550\/Programacion+asturiano.png\/ca60339d-ddac-2211-8d85-67c7a82175d8?t=1751473447103\" width=\"1414\" height=\"2000\" \/><\/a><\/p>\n","protected":false},"excerpt":{"rendered":"<p>ValgrandePajares acueye&#8217;l s\u00e1badu&#8217;l Festival de Monte, con actividaes deportives, l\u00fadiques, gastron\u00f3miques y musicales para tola familia. La Conseyer\u00eda de Cultura va entamar dellos eventos gratuitos toos les fines de selmana hasta&#8217;l 14 de setiembre. El programa Veranu en Payares, qu&#8217;incl\u00fai la posibilid\u00e1 d&#8217;usar la telecabina, busca fomentar l&#8217;usu del equipamientu fora de la temporada de [&hellip;]<\/p>\n","protected":false},"author":117,"featured_media":0,"comment_status":"closed","ping_status":"open","sticky":false,"template":"","format":"standard","meta":{"footnotes":""},"categories":[204,311],"tags":[],"class_list":["post-52180","post","type-post","status-publish","format-standard","hentry","category-festivales","category-montes"],"_links":{"self":[{"href":"https:\/\/edublog.educastur.es\/ixuxu\/wp-json\/wp\/v2\/posts\/52180","targetHints":{"allow":["GET"]}}],"collection":[{"href":"https:\/\/edublog.educastur.es\/ixuxu\/wp-json\/wp\/v2\/posts"}],"about":[{"href":"https:\/\/edublog.educastur.es\/ixuxu\/wp-json\/wp\/v2\/types\/post"}],"author":[{"embeddable":true,"href":"https:\/\/edublog.educastur.es\/ixuxu\/wp-json\/wp\/v2\/users\/117"}],"replies":[{"embeddable":true,"href":"https:\/\/edublog.educastur.es\/ixuxu\/wp-json\/wp\/v2\/comments?post=52180"}],"version-history":[{"count":3,"href":"https:\/\/edublog.educastur.es\/ixuxu\/wp-json\/wp\/v2\/posts\/52180\/revisions"}],"predecessor-version":[{"id":52183,"href":"https:\/\/edublog.educastur.es\/ixuxu\/wp-json\/wp\/v2\/posts\/52180\/revisions\/52183"}],"wp:attachment":[{"href":"https:\/\/edublog.educastur.es\/ixuxu\/wp-json\/wp\/v2\/media?parent=52180"}],"wp:term":[{"taxonomy":"category","embeddable":true,"href":"https:\/\/edublog.educastur.es\/ixuxu\/wp-json\/wp\/v2\/categories?post=52180"},{"taxonomy":"post_tag","embeddable":true,"href":"https:\/\/edublog.educastur.es\/ixuxu\/wp-json\/wp\/v2\/tags?post=52180"}],"curies":[{"name":"wp","href":"https:\/\/api.w.org\/{rel}","templated":true}]}}