{"id":52197,"date":"2025-07-03T21:00:45","date_gmt":"2025-07-03T19:00:45","guid":{"rendered":"https:\/\/edublog.educastur.es\/ixuxu\/?p=52197"},"modified":"2025-07-03T23:58:55","modified_gmt":"2025-07-03T21:58:55","slug":"52197","status":"publish","type":"post","link":"https:\/\/edublog.educastur.es\/ixuxu\/2025\/07\/52197\/","title":{"rendered":"Graciano Garc\u00eda G\u00aa, \u00abAsturianu Universal\u00bb pol Centru Asturianu y Cases d&#8217;Asturies en Madrid"},"content":{"rendered":"<p>Acompa\u00f1ando a D. Graciano Garc\u00eda G\u00aa, periodista, poeta e ide\u00f3logo de \u00abAsturias Capital Mundial de la Poes\u00eda\u00bb, patrono em\u00e9rito de la <span class=\"html-span xdj266r x14z9mp xat24cr x1lziwak xexx8yu xyri2b x18d9i69 x1c1uobl x1hl2dhg x16tdsg8 x1vvkbs\"><a class=\"x1i10hfl xjbqb8w x1ejq31n x18oe1m7 x1sy0etr xstzfhl x972fbf x10w94by x1qhh985 x14e42zd x9f619 x1ypdohk xt0psk2 xe8uvvx xdj266r x14z9mp xat24cr x1lziwak xexx8yu xyri2b x18d9i69 x1c1uobl x16tdsg8 x1hl2dhg xggy1nq x1a2a7pz xkrqix3 x1sur9pj x1fey0fg x1s688f\" role=\"link\" href=\"https:\/\/www.facebook.com\/fpa?__cft__[0]=AZVspIZs_EwjfPdPXpu6kRNry63TMtI2bbg_qF1bhy8xDOb508v8rt0W7RpY_hTzJ6djzZccnKuIQbe-ade5Ipz_bcz0Z-QHSso7V4tE3iIxOxX_d-VcL4Qx_WYIqJuvpNle-TbOBtxoyeORdXzNAvARNO6eEbgrLvnudg9_PHO7YA&amp;__tn__=-]K-R\"><span class=\"xt0psk2\"><span class=\"xjp7ctv\">Fundaci\u00f3n Princesa de Asturias<\/span><\/span><\/a><\/span> y una innumerable lista de reconocimientos. Recibi\u00f3 en el diario <span class=\"html-span xdj266r x14z9mp xat24cr x1lziwak xexx8yu xyri2b x18d9i69 x1c1uobl x1hl2dhg x16tdsg8 x1vvkbs\"><a class=\"x1i10hfl xjbqb8w x1ejq31n x18oe1m7 x1sy0etr xstzfhl x972fbf x10w94by x1qhh985 x14e42zd x9f619 x1ypdohk xt0psk2 xe8uvvx xdj266r x14z9mp xat24cr x1lziwak xexx8yu xyri2b x18d9i69 x1c1uobl x16tdsg8 x1hl2dhg xggy1nq x1a2a7pz xkrqix3 x1sur9pj x1fey0fg x1s688f\" role=\"link\" href=\"https:\/\/www.facebook.com\/nuevaespana?__cft__[0]=AZVspIZs_EwjfPdPXpu6kRNry63TMtI2bbg_qF1bhy8xDOb508v8rt0W7RpY_hTzJ6djzZccnKuIQbe-ade5Ipz_bcz0Z-QHSso7V4tE3iIxOxX_d-VcL4Qx_WYIqJuvpNle-TbOBtxoyeORdXzNAvARNO6eEbgrLvnudg9_PHO7YA&amp;__tn__=-]K-R\"><span class=\"xt0psk2\"><span class=\"xjp7ctv\">La Nueva Espa\u00f1a Digital &#8211; LNE.es<\/span><\/span><\/a><\/span> el t\u00edtulo de ASTURIANO UNIVERSAL de parte del <span class=\"html-span xdj266r x14z9mp xat24cr x1lziwak xexx8yu xyri2b x18d9i69 x1c1uobl x1hl2dhg x16tdsg8 x1vvkbs\"><a class=\"x1i10hfl xjbqb8w x1ejq31n x18oe1m7 x1sy0etr xstzfhl x972fbf x10w94by x1qhh985 x14e42zd x9f619 x1ypdohk xt0psk2 xe8uvvx xdj266r x14z9mp xat24cr x1lziwak xexx8yu xyri2b x18d9i69 x1c1uobl x16tdsg8 x1hl2dhg xggy1nq x1a2a7pz xkrqix3 x1sur9pj x1fey0fg x1s688f\" role=\"link\" href=\"https:\/\/www.facebook.com\/CentroAsturianoDeMadrid?__cft__[0]=AZVspIZs_EwjfPdPXpu6kRNry63TMtI2bbg_qF1bhy8xDOb508v8rt0W7RpY_hTzJ6djzZccnKuIQbe-ade5Ipz_bcz0Z-QHSso7V4tE3iIxOxX_d-VcL4Qx_WYIqJuvpNle-TbOBtxoyeORdXzNAvARNO6eEbgrLvnudg9_PHO7YA&amp;__tn__=-]K-R\"><span class=\"xt0psk2\"><span class=\"xjp7ctv\">Centro Asturiano de Madrid (Oficial)<\/span><\/span><\/a><\/span> y Casas de Asturias en Madrid. <span class=\"html-span xdj266r x14z9mp xat24cr x1lziwak xexx8yu xyri2b x18d9i69 x1c1uobl x1hl2dhg x16tdsg8 x1vvkbs\"><a class=\"x1i10hfl xjbqb8w x1ejq31n x18oe1m7 x1sy0etr xstzfhl x972fbf x10w94by x1qhh985 x14e42zd x9f619 x1ypdohk xt0psk2 xe8uvvx xdj266r x14z9mp xat24cr x1lziwak xexx8yu xyri2b x18d9i69 x1c1uobl x16tdsg8 x1hl2dhg xggy1nq x1a2a7pz xkrqix3 x1sur9pj x1fey0fg x1s688f\" role=\"link\" href=\"https:\/\/www.facebook.com\/graciano.garciagarcia?__cft__[0]=AZVspIZs_EwjfPdPXpu6kRNry63TMtI2bbg_qF1bhy8xDOb508v8rt0W7RpY_hTzJ6djzZccnKuIQbe-ade5Ipz_bcz0Z-QHSso7V4tE3iIxOxX_d-VcL4Qx_WYIqJuvpNle-TbOBtxoyeORdXzNAvARNO6eEbgrLvnudg9_PHO7YA&amp;__tn__=-]K-R\"><span class=\"xt0psk2\"><span class=\"xjp7ctv\">Graciano Garc\u00eda Garc\u00eda<\/span><\/span><\/a><\/span>, un hombre feliz entre familiares y amigos. <span style=\"color: #008080\"><strong><em>\u00abLa cultura ye un faru qu&#8217;ilumina&#8217;l nueso cam\u00edn\u00bb<\/em><\/strong><\/span><\/p>\n<p style=\"text-align: center\">\n<!-- iframe plugin v.6.0 wordpress.org\/plugins\/iframe\/ -->\n<iframe loading=\"lazy\" src=\"https:\/\/www.facebook.com\/plugins\/post.php?href=https%3A%2F%2Fwww.facebook.com%2Fisa.lobo.35%2Fposts%2Fpfbid06VHMTNr5vh1Gk4jHDyhrjeAmokvJae4RjYrP5AkxiWem4wVM9qY4rrUigBRxwDU8l&#038;show_text=true&#038;width=500\" width=\"500\" height=\"761\" style=\"border:none;overflow:hidden\" scrolling=\"no\" frameborder=\"0\" allowfullscreen=\"true\" allow=\"autoplay; clipboard-write; encrypted-media; picture-in-picture; web-share\" 0=\"\/iframe\" class=\"iframe-class\"><\/iframe>\n<\/p>\n<ul>\n<li><a href=\"https:\/\/ast.wikipedia.org\/wiki\/Graciano_Garc%C3%ADa\">Biograf\u00eda na Wikipedia<\/a> \/<a href=\"https:\/\/fusionasturias.com\/otras-secciones\/libros\/graciano-garcia-periodista-y-escritor-la-poesia-es-la-libertad-misma.htm\"> Fusi\u00f3n Asturias<\/a> \/<a href=\"https:\/\/www.centroasturianomadrid.es\/\"> Centro Asturiano Madrid<\/a> \/<\/li>\n<\/ul>\n<p><!--more--><\/p>\n<p><b>Graciano Garc\u00eda Garc\u00eda<\/b> (<a title=\"12 d'ochobre\" href=\"https:\/\/ast.wikipedia.org\/wiki\/12_d%27ochobre\">12\u00a0d&#8217;ochobre<\/a>\u00a0de\u00a0<a title=\"1939\" href=\"https:\/\/ast.wikipedia.org\/wiki\/1939\">1939<\/a>,\u00a0<a title=\"Morea (parroquia)\" href=\"https:\/\/ast.wikipedia.org\/wiki\/Morea_(parroquia)\">Morea<\/a>) ye un <a title=\"Periodista\" href=\"https:\/\/ast.wikipedia.org\/wiki\/Periodista\">periodista<\/a> <a class=\"mw-redirect\" title=\"Asturies\" href=\"https:\/\/ast.wikipedia.org\/wiki\/Asturies\">asturianu<\/a>. Con\u00f3zse-y principalmente como fundador y promotor de la Fundaci\u00f3n Pr\u00edncipe d&#8217;Asturies, g\u00fcei <a title=\"Fundaci\u00f3n Princesa d'Asturies\" href=\"https:\/\/ast.wikipedia.org\/wiki\/Fundaci%C3%B3n_Princesa_d%27Asturies\">Fundaci\u00f3n Princesa d&#8217;Asturies<\/a>, que da los <a class=\"mw-redirect\" title=\"Premiu Princesa d'Asturies\" href=\"https:\/\/ast.wikipedia.org\/wiki\/Premiu_Princesa_d%27Asturies\">Premiu Princesa d&#8217;Asturies<\/a>.<\/p>\n<p style=\"text-align: center\">\n<!-- iframe plugin v.6.0 wordpress.org\/plugins\/iframe\/ -->\n<iframe loading=\"lazy\" src=\"https:\/\/www.facebook.com\/plugins\/post.php?href=https%3A%2F%2Fwww.facebook.com%2Fphoto.php%3Ffbid%3D10235733667977161%26set%3Da.4224429083954%26type%3D3&#038;show_text=false&#038;width=500\" width=\"500\" height=\"346\" style=\"border:none;overflow:hidden\" scrolling=\"no\" frameborder=\"0\" allowfullscreen=\"true\" allow=\"autoplay; clipboard-write; encrypted-media; picture-in-picture; web-share\" 0=\"\/iframe\" class=\"iframe-class\"><\/iframe>\n<\/p>\n<p>Graciano Garc\u00eda ye diplom\u00e1u en periodismu pola <a class=\"new\" title=\"Escuela Oficial de Periodismu (la p\u00e1xina nun esiste)\" href=\"https:\/\/ast.wikipedia.org\/w\/index.php?title=Escuela_Oficial_de_Periodismu&amp;action=edit&amp;redlink=1\">Escuela Oficial de Periodismu<\/a> de Madrid. Empez\u00f3 a trabayar como periodista nel peri\u00f3dicu asturianu <a title=\"La Nueva Espa\u00f1a\" href=\"https:\/\/ast.wikipedia.org\/wiki\/La_Nueva_Espa%C3%B1a\">La Nueva Espa\u00f1a<\/a> dende 1961. En 1969 fund\u00f3 la revista <a class=\"new\" title=\"Asturies Selmanal (la p\u00e1xina nun esiste)\" href=\"https:\/\/ast.wikipedia.org\/w\/index.php?title=Asturies_Selmanal&amp;action=edit&amp;redlink=1\">Asturies Selmanal<\/a>, que se convirti\u00f3 nun bien destac\u00e1u foru a favor de la concordia y de la democracia, y de la que foi direutor nel periodu 1969-1977. Remata la so etapa como periodista como promotor y direutor del peri\u00f3dicu <a class=\"new\" title=\"Asturies Diariu Rexonal (la p\u00e1xina nun esiste)\" href=\"https:\/\/ast.wikipedia.org\/w\/index.php?title=Asturies_Diariu_Rexonal&amp;action=edit&amp;redlink=1\">Asturies Diariu Rexonal<\/a>, nel que permaneci\u00f3&#8217;l curtiu tiempu ente 1978 y 1979.<\/p>\n<p>Tres esta primer etapa como periodista pasa al mundu de les editoriales, primero con Ediciones Naranco y fundando depu\u00e9s, en 1989, <a class=\"new\" title=\"Edici\u00f3n Nobel (la p\u00e1xina nun esiste)\" href=\"https:\/\/ast.wikipedia.org\/w\/index.php?title=Edici%C3%B3n_Nobel&amp;action=edit&amp;redlink=1\">Edici\u00f3n Nobel<\/a>, editorial empobinada al merc\u00e1u europ\u00e9u ya hispanoamericanu.<\/p>\n<p>En 1994 funda&#8217;l Premiu Internacional d&#8217;Ensayu <i>Xovellanos<\/i> que s&#8217;apurre a\u00f1almente dende esi a\u00f1u. En 1996, funda am\u00e1s la revista lliteraria <a class=\"new\" title=\"Clar\u00edn (revista) (la p\u00e1xina nun esiste)\" href=\"https:\/\/ast.wikipedia.org\/w\/index.php?title=Clar%C3%ADn_(revista)&amp;action=edit&amp;redlink=1\">Clar\u00edn<\/a>. Finalmente, faci\u00e9ndolo coincidir col 250 aniversariu de la nacencia de <a class=\"new\" title=\"Melchor Gaspar de Xovellanos (la p\u00e1xina nun esiste)\" href=\"https:\/\/ast.wikipedia.org\/w\/index.php?title=Melchor_Gaspar_de_Xovellanos&amp;action=edit&amp;redlink=1\">Melchor Gaspar de Xovellanos<\/a>, funda&#8217;l Premiu Internacional de Poes\u00eda Xovellanos.<\/p>\n<div class=\"mw-heading mw-heading2\">\n<h2 id=\"Premiu_Pr\u00edncipe_d'Asturies\"><span id=\"Premiu_Pr.C3.ADncipe_d.27Asturies\"><\/span>Premiu Pr\u00edncipe d&#8217;Asturies<\/h2>\n<\/div>\n<p>En 1980, Graciano Garc\u00eda, llogra&#8217;l so doble oxetivu d&#8217;establecer un venceyu ente&#8217;l Princip\u00e1u d&#8217;Asturies y l&#8217;herederu de la Casa Real Espa\u00f1ola qu&#8217;ostenta&#8217;l t\u00edtulu de Pr\u00edncipe d&#8217;Asturies, lo mesmo que de premiar la divulgaci\u00f3n de los valores cient\u00edficos, culturales y human\u00edsticos que son patrimoniu universal. Pa ello f\u00fandase&#8217;l 24 de setiembre de 1980 sol patrociniu de SS.MM. los Reis d&#8217;Espa\u00f1a y de S.A.R. el Pr\u00edncipe d&#8217;Asturies; cola collaboraci\u00f3n del secretariu xeneral de la Casa de S.M. el Rei Xuan Carlos I, el xeneral asturianu <a title=\"Sabino Fern\u00e1ndez Campo\" href=\"https:\/\/ast.wikipedia.org\/wiki\/Sabino_Fern%C3%A1ndez_Campo\">Sabino Fern\u00e1ndez Campo<\/a>, m\u00e1s tarde conde de Latores; y so la so propia direici\u00f3n la Fundaci\u00f3n Pr\u00edncipe d&#8217;Asturies que dende esi a\u00f1u convoca y da los Premios Pr\u00edncipe d&#8217;Asturies, g\u00fcei Premiu Princesa d&#8217;Asturies.<\/p>\n<div class=\"mw-heading mw-heading2\">\n<h2 id=\"Obra\">Obra<\/h2>\n<\/div>\n<ul>\n<li><i>Una tierra, una patria, una alma<\/i>, llibru de poemes, ed. Nobel 2015, <a title=\"ISBN\" href=\"https:\/\/ast.wikipedia.org\/wiki\/ISBN\">ISBN<\/a>\u00a0<a title=\"Especial:FuentesDeLibros\/9788484597216\" href=\"https:\/\/ast.wikipedia.org\/wiki\/Especial:FuentesDeLibros\/9788484597216\">9788484597216<\/a>.<sup id=\"cite_ref-2\" class=\"reference\"><a href=\"https:\/\/ast.wikipedia.org\/wiki\/Graciano_Garc%C3%ADa#cite_note-2\"><span class=\"cite-bracket\">[<\/span>2<span class=\"cite-bracket\">]<\/span><\/a><\/sup><\/li>\n<\/ul>\n<div class=\"mw-heading mw-heading2\">\n<h2 id=\"Condecoraciones\">Condecoraciones<\/h2>\n<\/div>\n<ul>\n<li><a class=\"mw-file-description\" href=\"https:\/\/ast.wikipedia.org\/wiki\/Ficheru:Order_of_Civil_Merit_(Spain)_GC.svg\"><img loading=\"lazy\" decoding=\"async\" class=\"mw-file-element\" src=\"https:\/\/upload.wikimedia.org\/wikipedia\/commons\/thumb\/f\/f2\/Order_of_Civil_Merit_%28Spain%29_GC.svg\/60px-Order_of_Civil_Merit_%28Spain%29_GC.svg.png\" width=\"50\" height=\"14\" data-file-width=\"218\" data-file-height=\"60\" \/><\/a> Cruz de la <a class=\"new\" title=\"Orde del M\u00e9ritu de la Guardia Civil (la p\u00e1xina nun esiste)\" href=\"https:\/\/ast.wikipedia.org\/w\/index.php?title=Orde_del_M%C3%A9ritu_de_la_Guardia_Civil&amp;action=edit&amp;redlink=1\">Orde del M\u00e9ritu de la Guardia Civil<\/a> con distintivu blancu, 2007.<sup id=\"cite_ref-3\" class=\"reference\"><a href=\"https:\/\/ast.wikipedia.org\/wiki\/Graciano_Garc%C3%ADa#cite_note-3\"><span class=\"cite-bracket\">[<\/span>3<span class=\"cite-bracket\">]<\/span><\/a><\/sup><\/li>\n<li><a class=\"mw-file-description\" href=\"https:\/\/ast.wikipedia.org\/wiki\/Ficheru:ESP_Charles_III_Order_GC.svg\"><img loading=\"lazy\" decoding=\"async\" class=\"mw-file-element\" src=\"https:\/\/upload.wikimedia.org\/wikipedia\/commons\/thumb\/8\/89\/ESP_Charles_III_Order_GC.svg\/60px-ESP_Charles_III_Order_GC.svg.png\" width=\"50\" height=\"14\" data-file-width=\"220\" data-file-height=\"62\" \/><\/a> Gran Cruz de la <a class=\"new\" title=\"Orde de Carlos III (la p\u00e1xina nun esiste)\" href=\"https:\/\/ast.wikipedia.org\/w\/index.php?title=Orde_de_Carlos_III&amp;action=edit&amp;redlink=1\">Real Orde de Carlos III<\/a>, m\u00e1xima condecoraci\u00f3n civil d&#8217;Espa\u00f1a, concedida por S.M. el Rei Don Xuan Carlos en 2010.<sup id=\"cite_ref-4\" class=\"reference\"><a href=\"https:\/\/ast.wikipedia.org\/wiki\/Graciano_Garc%C3%ADa#cite_note-4\"><span class=\"cite-bracket\">[<\/span>4<span class=\"cite-bracket\">]<\/span><\/a><\/sup><\/li>\n<li><a class=\"mw-file-description\" href=\"https:\/\/ast.wikipedia.org\/wiki\/Ficheru:ESP_Medalla_Orden_Merito_Policial_(Oro_y_Plata)_pasador.svg\"><img loading=\"lazy\" decoding=\"async\" class=\"mw-file-element\" src=\"https:\/\/upload.wikimedia.org\/wikipedia\/commons\/thumb\/1\/1d\/ESP_Medalla_Orden_Merito_Policial_%28Oro_y_Plata%29_pasador.svg\/60px-ESP_Medalla_Orden_Merito_Policial_%28Oro_y_Plata%29_pasador.svg.png\" width=\"50\" height=\"14\" data-file-width=\"218\" data-file-height=\"60\" \/><\/a> Medaya de la <a title=\"Orde del M\u00e9ritu Policial\" href=\"https:\/\/ast.wikipedia.org\/wiki\/Orde_del_M%C3%A9ritu_Policial\">Orde del M\u00e9ritu Policial<\/a> con distintivu blancu, concedida pol <a class=\"new\" title=\"Ministeriu del Interior d'Espa\u00f1a (la p\u00e1xina nun esiste)\" href=\"https:\/\/ast.wikipedia.org\/w\/index.php?title=Ministeriu_del_Interior_d%27Espa%C3%B1a&amp;action=edit&amp;redlink=1\">Ministeriu del Interior d&#8217;Espa\u00f1a<\/a> en 2007.<sup id=\"cite_ref-5\" class=\"reference\"><a href=\"https:\/\/ast.wikipedia.org\/wiki\/Graciano_Garc%C3%ADa#cite_note-5\"><span class=\"cite-bracket\">[<\/span>5<span class=\"cite-bracket\">]<\/span><\/a><\/sup><\/li>\n<li><a class=\"mw-file-description\" href=\"https:\/\/ast.wikipedia.org\/wiki\/Ficheru:BRA_Ordem_de_Rio_Branco_Comendador_BAR.svg\"><img loading=\"lazy\" decoding=\"async\" class=\"mw-file-element\" src=\"https:\/\/upload.wikimedia.org\/wikipedia\/commons\/thumb\/6\/67\/BRA_Ordem_de_Rio_Branco_Comendador_BAR.svg\/60px-BRA_Ordem_de_Rio_Branco_Comendador_BAR.svg.png\" width=\"50\" height=\"14\" data-file-width=\"218\" data-file-height=\"60\" \/><\/a> Comendador de la <a class=\"new\" title=\"Orde de Rio Branco (la p\u00e1xina nun esiste)\" href=\"https:\/\/ast.wikipedia.org\/w\/index.php?title=Orde_de_Rio_Branco&amp;action=edit&amp;redlink=1\">Orde de Rio Branco<\/a>, <a title=\"Brasil\" href=\"https:\/\/ast.wikipedia.org\/wiki\/Brasil\">Brasil<\/a>, recibida en 2004.<\/li>\n<li><a class=\"mw-file-description\" href=\"https:\/\/ast.wikipedia.org\/wiki\/Ficheru:Order_of_Civil_Merit_(Spain)_-_Crosses.svg\"><img loading=\"lazy\" decoding=\"async\" class=\"mw-file-element\" src=\"https:\/\/upload.wikimedia.org\/wikipedia\/commons\/thumb\/9\/95\/Order_of_Civil_Merit_%28Spain%29_-_Crosses.svg\/60px-Order_of_Civil_Merit_%28Spain%29_-_Crosses.svg.png\" width=\"50\" height=\"14\" data-file-width=\"218\" data-file-height=\"60\" \/><\/a> Encomienda de la <a class=\"new\" title=\"Orde del M\u00e9ritu Civil (Espa\u00f1a) (la p\u00e1xina nun esiste)\" href=\"https:\/\/ast.wikipedia.org\/w\/index.php?title=Orde_del_M%C3%A9ritu_Civil_(Espa%C3%B1a)&amp;action=edit&amp;redlink=1\">Orde del M\u00e9ritu Civil<\/a>, concedida por S.M. el Rei Don Xuan Carlos en 1984.<\/li>\n<\/ul>\n<div class=\"mw-heading mw-heading2\">\n<h2 id=\"Distinciones\">Distinciones<\/h2>\n<\/div>\n<ul>\n<li>Patronu d&#8217;Honor de la <a class=\"new\" title=\"Fundaci\u00f3n Caveda y Nava (la p\u00e1xina nun esiste)\" href=\"https:\/\/ast.wikipedia.org\/w\/index.php?title=Fundaci%C3%B3n_Caveda_y_Nava&amp;action=edit&amp;redlink=1\">Fundaci\u00f3n Caveda y Nava<\/a>, en 2010.<\/li>\n<li>Medaya d&#8217;Oru de la Escuela Internacional de Protocolu, 2008.<\/li>\n<li>Medaya Carlos III, concedida pola Escuela Diplom\u00e1tica del <a class=\"new\" title=\"Ministeriu d'Asuntos Esteriores y de Cooperaci\u00f3n d'Espa\u00f1a (la p\u00e1xina nun esiste)\" href=\"https:\/\/ast.wikipedia.org\/w\/index.php?title=Ministeriu_d%27Asuntos_Esteriores_y_de_Cooperaci%C3%B3n_d%27Espa%C3%B1a&amp;action=edit&amp;redlink=1\">Ministeriu d&#8217;Asuntos Esteriores y de Cooperaci\u00f3n d&#8217;Espa\u00f1a<\/a>, concedida en 2007.<\/li>\n<li>Medaya Carlos III, concedida pol Pernom\u00e1u Colexu Oficial de Veterinarios del Princip\u00e1u d&#8217;Asturies, concedida en 2007.<\/li>\n<li>F\u00edu Predilectu d&#8217;Ayer, nom\u00e1u por esi conceyu en 2007.<\/li>\n<li>Medaya d&#8217;Oru de la ciud\u00e1 d&#8217;<a title=\"Avil\u00e9s\" href=\"https:\/\/ast.wikipedia.org\/wiki\/Avil%C3%A9s\">Avil\u00e9s<\/a>, concedida en 2006.<\/li>\n<li>Medaya d&#8217;Oru d&#8217;Asturies, concedida pol Gobiernu del <a title=\"Princip\u00e1u d'Asturies\" href=\"https:\/\/ast.wikipedia.org\/wiki\/Princip%C3%A1u_d%27Asturies\">Princip\u00e1u d&#8217;Asturies<\/a> en 2005.<\/li>\n<li>F\u00edu Adoptivu d&#8217;Uvi\u00e9u, conced\u00edu pol Conceyu d&#8217;Uvi\u00e9u en 1995.<\/li>\n<li>Asturianu del A\u00f1u, escoy\u00edu por <a title=\"La Nueva Espa\u00f1a\" href=\"https:\/\/ast.wikipedia.org\/wiki\/La_Nueva_Espa%C3%B1a\">La Nueva Espa\u00f1a<\/a> en 1981.<\/li>\n<li>Periodista d&#8217;Honor pola Asociaci\u00f3n de la Prensa d&#8217;Uvi\u00e9u.<\/li>\n<\/ul>\n<div class=\"mw-heading mw-heading2\">\n<h2 id=\"Premios_y_gallardones\">Premios y gallardones<\/h2>\n<\/div>\n<ul>\n<li>Premiu \u201cY\u201d d&#8217;Europa de l&#8217;<a class=\"new\" title=\"Asociaci\u00f3n de Periodistes Europeos (la p\u00e1xina nun esiste)\" href=\"https:\/\/ast.wikipedia.org\/w\/index.php?title=Asociaci%C3%B3n_de_Periodistes_Europeos&amp;action=edit&amp;redlink=1\">Asociaci\u00f3n de Periodistes Europeos<\/a>.<sup id=\"cite_ref-6\" class=\"reference\"><a href=\"https:\/\/ast.wikipedia.org\/wiki\/Graciano_Garc%C3%ADa#cite_note-6\"><span class=\"cite-bracket\">[<\/span>6<span class=\"cite-bracket\">]<\/span><\/a><\/sup><\/li>\n<li>Premiu Internacional ASICOM-Universid\u00e1 d&#8217;Uvi\u00e9u a la Trayeutoria Profesional, 2010.<\/li>\n<li><a class=\"new\" title=\"Premiu Dionisio de la Huerta Casagr\u00e1n (la p\u00e1xina nun esiste)\" href=\"https:\/\/ast.wikipedia.org\/w\/index.php?title=Premiu_Dionisio_de_la_Huerta_Casagr%C3%A1n&amp;action=edit&amp;redlink=1\">Premiu Dionisio de la Huerta Casagr\u00e1n<\/a>, na so primer edici\u00f3n, ex aequo con <a title=\"Sabino Fern\u00e1ndez Campo\" href=\"https:\/\/ast.wikipedia.org\/wiki\/Sabino_Fern%C3%A1ndez_Campo\">Sabino Fern\u00e1ndez Campo<\/a>, 2008.<sup id=\"cite_ref-7\" class=\"reference\"><a href=\"https:\/\/ast.wikipedia.org\/wiki\/Graciano_Garc%C3%ADa#cite_note-7\"><span class=\"cite-bracket\">[<\/span>7<span class=\"cite-bracket\">]<\/span><\/a><\/sup><\/li>\n<li>Faba d&#8217;Oru, concedida pol <a class=\"new\" title=\"C\u00edrculu d'Amigos de la Faba (la p\u00e1xina nun esiste)\" href=\"https:\/\/ast.wikipedia.org\/w\/index.php?title=C%C3%ADrculu_d%27Amigos_de_la_Faba&amp;action=edit&amp;redlink=1\">C\u00edrculu d&#8217;Amigos de la Faba<\/a> na so XXII edici\u00f3n de 2004.<\/li>\n<li>Madre\u00f1a d&#8217;Oru del Centru Asturianu de Sevilla, 2002.<\/li>\n<li>Master d&#8217;Oru del F\u00f3rum d&#8217;Alta Direici\u00f3n, 2002.<\/li>\n<li>Premiu al Empresariu y Profesional del A\u00f1u d&#8217;\u00c1stur Manager, en 2000.<\/li>\n<li>Gallard\u00f3n Puerta d&#8217;Asturies, 2000.<\/li>\n<li>Mazana d&#8217;Oru del Centru Asturianu de Madrid, concedida en 1996.<\/li>\n<li><strong><span style=\"color: #008080\">Asturianu Universal, 2025.\u00a0 Centros Asturianos Madrid y Cases d&#8217;Asturies<\/span><\/strong><\/li>\n<\/ul>\n","protected":false},"excerpt":{"rendered":"<p>Acompa\u00f1ando a D. Graciano Garc\u00eda G\u00aa, periodista, poeta e ide\u00f3logo de \u00abAsturias Capital Mundial de la Poes\u00eda\u00bb, patrono em\u00e9rito de la Fundaci\u00f3n Princesa de Asturias y una innumerable lista de reconocimientos. Recibi\u00f3 en el diario La Nueva Espa\u00f1a Digital &#8211; LNE.es el t\u00edtulo de ASTURIANO UNIVERSAL de parte del Centro Asturiano de Madrid (Oficial) y [&hellip;]<\/p>\n","protected":false},"author":117,"featured_media":0,"comment_status":"closed","ping_status":"open","sticky":false,"template":"","format":"standard","meta":{"footnotes":""},"categories":[39,62],"tags":[],"class_list":["post-52197","post","type-post","status-publish","format-standard","hentry","category-poesia","category-reconocimientu"],"_links":{"self":[{"href":"https:\/\/edublog.educastur.es\/ixuxu\/wp-json\/wp\/v2\/posts\/52197","targetHints":{"allow":["GET"]}}],"collection":[{"href":"https:\/\/edublog.educastur.es\/ixuxu\/wp-json\/wp\/v2\/posts"}],"about":[{"href":"https:\/\/edublog.educastur.es\/ixuxu\/wp-json\/wp\/v2\/types\/post"}],"author":[{"embeddable":true,"href":"https:\/\/edublog.educastur.es\/ixuxu\/wp-json\/wp\/v2\/users\/117"}],"replies":[{"embeddable":true,"href":"https:\/\/edublog.educastur.es\/ixuxu\/wp-json\/wp\/v2\/comments?post=52197"}],"version-history":[{"count":8,"href":"https:\/\/edublog.educastur.es\/ixuxu\/wp-json\/wp\/v2\/posts\/52197\/revisions"}],"predecessor-version":[{"id":52213,"href":"https:\/\/edublog.educastur.es\/ixuxu\/wp-json\/wp\/v2\/posts\/52197\/revisions\/52213"}],"wp:attachment":[{"href":"https:\/\/edublog.educastur.es\/ixuxu\/wp-json\/wp\/v2\/media?parent=52197"}],"wp:term":[{"taxonomy":"category","embeddable":true,"href":"https:\/\/edublog.educastur.es\/ixuxu\/wp-json\/wp\/v2\/categories?post=52197"},{"taxonomy":"post_tag","embeddable":true,"href":"https:\/\/edublog.educastur.es\/ixuxu\/wp-json\/wp\/v2\/tags?post=52197"}],"curies":[{"name":"wp","href":"https:\/\/api.w.org\/{rel}","templated":true}]}}