{"id":52214,"date":"2025-08-01T11:00:36","date_gmt":"2025-08-01T09:00:36","guid":{"rendered":"https:\/\/edublog.educastur.es\/ixuxu\/?p=52214"},"modified":"2025-08-02T12:20:42","modified_gmt":"2025-08-02T10:20:42","slug":"indumentaria-dial-traxe-en-lorient-francia","status":"publish","type":"post","link":"https:\/\/edublog.educastur.es\/ixuxu\/2025\/08\/indumentaria-dial-traxe-en-lorient-francia\/","title":{"rendered":"Indumentaria. D\u00eda&#8217;l traxe en Lorient (Francia)"},"content":{"rendered":"<div class=\"html-div xdj266r x14z9mp xat24cr x1lziwak xexx8yu x1a8lsjc xf7dkkf xv54qhq\">\n<div class=\"html-div xdj266r x14z9mp xat24cr x1lziwak xexx8yu xyri2b x18d9i69 x1c1uobl x1jx94hy x78zum5 x1q0g3np\">\n<div class=\"x78zum5 xdt5ytf xz62fqu x16ldp7u\">\n<div class=\"xu06os2 x1ok221b\">\n<div class=\"html-div xdj266r x14z9mp xat24cr x1lziwak xexx8yu xyri2b x18d9i69 x1c1uobl\" data-ad-rendering-role=\"profile_name\">\n<ul>\n<li class=\"html-h3 x14z9mp xat24cr x1lziwak xexx8yu xyri2b x18d9i69 x1c1uobl x1vvkbs x1heor9g x1qlqyl8 x1pd3egz x1a2a7pz x1gslohp x1yc453h\"><span class=\"x1lliihq x6ikm8r x10wlt62 x1n2onr6\"><span class=\"xt0psk2\"><a class=\"x1i10hfl xjbqb8w x1ejq31n x18oe1m7 x1sy0etr xstzfhl x972fbf x10w94by x1qhh985 x14e42zd x9f619 x1ypdohk xt0psk2 xe8uvvx xdj266r x14z9mp xat24cr x1lziwak xexx8yu xyri2b x18d9i69 x1c1uobl x16tdsg8 x1hl2dhg xggy1nq x1a2a7pz xkrqix3 x1sur9pj xzsf02u x1s688f\" role=\"link\" href=\"https:\/\/www.facebook.com\/concursuindumentaria?__cft__[0]=AZXzdZbfdKHNvifQP9ApczUV6nxATzqFyyXl3YyoBD_jQJ_X3tNZVenI4ZVefsB1L03j_6YmPBx_GlGo43hAQNypEaoAAC638W9f9FJfhyK0gBXkYiaMOlCFp_KMGlpHOhMGWgiJdPYbQwOuhy47fjnMl4AHAiyQba0iKtE7CPAnhpXoBUE5hZUT9SKB1cD0gnPjEADVaLrCEvS1FMnbYnCO&amp;__tn__=-UC%2CP-y-R\"><strong class=\"html-strong xdj266r x14z9mp xat24cr x1lziwak xexx8yu xyri2b x18d9i69 x1c1uobl x1hl2dhg x16tdsg8 x1vvkbs x1s688f\"><span class=\"html-span xdj266r x14z9mp xat24cr x1lziwak xexx8yu xyri2b x18d9i69 x1c1uobl x1hl2dhg x16tdsg8 x1vvkbs\">Indumentaria. D\u00eda&#8217;l traxe<\/span><\/strong><\/a><\/span><\/span><\/li>\n<\/ul>\n<p style=\"text-align: center\">\n<!-- iframe plugin v.6.0 wordpress.org\/plugins\/iframe\/ -->\n<iframe loading=\"lazy\" src=\"https:\/\/www.facebook.com\/plugins\/post.php?href=https%3A%2F%2Fwww.facebook.com%2Fconcursuindumentaria%2Fposts%2Fpfbid02jocCQdHUvLu776VDHSFvepy62HFS9d88jZQ967ebM9JRv3btQ1AEj7xCV1JGNaUdl&#038;show_text=false&#038;width=500\" width=\"500\" height=\"498\" style=\"border:none;overflow:hidden\" scrolling=\"no\" frameborder=\"0\" allowfullscreen=\"true\" allow=\"autoplay; clipboard-write; encrypted-media; picture-in-picture; web-share\" 0=\"\/iframe\" class=\"iframe-class\"><\/iframe>\n<\/p>\n<\/div>\n<\/div>\n<div class=\"xu06os2 x1ok221b\">\n<div class=\"html-div xdj266r x14z9mp xat24cr x1lziwak xexx8yu xyri2b x18d9i69 x1c1uobl x1q0g3np\">\n<div dir=\"auto\">El traxe del pa\u00eds presente nel Festival Intercelticu de Lorient. Un luxu <span class=\"html-span xexx8yu xyri2b x18d9i69 x1c1uobl x1hl2dhg x16tdsg8 x1vvkbs x3nfvp2 x1j61x8r x1fcty0u xdj266r xat24cr xm2jcoa x1mpyi22 xxymvpz xlup9mm x1kky2od\"><img loading=\"lazy\" decoding=\"async\" class=\"xz74otr x15mokao x1ga7v0g x16uus16 xbiv7yw\" src=\"https:\/\/static.xx.fbcdn.net\/images\/emoji.php\/v9\/tf9\/1\/16\/1f44f_1f3fb.png\" alt=\"\ud83d\udc4f\ud83c\udffb\" width=\"16\" height=\"16\" \/><\/span><span class=\"html-span xexx8yu xyri2b x18d9i69 x1c1uobl x1hl2dhg x16tdsg8 x1vvkbs x3nfvp2 x1j61x8r x1fcty0u xdj266r xat24cr xm2jcoa x1mpyi22 xxymvpz xlup9mm x1kky2od\"><img loading=\"lazy\" decoding=\"async\" class=\"xz74otr x15mokao x1ga7v0g x16uus16 xbiv7yw\" src=\"https:\/\/static.xx.fbcdn.net\/images\/emoji.php\/v9\/tf9\/1\/16\/1f44f_1f3fb.png\" alt=\"\ud83d\udc4f\ud83c\udffb\" width=\"16\" height=\"16\" \/><\/span><span class=\"html-span xexx8yu xyri2b x18d9i69 x1c1uobl x1hl2dhg x16tdsg8 x1vvkbs x3nfvp2 x1j61x8r x1fcty0u xdj266r xat24cr xm2jcoa x1mpyi22 xxymvpz xlup9mm x1kky2od\"><img loading=\"lazy\" decoding=\"async\" class=\"xz74otr x15mokao x1ga7v0g x16uus16 xbiv7yw\" src=\"https:\/\/static.xx.fbcdn.net\/images\/emoji.php\/v9\/tf9\/1\/16\/1f44f_1f3fb.png\" alt=\"\ud83d\udc4f\ud83c\udffb\" width=\"16\" height=\"16\" \/><\/span><\/div>\n<div dir=\"auto\">Gracies <span class=\"html-span xdj266r x14z9mp xat24cr x1lziwak xexx8yu xyri2b x18d9i69 x1c1uobl x1hl2dhg x16tdsg8 x1vvkbs\"><a class=\"x1i10hfl xjbqb8w x1ejq31n x18oe1m7 x1sy0etr xstzfhl x972fbf x10w94by x1qhh985 x14e42zd x9f619 x1ypdohk xt0psk2 xe8uvvx xdj266r x14z9mp xat24cr x1lziwak xexx8yu xyri2b x18d9i69 x1c1uobl x16tdsg8 x1hl2dhg xggy1nq x1a2a7pz xkrqix3 x1sur9pj x1fey0fg x1s688f\" role=\"link\" href=\"https:\/\/www.facebook.com\/filasturias?__cft__[0]=AZXzdZbfdKHNvifQP9ApczUV6nxATzqFyyXl3YyoBD_jQJ_X3tNZVenI4ZVefsB1L03j_6YmPBx_GlGo43hAQNypEaoAAC638W9f9FJfhyK0gBXkYiaMOlCFp_KMGlpHOhMGWgiJdPYbQwOuhy47fjnMl4AHAiyQba0iKtE7CPAnhpXoBUE5hZUT9SKB1cD0gnPjEADVaLrCEvS1FMnbYnCO&amp;__tn__=-]K-R\"><span class=\"xt0psk2\"><span class=\"xjp7ctv\">Festival Interceltique de Lorient &#8211; Delegaci\u00f3n Asturiana.<\/span><\/span><\/a><\/span><\/div>\n<div dir=\"auto\">Gracies <span class=\"html-span xdj266r x14z9mp xat24cr x1lziwak xexx8yu xyri2b x18d9i69 x1c1uobl x1hl2dhg x16tdsg8 x1vvkbs\"><a class=\"x1i10hfl xjbqb8w x1ejq31n x18oe1m7 x1sy0etr xstzfhl x972fbf x10w94by x1qhh985 x14e42zd x9f619 x1ypdohk xt0psk2 xe8uvvx xdj266r x14z9mp xat24cr x1lziwak xexx8yu xyri2b x18d9i69 x1c1uobl x16tdsg8 x1hl2dhg xggy1nq x1a2a7pz xkrqix3 x1sur9pj x1fey0fg x1s688f\" role=\"link\" href=\"https:\/\/www.facebook.com\/concursuindumentaria?__cft__[0]=AZXzdZbfdKHNvifQP9ApczUV6nxATzqFyyXl3YyoBD_jQJ_X3tNZVenI4ZVefsB1L03j_6YmPBx_GlGo43hAQNypEaoAAC638W9f9FJfhyK0gBXkYiaMOlCFp_KMGlpHOhMGWgiJdPYbQwOuhy47fjnMl4AHAiyQba0iKtE7CPAnhpXoBUE5hZUT9SKB1cD0gnPjEADVaLrCEvS1FMnbYnCO&amp;__tn__=-]K-R\"><span class=\"xt0psk2\"><span class=\"xjp7ctv\">Indumentaria. D\u00eda&#8217;l traxe<\/span><\/span><\/a><\/span> pol vuesu llabor. <span class=\"html-span xexx8yu xyri2b x18d9i69 x1c1uobl x1hl2dhg x16tdsg8 x1vvkbs x3nfvp2 x1j61x8r x1fcty0u xdj266r xat24cr xm2jcoa x1mpyi22 xxymvpz xlup9mm x1kky2od\"><img loading=\"lazy\" decoding=\"async\" class=\"xz74otr x15mokao x1ga7v0g x16uus16 xbiv7yw\" src=\"https:\/\/static.xx.fbcdn.net\/images\/emoji.php\/v9\/tf9\/1\/16\/1f44f_1f3fb.png\" alt=\"\ud83d\udc4f\ud83c\udffb\" width=\"16\" height=\"16\" \/><\/span><span class=\"html-span xexx8yu xyri2b x18d9i69 x1c1uobl x1hl2dhg x16tdsg8 x1vvkbs x3nfvp2 x1j61x8r x1fcty0u xdj266r xat24cr xm2jcoa x1mpyi22 xxymvpz xlup9mm x1kky2od\"><img loading=\"lazy\" decoding=\"async\" class=\"xz74otr x15mokao x1ga7v0g x16uus16 xbiv7yw\" src=\"https:\/\/static.xx.fbcdn.net\/images\/emoji.php\/v9\/tf9\/1\/16\/1f44f_1f3fb.png\" alt=\"\ud83d\udc4f\ud83c\udffb\" width=\"16\" height=\"16\" \/><\/span><span class=\"html-span xexx8yu xyri2b x18d9i69 x1c1uobl x1hl2dhg x16tdsg8 x1vvkbs x3nfvp2 x1j61x8r x1fcty0u xdj266r xat24cr xm2jcoa x1mpyi22 xxymvpz xlup9mm x1kky2od\"><img loading=\"lazy\" decoding=\"async\" class=\"xz74otr x15mokao x1ga7v0g x16uus16 xbiv7yw\" src=\"https:\/\/static.xx.fbcdn.net\/images\/emoji.php\/v9\/tf9\/1\/16\/1f44f_1f3fb.png\" alt=\"\ud83d\udc4f\ud83c\udffb\" width=\"16\" height=\"16\" \/><\/span><\/div>\n<\/div>\n<\/div>\n<\/div>\n<\/div>\n<\/div>\n<p><!--more--><\/p>\n<div class=\"html-div xdj266r x14z9mp xat24cr x1lziwak xexx8yu xyri2b x18d9i69 x1c1uobl\" dir=\"auto\">\n<div class=\"html-div xdj266r x14z9mp xat24cr x1lziwak xexx8yu xyri2b x18d9i69 x1c1uobl\" data-ad-rendering-role=\"story_message\">\n<div class=\"x1l90r2v x1iorvi4 x1g0dm76 xpdmqnj\" data-ad-comet-preview=\"message\" data-ad-preview=\"message\">\n<div class=\"x78zum5 xdt5ytf xz62fqu x16ldp7u\">\n<div class=\"xu06os2 x1ok221b\">\n<div class=\"html-div xdj266r x14z9mp xat24cr x1lziwak xexx8yu xyri2b x18d9i69 x1c1uobl\">\n<div class=\"xdj266r x14z9mp xat24cr x1lziwak x1vvkbs x126k92a\">\n<div dir=\"auto\">L\u2019exposition El Vistir pr\u00e9sente une s\u00e9rie de portraits de personnes ayant particip\u00e9 \u00e0 Indumentaria, le Concours et la Pr\u00e9sentation de Costumes Traditionnels Asturiens \u2014 un \u00e9v\u00e9nement culturel de renom qui se tient depuis 2016 dans la ville de Grau, en Asturies, chaque dernier dimanche de septembre.<\/div>\n<div dir=\"auto\"><\/div>\n<\/div>\n<div class=\"x14z9mp xat24cr x1lziwak x1vvkbs xtlvy1s x126k92a\">\n<div dir=\"auto\">L\u2019auteur des \u0153uvres, Ojos de Hojalata, est le photographe officiel du concours. Sous le commissariat d\u2019Alberto Su\u00e1rez \u2014 directeur d\u2019Indumentaria \u2014 ces photographies s\u2019inscrivent dans un fonds documentaire plus vaste, qui met en lumi\u00e8re l\u2019authenticit\u00e9, la beaut\u00e9, la splendeur et l\u2019\u00e9l\u00e9gance de celles et ceux qui portent leurs costumes traditionnels avec une grande rigueur historique. Les portraits sont imprim\u00e9s selon la technique Gicl\u00e9e sur papier baryt\u00e9 de 365 g\/m\u00b2, offrant une qualit\u00e9 d\u2019image remarquable.<\/div>\n<\/div>\n<div class=\"x14z9mp xat24cr x1lziwak x1vvkbs xtlvy1s x126k92a\">\n<div dir=\"auto\">Le Concours Indumentaria et El d\u00eda\u2019l traxe\u2019l pa\u00eds constituent une v\u00e9ritable c\u00e9l\u00e9bration de l\u2019identit\u00e9 asturienne.<\/div>\n<div dir=\"auto\">Nous vous donnons rendez-vous le 28 septembre 2025 \u2014 soyez les bienvenus!<\/div>\n<div dir=\"auto\"><\/div>\n<div dir=\"auto\"><span class=\"html-span xdj266r x14z9mp xat24cr x1lziwak xexx8yu xyri2b x18d9i69 x1c1uobl x1hl2dhg x16tdsg8 x1vvkbs\"><a class=\"x1i10hfl xjbqb8w x1ejq31n x18oe1m7 x1sy0etr xstzfhl x972fbf x10w94by x1qhh985 x14e42zd x9f619 x1ypdohk xt0psk2 xe8uvvx xdj266r x14z9mp xat24cr x1lziwak xexx8yu xyri2b x18d9i69 x1c1uobl x16tdsg8 x1hl2dhg xggy1nq x1a2a7pz xkrqix3 x1sur9pj x1fey0fg x1s688f\" role=\"link\" href=\"https:\/\/l.facebook.com\/l.php?u=https%3A%2F%2Fwww.instagram.com%2F_u%2Ffestivalinterceltiquelorient%3Ffbclid%3DIwZXh0bgNhZW0CMTAAYnJpZBExbFlyUkF6VkFkdHJYdXZSSQEebKuQDlqU-5QrKAaVH_ERrRFJT7N5YSGbm92xpHlGVt_9V1pFX2Apjqb5Uog_aem_o3yuip7p0lnD_JWObuQmwA&amp;h=AT1kTRgxmBeS67Cqko6QkLuk0mg5w6JQLB5v_qq8wD_AxlNOn1LtSYA8iPBbIv3gpGLndrG6Ac7HzxabunGQKzFN3zec8riNxq__t95dMW9xGzIe6se590NfxpDqnXQPmzYKnJ5Px2MC4hNbgA&amp;__tn__=-UK-y-R&amp;c[0]=AT3_bZIhHCpAw2fpKlEPICfeWWVp31BEyfUdDxSWRpAN4N6NNNlD6XETr1x59jQ4bXW_W-00e_UXP094Y27uavIavwag4zo0MQZGdOhep4h1s9ETp6nGlD8m9FYv_PjndxBEOdqcSb1C1rOoGIAOePmELC0cucZ-vbs-HqWY9oDrkd_35yIq-aX-Ylhj346dkvbbo8z7FifjFLJvUScYKKsl0WiGI0dEC8m1yl5uwCbiOA\" target=\"_blank\" rel=\"nofollow noopener noreferrer\">festivalinterceltiquelorient<\/a><\/span> <span class=\"html-span xdj266r x14z9mp xat24cr x1lziwak xexx8yu xyri2b x18d9i69 x1c1uobl x1hl2dhg x16tdsg8 x1vvkbs\"><a class=\"x1i10hfl xjbqb8w x1ejq31n x18oe1m7 x1sy0etr xstzfhl x972fbf x10w94by x1qhh985 x14e42zd x9f619 x1ypdohk xt0psk2 xe8uvvx xdj266r x14z9mp xat24cr x1lziwak xexx8yu xyri2b x18d9i69 x1c1uobl x16tdsg8 x1hl2dhg xggy1nq x1a2a7pz xkrqix3 x1sur9pj x1fey0fg x1s688f\" role=\"link\" href=\"https:\/\/www.facebook.com\/hashtag\/asturies?__eep__=6&amp;__cft__[0]=AZXzdZbfdKHNvifQP9ApczUV6nxATzqFyyXl3YyoBD_jQJ_X3tNZVenI4ZVefsB1L03j_6YmPBx_GlGo43hAQNypEaoAAC638W9f9FJfhyK0gBXkYiaMOlCFp_KMGlpHOhMGWgiJdPYbQwOuhy47fjnMl4AHAiyQba0iKtE7CPAnhpXoBUE5hZUT9SKB1cD0gnPjEADVaLrCEvS1FMnbYnCO&amp;__tn__=*NK-y-R\">#asturies<\/a><\/span> <span class=\"html-span xdj266r x14z9mp xat24cr x1lziwak xexx8yu xyri2b x18d9i69 x1c1uobl x1hl2dhg x16tdsg8 x1vvkbs\"><a class=\"x1i10hfl xjbqb8w x1ejq31n x18oe1m7 x1sy0etr xstzfhl x972fbf x10w94by x1qhh985 x14e42zd x9f619 x1ypdohk xt0psk2 xe8uvvx xdj266r x14z9mp xat24cr x1lziwak xexx8yu xyri2b x18d9i69 x1c1uobl x16tdsg8 x1hl2dhg xggy1nq x1a2a7pz xkrqix3 x1sur9pj x1fey0fg x1s688f\" role=\"link\" href=\"https:\/\/www.facebook.com\/hashtag\/festivalinterceltique?__eep__=6&amp;__cft__[0]=AZXzdZbfdKHNvifQP9ApczUV6nxATzqFyyXl3YyoBD_jQJ_X3tNZVenI4ZVefsB1L03j_6YmPBx_GlGo43hAQNypEaoAAC638W9f9FJfhyK0gBXkYiaMOlCFp_KMGlpHOhMGWgiJdPYbQwOuhy47fjnMl4AHAiyQba0iKtE7CPAnhpXoBUE5hZUT9SKB1cD0gnPjEADVaLrCEvS1FMnbYnCO&amp;__tn__=*NK-y-R\">#festivalinterceltique<\/a><\/span> <span class=\"html-span xdj266r x14z9mp xat24cr x1lziwak xexx8yu xyri2b x18d9i69 x1c1uobl x1hl2dhg x16tdsg8 x1vvkbs\"><a class=\"x1i10hfl xjbqb8w x1ejq31n x18oe1m7 x1sy0etr xstzfhl x972fbf x10w94by x1qhh985 x14e42zd x9f619 x1ypdohk xt0psk2 xe8uvvx xdj266r x14z9mp xat24cr x1lziwak xexx8yu xyri2b x18d9i69 x1c1uobl x16tdsg8 x1hl2dhg xggy1nq x1a2a7pz xkrqix3 x1sur9pj x1fey0fg x1s688f\" role=\"link\" href=\"https:\/\/www.facebook.com\/hashtag\/festivalinterceltiquelorient?__eep__=6&amp;__cft__[0]=AZXzdZbfdKHNvifQP9ApczUV6nxATzqFyyXl3YyoBD_jQJ_X3tNZVenI4ZVefsB1L03j_6YmPBx_GlGo43hAQNypEaoAAC638W9f9FJfhyK0gBXkYiaMOlCFp_KMGlpHOhMGWgiJdPYbQwOuhy47fjnMl4AHAiyQba0iKtE7CPAnhpXoBUE5hZUT9SKB1cD0gnPjEADVaLrCEvS1FMnbYnCO&amp;__tn__=*NK-y-R\">#festivalinterceltiquelorient<\/a><\/span> <span class=\"html-span xdj266r x14z9mp xat24cr x1lziwak xexx8yu xyri2b x18d9i69 x1c1uobl x1hl2dhg x16tdsg8 x1vvkbs\"><a class=\"x1i10hfl xjbqb8w x1ejq31n x18oe1m7 x1sy0etr xstzfhl x972fbf x10w94by x1qhh985 x14e42zd x9f619 x1ypdohk xt0psk2 xe8uvvx xdj266r x14z9mp xat24cr x1lziwak xexx8yu xyri2b x18d9i69 x1c1uobl x16tdsg8 x1hl2dhg xggy1nq x1a2a7pz xkrqix3 x1sur9pj x1fey0fg x1s688f\" role=\"link\" href=\"https:\/\/www.facebook.com\/hashtag\/indumentariatradicional?__eep__=6&amp;__cft__[0]=AZXzdZbfdKHNvifQP9ApczUV6nxATzqFyyXl3YyoBD_jQJ_X3tNZVenI4ZVefsB1L03j_6YmPBx_GlGo43hAQNypEaoAAC638W9f9FJfhyK0gBXkYiaMOlCFp_KMGlpHOhMGWgiJdPYbQwOuhy47fjnMl4AHAiyQba0iKtE7CPAnhpXoBUE5hZUT9SKB1cD0gnPjEADVaLrCEvS1FMnbYnCO&amp;__tn__=*NK-y-R\">#IndumentariaTradicional<\/a><\/span><\/div>\n<div dir=\"auto\"><span class=\"html-span xdj266r x14z9mp xat24cr x1lziwak xexx8yu xyri2b x18d9i69 x1c1uobl x1hl2dhg x16tdsg8 x1vvkbs\">@fans destacados<\/span><\/div>\n<div dir=\"auto\"><span class=\"html-span xdj266r x14z9mp xat24cr x1lziwak xexx8yu xyri2b x18d9i69 x1c1uobl x1hl2dhg x16tdsg8 x1vvkbs\"><a class=\"x1i10hfl xjbqb8w x1ejq31n x18oe1m7 x1sy0etr xstzfhl x972fbf x10w94by x1qhh985 x14e42zd x9f619 x1ypdohk xt0psk2 xe8uvvx xdj266r x14z9mp xat24cr x1lziwak xexx8yu xyri2b x18d9i69 x1c1uobl x16tdsg8 x1hl2dhg xggy1nq x1a2a7pz xkrqix3 x1sur9pj x1fey0fg x1s688f\" role=\"link\" href=\"https:\/\/www.facebook.com\/filasturias?__cft__[0]=AZXzdZbfdKHNvifQP9ApczUV6nxATzqFyyXl3YyoBD_jQJ_X3tNZVenI4ZVefsB1L03j_6YmPBx_GlGo43hAQNypEaoAAC638W9f9FJfhyK0gBXkYiaMOlCFp_KMGlpHOhMGWgiJdPYbQwOuhy47fjnMl4AHAiyQba0iKtE7CPAnhpXoBUE5hZUT9SKB1cD0gnPjEADVaLrCEvS1FMnbYnCO&amp;__tn__=-]K-y-R\"><span class=\"xt0psk2\"><span class=\"xjp7ctv\">Festival Interceltique de Lorient &#8211; Delegaci\u00f3n Asturiana.<\/span><\/span><\/a><\/span><\/div>\n<\/div>\n<\/div>\n<\/div>\n<\/div>\n<\/div>\n<\/div>\n<\/div>\n","protected":false},"excerpt":{"rendered":"<p>Indumentaria. D\u00eda&#8217;l traxe El traxe del pa\u00eds presente nel Festival Intercelticu de Lorient. Un luxu Gracies Festival Interceltique de Lorient &#8211; Delegaci\u00f3n Asturiana. Gracies Indumentaria. D\u00eda&#8217;l traxe pol vuesu llabor.<\/p>\n","protected":false},"author":117,"featured_media":0,"comment_status":"closed","ping_status":"open","sticky":false,"template":"","format":"standard","meta":{"footnotes":""},"categories":[210,1],"tags":[],"class_list":["post-52214","post","type-post","status-publish","format-standard","hentry","category-indumentaria","category-sin-categoria"],"_links":{"self":[{"href":"https:\/\/edublog.educastur.es\/ixuxu\/wp-json\/wp\/v2\/posts\/52214","targetHints":{"allow":["GET"]}}],"collection":[{"href":"https:\/\/edublog.educastur.es\/ixuxu\/wp-json\/wp\/v2\/posts"}],"about":[{"href":"https:\/\/edublog.educastur.es\/ixuxu\/wp-json\/wp\/v2\/types\/post"}],"author":[{"embeddable":true,"href":"https:\/\/edublog.educastur.es\/ixuxu\/wp-json\/wp\/v2\/users\/117"}],"replies":[{"embeddable":true,"href":"https:\/\/edublog.educastur.es\/ixuxu\/wp-json\/wp\/v2\/comments?post=52214"}],"version-history":[{"count":2,"href":"https:\/\/edublog.educastur.es\/ixuxu\/wp-json\/wp\/v2\/posts\/52214\/revisions"}],"predecessor-version":[{"id":52216,"href":"https:\/\/edublog.educastur.es\/ixuxu\/wp-json\/wp\/v2\/posts\/52214\/revisions\/52216"}],"wp:attachment":[{"href":"https:\/\/edublog.educastur.es\/ixuxu\/wp-json\/wp\/v2\/media?parent=52214"}],"wp:term":[{"taxonomy":"category","embeddable":true,"href":"https:\/\/edublog.educastur.es\/ixuxu\/wp-json\/wp\/v2\/categories?post=52214"},{"taxonomy":"post_tag","embeddable":true,"href":"https:\/\/edublog.educastur.es\/ixuxu\/wp-json\/wp\/v2\/tags?post=52214"}],"curies":[{"name":"wp","href":"https:\/\/api.w.org\/{rel}","templated":true}]}}